{"id":188209,"date":"2018-08-21T13:11:39","date_gmt":"2018-08-21T16:11:39","guid":{"rendered":"http:\/\/notinor.com\/jujuy\/?p=188209"},"modified":"2018-08-21T13:11:39","modified_gmt":"2018-08-21T16:11:39","slug":"los-medicos-venezolanos-trabajan-en-el-primer-nivel-de-atencion","status":"publish","type":"post","link":"https:\/\/notinor.com\/jujuy\/los-medicos-venezolanos-trabajan-en-el-primer-nivel-de-atencion\/","title":{"rendered":"Los M\u00e9dicos Venezolanos trabajan en el Primer Nivel de Atenci\u00f3n"},"content":{"rendered":"<p>\u201cLos colegas venezolanos se encuentran en calidad de empezar a trabajar en nuestro sistema, ya que cuentan con todos los tr\u00e1mites correspondientes\u201d, sostuvo el Ministro de Salud Gustavo Bouhid en el marco de un encuentro que mantuvo con los profesionales para terminar de marcar los lineamientos con los que se est\u00e1 trabajando a trav\u00e9s del plan estrat\u00e9gico, el cual aspira a volver a las ra\u00edces de lo que fue el proyecto original de Carlos Alvarado.<\/p>\n<p>Luego a\u00f1adi\u00f3 que \u201cya estuvieron capacit\u00e1ndose y conociendo las pol\u00edticas sanitarias, como as\u00ed tambi\u00e9n las problem\u00e1ticas que nos interesa apuntar para disminuir los \u00edndices en cuanto al consumo de sustancias, las enfermedades de transmisi\u00f3n sexual, la obesidad infantil, entre otras\u201d.<\/p>\n<p>Luego explic\u00f3 que \u201cla necesidad de incorporar los m\u00e9dicos venezolanos radica en que los pueblos peque\u00f1os y m\u00e1s alejados de Jujuy reciben atenci\u00f3n una vez al mes o cada tres meses por falta de profesionales que quieran ir al interior, motivo por el cual lo que se busca es reducir la brecha de inequidad existente de aqu\u00e9llos que no cuentan con accesibilidad \u201c, indic\u00f3 Bouhid y resalt\u00f3 que \u201cla mejor inversi\u00f3n que puede hacer el pa\u00eds y a lo que se est\u00e1 apuntando es a tener un m\u00e9dico por cada puesto de salud; para que pueda prevenir y no que s\u00f3lo atienda las consecuencias en el hospital central\u201d, acentu\u00f3.<\/p>\n<p>En la oportunidad Wilmer Bracho, uno de los m\u00e9dicos generalistas de Venezuela que prestar\u00e1 servicio en Jujuy, se mostr\u00f3 agradecido por el recibimiento de la Provincia y comunic\u00f3 que estuvieron \u201cestudiando la geograf\u00eda juje\u00f1a y conociendo el terreno para poder integrarnos a la comunidad, siendo que con mucho orgullo estamos dispuestos a trabajar en los sectores perif\u00e9ricos donde existen m\u00e1s carencias\u201d, afirm\u00f3 y seguidamente agreg\u00f3 que sus \u201cdocumentos han sido debidamente verificados y certificados como legales, y existen alrededor de 450 m\u00e9dicos venezolanos que tienen intenciones de tramitar la revalidaci\u00f3n y a la espera del llamado para venir a fortalecer la salud p\u00fablica en esta Provincia del norte argentino\u201d, concluy\u00f3 el profesional.<\/p>\n","protected":false},"excerpt":{"rendered":"<p>\u201cLos colegas venezolanos se encuentran en calidad de empezar a trabajar en nuestro sistema, ya que cuentan con todos los tr\u00e1mites correspondientes\u201d, sostuvo el Ministro de Salud Gustavo Bouhid en el marco de un encuentro que mantuvo con los profesionales para terminar de marcar los lineamientos con los que se est\u00e1 trabajando a trav\u00e9s del [&hellip;]<\/p>\n","protected":false},"author":5,"featured_media":188211,"comment_status":"open","ping_status":"open","sticky":false,"template":"","format":"standard","meta":{"_stopmodifiedupdate":false,"_modified_date":"","inline_featured_image":false},"categories":[514],"tags":[],"jetpack_featured_media_url":"https:\/\/notinor.com\/jujuy\/wp-content\/uploads\/2018\/08\/medicos-venezolanos-1140x762.jpg","_links":{"self":[{"href":"https:\/\/notinor.com\/jujuy\/wp-json\/wp\/v2\/posts\/188209"}],"collection":[{"href":"https:\/\/notinor.com\/jujuy\/wp-json\/wp\/v2\/posts"}],"about":[{"href":"https:\/\/notinor.com\/jujuy\/wp-json\/wp\/v2\/types\/post"}],"author":[{"embeddable":true,"href":"https:\/\/notinor.com\/jujuy\/wp-json\/wp\/v2\/users\/5"}],"replies":[{"embeddable":true,"href":"https:\/\/notinor.com\/jujuy\/wp-json\/wp\/v2\/comments?post=188209"}],"version-history":[{"count":2,"href":"https:\/\/notinor.com\/jujuy\/wp-json\/wp\/v2\/posts\/188209\/revisions"}],"predecessor-version":[{"id":188212,"href":"https:\/\/notinor.com\/jujuy\/wp-json\/wp\/v2\/posts\/188209\/revisions\/188212"}],"wp:featuredmedia":[{"embeddable":true,"href":"https:\/\/notinor.com\/jujuy\/wp-json\/wp\/v2\/media\/188211"}],"wp:attachment":[{"href":"https:\/\/notinor.com\/jujuy\/wp-json\/wp\/v2\/media?parent=188209"}],"wp:term":[{"taxonomy":"category","embeddable":true,"href":"https:\/\/notinor.com\/jujuy\/wp-json\/wp\/v2\/categories?post=188209"},{"taxonomy":"post_tag","embeddable":true,"href":"https:\/\/notinor.com\/jujuy\/wp-json\/wp\/v2\/tags?post=188209"}],"curies":[{"name":"wp","href":"https:\/\/api.w.org\/{rel}","templated":true}]}}