{"id":188208,"date":"2018-08-21T15:14:35","date_gmt":"2018-08-21T18:14:35","guid":{"rendered":"http:\/\/notinor.com\/jujuy\/?p=188208"},"modified":"2018-08-21T15:14:35","modified_gmt":"2018-08-21T18:14:35","slug":"la-conmebol-quiere-aplicar-el-var-desde-octavos-de-final-para-la-copa-libertadores-2019","status":"publish","type":"post","link":"https:\/\/notinor.com\/jujuy\/la-conmebol-quiere-aplicar-el-var-desde-octavos-de-final-para-la-copa-libertadores-2019\/","title":{"rendered":"La Conmebol quiere aplicar el VAR desde octavos de final para la Copa Libertadores 2019"},"content":{"rendered":"<p><strong><em><a href=\"http:\/\/notinor.com\/jujuy\/la-conmebol-quiere-aplicar-el-var-desde-octavos-de-final-para-la-copa-libertadores-2019\/2-302\/\" rel=\"attachment wp-att-188225\"><img decoding=\"async\" loading=\"lazy\" class=\"alignnone size-large wp-image-188225\" src=\"http:\/\/notinor.com\/jujuy\/wp-content\/uploads\/2018\/08\/2-82-721x480.jpg\" alt=\"\" width=\"721\" height=\"480\" srcset=\"https:\/\/notinor.com\/jujuy\/wp-content\/uploads\/2018\/08\/2-82-721x480.jpg 721w, https:\/\/notinor.com\/jujuy\/wp-content\/uploads\/2018\/08\/2-82-548x365.jpg 548w, https:\/\/notinor.com\/jujuy\/wp-content\/uploads\/2018\/08\/2-82-768x512.jpg 768w, https:\/\/notinor.com\/jujuy\/wp-content\/uploads\/2018\/08\/2-82-400x266.jpg 400w, https:\/\/notinor.com\/jujuy\/wp-content\/uploads\/2018\/08\/2-82.jpg 1033w\" sizes=\"(max-width: 721px) 100vw, 721px\" \/><\/a><\/em><\/strong><\/p>\n<p><strong><em>La Copa Libertadores, el trofeo m\u00e1s preciado a nivel sudamericano de clubes\u00a0<\/em><\/strong><\/p>\n<p class=\"capital\">\n<p>\"La intenci\u00f3n es utilizar el VAR desde octavos en 2019\", dijo el presidente de la Conmebol, el paraguayo Alejandro Dominguez. La cuesti\u00f3n se debati\u00f3 el lunes en una reuni\u00f3n en Asunci\u00f3n entre el presidente de la Conmebol y los presidentes de los 16 clubes calificados para los octavos de final de la Copa Libertadores de 2018.<\/p>\n<p>Los presidentes de Flamengo, Corinthians, Palmeiras, Cruzeiro, Gremio, Santos (Brasil), River, Boca, Racing, Independiente, Estudiantes, Atl\u00e9tico Tucum\u00e1n (Argentina), Cerro Porte\u00f1o, Libertad (Paraguay), Atl\u00e9tico Nacional (Colombia) y Colo Colo (Chile) integran la subcomisi\u00f3n de clubes que tiene como misi\u00f3n, por un a\u00f1o, de dialogar con la Conmebol.<\/p>\n<p>El uso del VAR en forma regular es una de las pretensiones principales de los clubes as\u00ed como el aumento de las premiaciones. Ambos temas fueron debatidos y los c\u00e1lculos administrativos y financieros para su aplicaci\u00f3n est\u00e1n en poder de la c\u00fapula que dirige el f\u00fatbol sudamericano.<\/p>\n<p class=\"destacado\">Este a\u00f1o, el VAR se utilizar\u00e1 a partir de cuartos de final tanto en la Copa Libertadores como en la Copa Sudamericana.<\/p>\n<p>Romildo Bolzan, presidente del Gremio de Porto Alegre, campe\u00f3n vigente de la Copa Libertadores, expres\u00f3 satisfacci\u00f3n por el encuentro de dirigentes de clubes y consider\u00f3 la experiencia articulada por la Conmebol como \"un paso trascendental hacia la transparencia\".<\/p>\n<p>A su turno, Juan David P\u00e9rez, del Atl\u00e9tico Medell\u00edn, campe\u00f3n de la Libertadores en 2017, ponder\u00f3 la din\u00e1mica emprendida por la organizaci\u00f3n para actualizar las competiciones y ponerlas a la altura de los torneos organizados por la UEFA.<\/p>\n<p>\"Europa nos lleva ventaja pero creo que el esfuerzo del presidente de la Confederaci\u00f3n, que es bastante apreciable ya habr\u00e1 de dar buenos resultados en los pr\u00f3ximos meses\", subray\u00f3.<\/p>\n","protected":false},"excerpt":{"rendered":"<p>La Copa Libertadores, el trofeo m\u00e1s preciado a nivel sudamericano de clubes\u00a0 \"La intenci\u00f3n es utilizar el VAR desde octavos en 2019\", dijo el presidente de la Conmebol, el paraguayo Alejandro Dominguez. La cuesti\u00f3n se debati\u00f3 el lunes en una reuni\u00f3n en Asunci\u00f3n entre el presidente de la Conmebol y los presidentes de los 16 [&hellip;]<\/p>\n","protected":false},"author":1,"featured_media":188225,"comment_status":"open","ping_status":"open","sticky":false,"template":"","format":"standard","meta":{"_stopmodifiedupdate":false,"_modified_date":"","inline_featured_image":false},"categories":[7],"tags":[],"jetpack_featured_media_url":"https:\/\/notinor.com\/jujuy\/wp-content\/uploads\/2018\/08\/2-82.jpg","_links":{"self":[{"href":"https:\/\/notinor.com\/jujuy\/wp-json\/wp\/v2\/posts\/188208"}],"collection":[{"href":"https:\/\/notinor.com\/jujuy\/wp-json\/wp\/v2\/posts"}],"about":[{"href":"https:\/\/notinor.com\/jujuy\/wp-json\/wp\/v2\/types\/post"}],"author":[{"embeddable":true,"href":"https:\/\/notinor.com\/jujuy\/wp-json\/wp\/v2\/users\/1"}],"replies":[{"embeddable":true,"href":"https:\/\/notinor.com\/jujuy\/wp-json\/wp\/v2\/comments?post=188208"}],"version-history":[{"count":3,"href":"https:\/\/notinor.com\/jujuy\/wp-json\/wp\/v2\/posts\/188208\/revisions"}],"predecessor-version":[{"id":188228,"href":"https:\/\/notinor.com\/jujuy\/wp-json\/wp\/v2\/posts\/188208\/revisions\/188228"}],"wp:featuredmedia":[{"embeddable":true,"href":"https:\/\/notinor.com\/jujuy\/wp-json\/wp\/v2\/media\/188225"}],"wp:attachment":[{"href":"https:\/\/notinor.com\/jujuy\/wp-json\/wp\/v2\/media?parent=188208"}],"wp:term":[{"taxonomy":"category","embeddable":true,"href":"https:\/\/notinor.com\/jujuy\/wp-json\/wp\/v2\/categories?post=188208"},{"taxonomy":"post_tag","embeddable":true,"href":"https:\/\/notinor.com\/jujuy\/wp-json\/wp\/v2\/tags?post=188208"}],"curies":[{"name":"wp","href":"https:\/\/api.w.org\/{rel}","templated":true}]}}