{"id":188197,"date":"2018-08-21T11:35:54","date_gmt":"2018-08-21T14:35:54","guid":{"rendered":"http:\/\/notinor.com\/jujuy\/?p=188197"},"modified":"2018-08-21T11:39:55","modified_gmt":"2018-08-21T14:39:55","slug":"jorge-corcho-rodriguez-nego-vinculos-con-presuntas-coimas-en-la-obra-publica","status":"publish","type":"post","link":"https:\/\/notinor.com\/jujuy\/jorge-corcho-rodriguez-nego-vinculos-con-presuntas-coimas-en-la-obra-publica\/","title":{"rendered":"Jorge \"Corcho\" Rodr\u00edguez neg\u00f3 v\u00ednculos con presuntas coimas en la obra p\u00fablica"},"content":{"rendered":"<p style=\"text-align: center;\"><a href=\"http:\/\/notinor.com\/jujuy\/jorge-corcho-rodriguez-nego-vinculos-con-presuntas-coimas-en-la-obra-publica\/corcho-rodriguez05172018-308533\/\" rel=\"attachment wp-att-188199\"><img decoding=\"async\" loading=\"lazy\" class=\"alignnone size-medium wp-image-188199\" src=\"http:\/\/notinor.com\/jujuy\/wp-content\/uploads\/2018\/08\/corcho-rodriguez05172018-308533-650x365.jpg\" alt=\"\" width=\"650\" height=\"365\" srcset=\"https:\/\/notinor.com\/jujuy\/wp-content\/uploads\/2018\/08\/corcho-rodriguez05172018-308533-650x365.jpg 650w, https:\/\/notinor.com\/jujuy\/wp-content\/uploads\/2018\/08\/corcho-rodriguez05172018-308533-500x280.jpg 500w, https:\/\/notinor.com\/jujuy\/wp-content\/uploads\/2018\/08\/corcho-rodriguez05172018-308533-768x432.jpg 768w, https:\/\/notinor.com\/jujuy\/wp-content\/uploads\/2018\/08\/corcho-rodriguez05172018-308533.jpg 840w\" sizes=\"(max-width: 650px) 100vw, 650px\" \/><\/a><\/p>\n<p>El empresario Jorge \"Corcho\" Rodr\u00edguez se present\u00f3 este martes de modo espont\u00e1neo\u00a0en los tribunales de Comodoro Py para declarar ante el juez Claudio Bonadio, en el marco de la causa\u00a0en la que se investigan presuntas coimas en obras p\u00fablicas. Ante el magistrado neg\u00f3 v\u00ednculos con los supuestos sobornos.<\/p>\n<p>Seg\u00fan trascendi\u00f3, en los cuadernos que dijo haber escrito el chofer Oscar Centeno se mencion\u00f3 una visita a un domicilio en la localidad bonaerense de Munro ocurrida en 2013 y Rodr\u00edguez indic\u00f3 que se trata de un inmueble con el que tiene relaci\u00f3n a partir de 2014, por lo que no tiene informaci\u00f3n ni v\u00ednculo con la menci\u00f3n, inform\u00f3 la agencia Noticias Argentinas.<\/p>\n<p>El empresario se sum\u00f3 a la lista de personajes que figuran en la causa de coimas en la obra p\u00fablica que se desat\u00f3 tras la aparici\u00f3n de las anotaciones de\u00a0Centeno,\u00a0exchofer de\u00a0Roberto Baratta, encargado de recolectar y repartir el pago de los empresarios para la recaudaci\u00f3n K.<\/p>\n<p>El exnovio de\u00a0Susana Gim\u00e9nez\u00a0qued\u00f3 involucrado en el caso\u00a0Lava Jato\u00a0como valijero, donde se investiga el\u00a0pago de coimas\u00a0a funcionarios de la empresa brasile\u00f1a\u00a0Odebrecht.<\/p>\n<p>La justicia federal hab\u00eda ordenado en mayo la prohibici\u00f3n de salida del pa\u00eds de\u00a0Rodr\u00edguez, en el marco de la causa por los presuntos sobreprecios de las obras de las plantas potabilizadoras de Aysa, una de las investigaciones que involucran a la brasile\u00f1a Odebrecht en Argentina.<\/p>\n","protected":false},"excerpt":{"rendered":"<p>El empresario Jorge \"Corcho\" Rodr\u00edguez se present\u00f3 este martes de modo espont\u00e1neo\u00a0en los tribunales de Comodoro Py para declarar ante el juez Claudio Bonadio, en el marco de la causa\u00a0en la que se investigan presuntas coimas en obras p\u00fablicas. Ante el magistrado neg\u00f3 v\u00ednculos con los supuestos sobornos. Seg\u00fan trascendi\u00f3, en los cuadernos que dijo [&hellip;]<\/p>\n","protected":false},"author":1,"featured_media":188199,"comment_status":"open","ping_status":"open","sticky":false,"template":"","format":"standard","meta":{"_stopmodifiedupdate":false,"_modified_date":"","inline_featured_image":false},"categories":[5],"tags":[],"jetpack_featured_media_url":"https:\/\/notinor.com\/jujuy\/wp-content\/uploads\/2018\/08\/corcho-rodriguez05172018-308533.jpg","_links":{"self":[{"href":"https:\/\/notinor.com\/jujuy\/wp-json\/wp\/v2\/posts\/188197"}],"collection":[{"href":"https:\/\/notinor.com\/jujuy\/wp-json\/wp\/v2\/posts"}],"about":[{"href":"https:\/\/notinor.com\/jujuy\/wp-json\/wp\/v2\/types\/post"}],"author":[{"embeddable":true,"href":"https:\/\/notinor.com\/jujuy\/wp-json\/wp\/v2\/users\/1"}],"replies":[{"embeddable":true,"href":"https:\/\/notinor.com\/jujuy\/wp-json\/wp\/v2\/comments?post=188197"}],"version-history":[{"count":3,"href":"https:\/\/notinor.com\/jujuy\/wp-json\/wp\/v2\/posts\/188197\/revisions"}],"predecessor-version":[{"id":188201,"href":"https:\/\/notinor.com\/jujuy\/wp-json\/wp\/v2\/posts\/188197\/revisions\/188201"}],"wp:featuredmedia":[{"embeddable":true,"href":"https:\/\/notinor.com\/jujuy\/wp-json\/wp\/v2\/media\/188199"}],"wp:attachment":[{"href":"https:\/\/notinor.com\/jujuy\/wp-json\/wp\/v2\/media?parent=188197"}],"wp:term":[{"taxonomy":"category","embeddable":true,"href":"https:\/\/notinor.com\/jujuy\/wp-json\/wp\/v2\/categories?post=188197"},{"taxonomy":"post_tag","embeddable":true,"href":"https:\/\/notinor.com\/jujuy\/wp-json\/wp\/v2\/tags?post=188197"}],"curies":[{"name":"wp","href":"https:\/\/api.w.org\/{rel}","templated":true}]}}