{"id":188193,"date":"2018-08-21T11:27:24","date_gmt":"2018-08-21T14:27:24","guid":{"rendered":"http:\/\/notinor.com\/jujuy\/?p=188193"},"modified":"2018-08-21T11:27:24","modified_gmt":"2018-08-21T14:27:24","slug":"fallecio-mecha-la-esposa-de-ricardo-vilca","status":"publish","type":"post","link":"https:\/\/notinor.com\/jujuy\/fallecio-mecha-la-esposa-de-ricardo-vilca\/","title":{"rendered":"Fallecio \"Mecha\", la esposa de Ricardo Vilca"},"content":{"rendered":"<p><a href=\"http:\/\/notinor.com\/jujuy\/fallecio-mecha-la-esposa-de-ricardo-vilca\/mecha-gonzales\/\" rel=\"attachment wp-att-188194\"><img decoding=\"async\" loading=\"lazy\" class=\"size-full wp-image-188194 aligncenter\" src=\"http:\/\/notinor.com\/jujuy\/wp-content\/uploads\/2018\/08\/mecha-gonzales.jpg\" alt=\"\" width=\"640\" height=\"360\" srcset=\"https:\/\/notinor.com\/jujuy\/wp-content\/uploads\/2018\/08\/mecha-gonzales.jpg 640w, https:\/\/notinor.com\/jujuy\/wp-content\/uploads\/2018\/08\/mecha-gonzales-500x280.jpg 500w\" sizes=\"(max-width: 640px) 100vw, 640px\" \/><\/a><\/p>\n<p>Mercedes Gonzales, mas conocida como \"Mecha\" y se\u00f1ora del prestigioso folclorista Ricardo Vilca, falleci\u00f3 esta madrugda en San Salvador de Jujuy.<\/p>\n<p>\"Mecha\" sufr\u00eda una enfermedad terminal y estaba internada en Humahuaca. El lunes al mediod\u00eda, fue derivada a una cl\u00ednica en San Salvador de Jujuy, donde hoy a las 3.15 falleci\u00f3.<\/p>\n<p>Con 58 a\u00f1os de edad, viv\u00eda en su casa, conocida como \"La casa de Ricardo Vilca\", ubicada en calle Santa Fe 230 a pocos metros de la explanada del Monumento a los H\u00e9roes de la Independencia, junto a sus tres hijos: Dante, Violeta y Juanita.<\/p>\n<p>Mercedes, fue el pilar donde el compositor y guitarrista Ricardo Vilca, (fallecido en junio del 2007), se apoy\u00f3 a lo largo de su formaci\u00f3n y consagraci\u00f3n art\u00edstica.<\/p>\n<p>El velorio de sus restos mortales, ser\u00e1 desde el mediod\u00eda en su domicilio y ma\u00f1ana en la ma\u00f1ana, la inhumanci\u00f3n en el cementerio de Humahuaca.<\/p>\n","protected":false},"excerpt":{"rendered":"<p>Mercedes Gonzales, mas conocida como \"Mecha\" y se\u00f1ora del prestigioso folclorista Ricardo Vilca, falleci\u00f3 esta madrugda en San Salvador de Jujuy. \"Mecha\" sufr\u00eda una enfermedad terminal y estaba internada en Humahuaca. El lunes al mediod\u00eda, fue derivada a una cl\u00ednica en San Salvador de Jujuy, donde hoy a las 3.15 falleci\u00f3. Con 58 a\u00f1os de [&hellip;]<\/p>\n","protected":false},"author":1,"featured_media":188194,"comment_status":"open","ping_status":"open","sticky":false,"template":"","format":"standard","meta":{"_stopmodifiedupdate":false,"_modified_date":"","inline_featured_image":false},"categories":[13],"tags":[],"jetpack_featured_media_url":"https:\/\/notinor.com\/jujuy\/wp-content\/uploads\/2018\/08\/mecha-gonzales.jpg","_links":{"self":[{"href":"https:\/\/notinor.com\/jujuy\/wp-json\/wp\/v2\/posts\/188193"}],"collection":[{"href":"https:\/\/notinor.com\/jujuy\/wp-json\/wp\/v2\/posts"}],"about":[{"href":"https:\/\/notinor.com\/jujuy\/wp-json\/wp\/v2\/types\/post"}],"author":[{"embeddable":true,"href":"https:\/\/notinor.com\/jujuy\/wp-json\/wp\/v2\/users\/1"}],"replies":[{"embeddable":true,"href":"https:\/\/notinor.com\/jujuy\/wp-json\/wp\/v2\/comments?post=188193"}],"version-history":[{"count":2,"href":"https:\/\/notinor.com\/jujuy\/wp-json\/wp\/v2\/posts\/188193\/revisions"}],"predecessor-version":[{"id":188196,"href":"https:\/\/notinor.com\/jujuy\/wp-json\/wp\/v2\/posts\/188193\/revisions\/188196"}],"wp:featuredmedia":[{"embeddable":true,"href":"https:\/\/notinor.com\/jujuy\/wp-json\/wp\/v2\/media\/188194"}],"wp:attachment":[{"href":"https:\/\/notinor.com\/jujuy\/wp-json\/wp\/v2\/media?parent=188193"}],"wp:term":[{"taxonomy":"category","embeddable":true,"href":"https:\/\/notinor.com\/jujuy\/wp-json\/wp\/v2\/categories?post=188193"},{"taxonomy":"post_tag","embeddable":true,"href":"https:\/\/notinor.com\/jujuy\/wp-json\/wp\/v2\/tags?post=188193"}],"curies":[{"name":"wp","href":"https:\/\/api.w.org\/{rel}","templated":true}]}}