{"id":188190,"date":"2018-08-21T12:05:08","date_gmt":"2018-08-21T15:05:08","guid":{"rendered":"http:\/\/notinor.com\/jujuy\/?p=188190"},"modified":"2018-08-21T12:09:56","modified_gmt":"2018-08-21T15:09:56","slug":"mas-de-55-millones-de-pesos-es-el-impacto-economico-total","status":"publish","type":"post","link":"https:\/\/notinor.com\/jujuy\/mas-de-55-millones-de-pesos-es-el-impacto-economico-total\/","title":{"rendered":"M\u00e1s de 55 millones de pesos es el impacto econ\u00f3mico total"},"content":{"rendered":"<div id=\"wrap\">\n<div id=\"content\">\n<div class=\"post-41673 post type-post status-publish format-standard has-post-thumbnail hentry category-cultura-y-turismo\">\n<div class=\"container-inner\">\n<div class=\"row\">\n<div class=\"span12\">\n<div class=\"post-header\"><\/div>\n<\/div>\n<\/div>\n<\/div>\n<div class=\"post-content\">\n<p><img decoding=\"async\" loading=\"lazy\" class=\" wp-image-41674 aligncenter\" src=\"http:\/\/prensa.jujuy.gob.ar\/wp-content\/uploads\/sites\/37\/2018\/08\/82cc824e-911a-4abf-b482-3792e10ada76.jpg\" sizes=\"(max-width: 806px) 100vw, 806px\" srcset=\"http:\/\/prensa.jujuy.gob.ar\/wp-content\/uploads\/sites\/37\/2018\/08\/82cc824e-911a-4abf-b482-3792e10ada76.jpg 1280w, http:\/\/prensa.jujuy.gob.ar\/wp-content\/uploads\/sites\/37\/2018\/08\/82cc824e-911a-4abf-b482-3792e10ada76-300x169.jpg 300w, http:\/\/prensa.jujuy.gob.ar\/wp-content\/uploads\/sites\/37\/2018\/08\/82cc824e-911a-4abf-b482-3792e10ada76-768x432.jpg 768w, http:\/\/prensa.jujuy.gob.ar\/wp-content\/uploads\/sites\/37\/2018\/08\/82cc824e-911a-4abf-b482-3792e10ada76-1024x576.jpg 1024w, http:\/\/prensa.jujuy.gob.ar\/wp-content\/uploads\/sites\/37\/2018\/08\/82cc824e-911a-4abf-b482-3792e10ada76-600x338.jpg 600w, http:\/\/prensa.jujuy.gob.ar\/wp-content\/uploads\/sites\/37\/2018\/08\/82cc824e-911a-4abf-b482-3792e10ada76-1140x641.jpg 1140w, http:\/\/prensa.jujuy.gob.ar\/wp-content\/uploads\/sites\/37\/2018\/08\/82cc824e-911a-4abf-b482-3792e10ada76-480x270.jpg 480w, http:\/\/prensa.jujuy.gob.ar\/wp-content\/uploads\/sites\/37\/2018\/08\/82cc824e-911a-4abf-b482-3792e10ada76-960x540.jpg 960w\" alt=\"\" width=\"806\" height=\"454\" \/><\/p>\n<div class=\"mceTemp\">\n<div class=\"mceTemp\">\n<p>En toda la provincia hubo una ocupaci\u00f3n promedio del 76 por ciento, donde los 11.214 turistas pernoctaron 2,2 noches en promedio, as\u00ed lo refleja el 70 por ciento de ocupaci\u00f3n en Valles, el 85 en la Quebrada \u2013siempre el de mayor demanda-, el 49 en Puna, el 53 en Yungas, y el 71 por ciento de ocupaci\u00f3n en San Salvador de Jujuy, registr\u00e1ndose un impacto econ\u00f3mico de 40,460 millones de pesos solo en Alojamientos Registrados.<\/p>\n<p>\u201cLos n\u00fameros reflejan un excelente fin de semana largo en la provincia, los resultados obtenidos no hacen m\u00e1s que ratificar el camino del desarrollo y fortalecimiento tur\u00edstico que se comenz\u00f3 a transitar\u201d, expres\u00f3 el ministro de Cultura y Turismo, Federico Posadas.<\/p>\n<p>Basado en los datos del Observatorio Tur\u00edstico del organismo provincial, el d\u00eda con mayor ocupaci\u00f3n en \u201cHoteles y hoster\u00edas\u201d fue la de domingo 19 en toda la provincia. El relevamiento permiti\u00f3 destacar que las localidades de mejor resultado fueron Termas de Reyes (91,8 por ciento), Maimar\u00e1, Huacalera, Tilcara, Purmamarca, San Salvador de Jujuy, seguidas de Libertador, Caimancito y San Francisco, en las Yungas, con un promedio de 60% de ocupaci\u00f3n.<br \/>\n\u201cEs posible afirmar tambi\u00e9n \u2013continu\u00f3 el funcionario- que los destinos del interior no urbanos superaron las expectativas, ya que los destinos termales tuvieron alta demanda como Termas de Reyes que super\u00f3 el 90 por ciento de ocupaci\u00f3n, as\u00ed como las termas de Caimancito en las Yungas, con el 82 por ciento\u201d.<\/p>\n<p>El Festival de la Pachamama en la ciudad capital (s\u00e1bado y domingo), la Serenata al Libertador en Libertador (el domingo), el rally raid \u201cTierra Adentro\u201d en San Antonio, El Carmen y Perico (s\u00e1bado y domingo) fueron los eventos convocantes destacados de estos d\u00edas.<\/p>\n<p>Sin mucha variaci\u00f3n a otros momentos, el 87 por ciento de los visitantes fueron nacionales, oriundos principalmente de Buenos Aires, C\u00f3rdoba, Salta y Santiago del Estero, mientras que el 13 por ciento de turistas extranjeros llegaron desde Espa\u00f1a, Brasil, Alemania, Francia, Per\u00fa, Uruguay y Jap\u00f3n (mercado cada vez m\u00e1s presente), habiendo arribado en Colectivo el 43 por ciento, en Auto\/Camioneta el 41 por ciento, en Avi\u00f3n el 14 por ciento y en Motos el 2 por ciento.<br \/>\n<img decoding=\"async\" loading=\"lazy\" class=\"wp-image-41675 aligncenter\" src=\"http:\/\/prensa.jujuy.gob.ar\/wp-content\/uploads\/sites\/37\/2018\/08\/Foto-Augusto-Moreno.jpg\" sizes=\"(max-width: 790px) 100vw, 790px\" srcset=\"http:\/\/prensa.jujuy.gob.ar\/wp-content\/uploads\/sites\/37\/2018\/08\/Foto-Augusto-Moreno.jpg 1280w, http:\/\/prensa.jujuy.gob.ar\/wp-content\/uploads\/sites\/37\/2018\/08\/Foto-Augusto-Moreno-300x225.jpg 300w, http:\/\/prensa.jujuy.gob.ar\/wp-content\/uploads\/sites\/37\/2018\/08\/Foto-Augusto-Moreno-768x576.jpg 768w, http:\/\/prensa.jujuy.gob.ar\/wp-content\/uploads\/sites\/37\/2018\/08\/Foto-Augusto-Moreno-1024x768.jpg 1024w, http:\/\/prensa.jujuy.gob.ar\/wp-content\/uploads\/sites\/37\/2018\/08\/Foto-Augusto-Moreno-600x450.jpg 600w, http:\/\/prensa.jujuy.gob.ar\/wp-content\/uploads\/sites\/37\/2018\/08\/Foto-Augusto-Moreno-1140x855.jpg 1140w, http:\/\/prensa.jujuy.gob.ar\/wp-content\/uploads\/sites\/37\/2018\/08\/Foto-Augusto-Moreno-480x360.jpg 480w, http:\/\/prensa.jujuy.gob.ar\/wp-content\/uploads\/sites\/37\/2018\/08\/Foto-Augusto-Moreno-960x720.jpg 960w\" width=\"790\" height=\"593\" \/><\/p>\n<p>&nbsp;<\/p>\n<\/div>\n<\/div>\n<\/div>\n<div class=\"container-inner\">\n<div class=\"row\">\n<div class=\"span12\"><\/div>\n<\/div>\n<\/div>\n<\/div>\n<div class=\"container-inner\">\n<div class=\"row\">\n<div class=\"span12\">\n<div id=\"comments\" class=\"container-inner comments-area\"><\/div>\n<\/div>\n<\/div>\n<\/div>\n<\/div>\n<\/div>\n","protected":false},"excerpt":{"rendered":"<p>En toda la provincia hubo una ocupaci\u00f3n promedio del 76 por ciento, donde los 11.214 turistas pernoctaron 2,2 noches en promedio, as\u00ed lo refleja el 70 por ciento de ocupaci\u00f3n en Valles, el 85 en la Quebrada \u2013siempre el de mayor demanda-, el 49 en Puna, el 53 en Yungas, y el 71 por ciento [&hellip;]<\/p>\n","protected":false},"author":1,"featured_media":188191,"comment_status":"open","ping_status":"open","sticky":false,"template":"","format":"standard","meta":{"_stopmodifiedupdate":false,"_modified_date":"","inline_featured_image":false},"categories":[2],"tags":[],"jetpack_featured_media_url":"https:\/\/notinor.com\/jujuy\/wp-content\/uploads\/2018\/08\/TURISMO-JUJUY.jpg","_links":{"self":[{"href":"https:\/\/notinor.com\/jujuy\/wp-json\/wp\/v2\/posts\/188190"}],"collection":[{"href":"https:\/\/notinor.com\/jujuy\/wp-json\/wp\/v2\/posts"}],"about":[{"href":"https:\/\/notinor.com\/jujuy\/wp-json\/wp\/v2\/types\/post"}],"author":[{"embeddable":true,"href":"https:\/\/notinor.com\/jujuy\/wp-json\/wp\/v2\/users\/1"}],"replies":[{"embeddable":true,"href":"https:\/\/notinor.com\/jujuy\/wp-json\/wp\/v2\/comments?post=188190"}],"version-history":[{"count":1,"href":"https:\/\/notinor.com\/jujuy\/wp-json\/wp\/v2\/posts\/188190\/revisions"}],"predecessor-version":[{"id":188192,"href":"https:\/\/notinor.com\/jujuy\/wp-json\/wp\/v2\/posts\/188190\/revisions\/188192"}],"wp:featuredmedia":[{"embeddable":true,"href":"https:\/\/notinor.com\/jujuy\/wp-json\/wp\/v2\/media\/188191"}],"wp:attachment":[{"href":"https:\/\/notinor.com\/jujuy\/wp-json\/wp\/v2\/media?parent=188190"}],"wp:term":[{"taxonomy":"category","embeddable":true,"href":"https:\/\/notinor.com\/jujuy\/wp-json\/wp\/v2\/categories?post=188190"},{"taxonomy":"post_tag","embeddable":true,"href":"https:\/\/notinor.com\/jujuy\/wp-json\/wp\/v2\/tags?post=188190"}],"curies":[{"name":"wp","href":"https:\/\/api.w.org\/{rel}","templated":true}]}}