{"id":188097,"date":"2018-08-20T20:40:48","date_gmt":"2018-08-20T23:40:48","guid":{"rendered":"http:\/\/notinor.com\/jujuy\/?p=188097"},"modified":"2018-08-20T20:40:48","modified_gmt":"2018-08-20T23:40:48","slug":"conoce-detalles-de-la-marcha-quema-simbolica-desfile-y-hornitos","status":"publish","type":"post","link":"https:\/\/notinor.com\/jujuy\/conoce-detalles-de-la-marcha-quema-simbolica-desfile-y-hornitos\/","title":{"rendered":"Conoce detalles de la marcha, quema simb\u00f3lica, desfile y hornitos"},"content":{"rendered":"<p><a href=\"http:\/\/notinor.com\/jujuy\/conoce-detalles-de-la-marcha-quema-simbolica-desfile-y-hornitos\/marcha-3\/\" rel=\"attachment wp-att-188098\"><img decoding=\"async\" loading=\"lazy\" class=\"aligncenter wp-image-188098 size-large\" src=\"http:\/\/notinor.com\/jujuy\/wp-content\/uploads\/2018\/08\/marcha-723x480.jpg\" alt=\"\" width=\"723\" height=\"480\" srcset=\"https:\/\/notinor.com\/jujuy\/wp-content\/uploads\/2018\/08\/marcha-723x480.jpg 723w, https:\/\/notinor.com\/jujuy\/wp-content\/uploads\/2018\/08\/marcha-550x365.jpg 550w, https:\/\/notinor.com\/jujuy\/wp-content\/uploads\/2018\/08\/marcha-768x510.jpg 768w, https:\/\/notinor.com\/jujuy\/wp-content\/uploads\/2018\/08\/marcha-400x266.jpg 400w\" sizes=\"(max-width: 723px) 100vw, 723px\" \/><\/a><\/p>\n<p>En tanto que el acto por el 23 de agosto ser\u00e1 a las 9.00 de la ma\u00f1ana en la Plaza Belgrano, con posterior desfile c\u00edvico militar y gaucho en Av. Forestal en Alto Comedero.<\/p>\n<p>De la misma forma toda la semana se realizaran diferentes actividades tendientes a conmemorar la gesta hist\u00f3rica juje\u00f1a en los establecimientos escolares e instituciones gubernamentales.<\/p>\n<p>Con respecto\u00a0 la marcha evocativa del 22,\u00a0este a\u00f1o, a diferencia de a\u00f1os anteriores que se realizaba por el casco c\u00e9ntrico de la ciudad, se llevara a cabo en el lecho del R\u00edo Xibi Xibi, al igual que la quema simb\u00f3lica. En cuanto a la concentraci\u00f3n, dar\u00e1 inicio a las 18.00 en inmediaciones del Cementerio El Salvador.<\/p>\n<p>Cabe destacar que los actos centrales de la conmemoraci\u00f3n del \u00c9xodo Juje\u00f1o ser\u00e1n el\u00a0jueves 23 de agosto, a partir de las 9.00, en la Plaza Belgrano para continuar con el tradicional desfile\u00a0c\u00edvico, militar y gaucho en Av. Forestal del Barrio Alto Comedero.<\/p>\n<p>LOS TRADICIONALES HORNITOS<\/p>\n<p>Tambi\u00e9n dar\u00e1n inicio el mi\u00e9rcoles 22 de agosto en este caso a las 20 horas en el Centro Cultural Manuel Belgrano, mejor conocida como la Vieja Estaci\u00f3n de trenes donde a la medianoche, al iniciar el d\u00eda 23 de agosto, se entonar\u00e1 el Himno Nacional Argentino.<\/p>\n","protected":false},"excerpt":{"rendered":"<p>En tanto que el acto por el 23 de agosto ser\u00e1 a las 9.00 de la ma\u00f1ana en la Plaza Belgrano, con posterior desfile c\u00edvico militar y gaucho en Av. Forestal en Alto Comedero. De la misma forma toda la semana se realizaran diferentes actividades tendientes a conmemorar la gesta hist\u00f3rica juje\u00f1a en los establecimientos [&hellip;]<\/p>\n","protected":false},"author":1,"featured_media":188098,"comment_status":"open","ping_status":"open","sticky":false,"template":"","format":"standard","meta":{"_stopmodifiedupdate":false,"_modified_date":"","inline_featured_image":false},"categories":[2],"tags":[],"jetpack_featured_media_url":"https:\/\/notinor.com\/jujuy\/wp-content\/uploads\/2018\/08\/marcha.jpg","_links":{"self":[{"href":"https:\/\/notinor.com\/jujuy\/wp-json\/wp\/v2\/posts\/188097"}],"collection":[{"href":"https:\/\/notinor.com\/jujuy\/wp-json\/wp\/v2\/posts"}],"about":[{"href":"https:\/\/notinor.com\/jujuy\/wp-json\/wp\/v2\/types\/post"}],"author":[{"embeddable":true,"href":"https:\/\/notinor.com\/jujuy\/wp-json\/wp\/v2\/users\/1"}],"replies":[{"embeddable":true,"href":"https:\/\/notinor.com\/jujuy\/wp-json\/wp\/v2\/comments?post=188097"}],"version-history":[{"count":2,"href":"https:\/\/notinor.com\/jujuy\/wp-json\/wp\/v2\/posts\/188097\/revisions"}],"predecessor-version":[{"id":188100,"href":"https:\/\/notinor.com\/jujuy\/wp-json\/wp\/v2\/posts\/188097\/revisions\/188100"}],"wp:featuredmedia":[{"embeddable":true,"href":"https:\/\/notinor.com\/jujuy\/wp-json\/wp\/v2\/media\/188098"}],"wp:attachment":[{"href":"https:\/\/notinor.com\/jujuy\/wp-json\/wp\/v2\/media?parent=188097"}],"wp:term":[{"taxonomy":"category","embeddable":true,"href":"https:\/\/notinor.com\/jujuy\/wp-json\/wp\/v2\/categories?post=188097"},{"taxonomy":"post_tag","embeddable":true,"href":"https:\/\/notinor.com\/jujuy\/wp-json\/wp\/v2\/tags?post=188097"}],"curies":[{"name":"wp","href":"https:\/\/api.w.org\/{rel}","templated":true}]}}