{"id":188092,"date":"2018-08-20T20:13:44","date_gmt":"2018-08-20T23:13:44","guid":{"rendered":"http:\/\/notinor.com\/jujuy\/?p=188092"},"modified":"2018-08-20T20:13:44","modified_gmt":"2018-08-20T23:13:44","slug":"el-29-el-gobernador-visitara-el-concejo-superior-de-la-unju","status":"publish","type":"post","link":"https:\/\/notinor.com\/jujuy\/el-29-el-gobernador-visitara-el-concejo-superior-de-la-unju\/","title":{"rendered":"El 29 el gobernador visitara el concejo superior de la UNJU"},"content":{"rendered":"<div class=\"container-inner\">\n<div class=\"row\">\n<div class=\"span12\">\n<div class=\"post-header\"><\/div>\n<\/div>\n<\/div>\n<\/div>\n<div class=\"post-content\">\n<p><img decoding=\"async\" loading=\"lazy\" class=\"aligncenter size-large wp-image-41664\" src=\"http:\/\/prensa.jujuy.gob.ar\/wp-content\/uploads\/sites\/37\/2018\/08\/IMG_3849-1-1024x683.jpg\" sizes=\"(max-width: 1024px) 100vw, 1024px\" srcset=\"http:\/\/prensa.jujuy.gob.ar\/wp-content\/uploads\/sites\/37\/2018\/08\/IMG_3849-1-1024x683.jpg 1024w, http:\/\/prensa.jujuy.gob.ar\/wp-content\/uploads\/sites\/37\/2018\/08\/IMG_3849-1-300x200.jpg 300w, http:\/\/prensa.jujuy.gob.ar\/wp-content\/uploads\/sites\/37\/2018\/08\/IMG_3849-1-768x512.jpg 768w, http:\/\/prensa.jujuy.gob.ar\/wp-content\/uploads\/sites\/37\/2018\/08\/IMG_3849-1-600x400.jpg 600w, http:\/\/prensa.jujuy.gob.ar\/wp-content\/uploads\/sites\/37\/2018\/08\/IMG_3849-1-1140x760.jpg 1140w, http:\/\/prensa.jujuy.gob.ar\/wp-content\/uploads\/sites\/37\/2018\/08\/IMG_3849-1-480x320.jpg 480w, http:\/\/prensa.jujuy.gob.ar\/wp-content\/uploads\/sites\/37\/2018\/08\/IMG_3849-1-960x640.jpg 960w\" alt=\"IMG_3849-1\" width=\"1024\" height=\"683\" \/><\/p>\n<p>\u201cLa Provincia est\u00e1 acompa\u00f1ando el proceso de descentralizaci\u00f3n que la UNJu viene llevando adelante, en lo que refiere a la apertura de nuevas sedes en La Quiaca, Libertador, San Pedro y los proyectos de extensi\u00f3n en otras ciudades, de manera que la universidad tenga mayor presencia en todo el territorio y el pueblo juje\u00f1o pueda acceder a determinadas carreras\u201d, manifest\u00f3, Gerardo Morales finalizado el encuentro.<\/p>\n<p>Adem\u00e1s, el Mandatario adelant\u00f3 que el pr\u00f3ximo 29 de agosto, junto a parte del gabinete, visitar\u00e1 el Consejo Superior, oportunidad en la que con el rector Rodolfo Tecchi dar\u00e1n a conocer detalles de un importante proyecto que la Provincia y la UNJu realizaran en conjunto.<\/p>\n<p>Por su parte, Rodolfo Tecchi se\u00f1al\u00f3 que \u201cle comunicamos al Gobernador sobre la posici\u00f3n del Consejo Interuniversitario Nacional en relaci\u00f3n a la situaci\u00f3n del sistema universitario, y especialmente, lo que respecta a la \u00a0UNJu y sus necesidades presupuestarias para el 2019\u201d.<\/p>\n<p>\u201cLe pedimos el acompa\u00f1amiento al Gobernador e hicimos una agenda para tratar hasta fin de a\u00f1o. Adem\u00e1s, recibimos su solidaridad para ir resolviendo los temas presupuestarios que est\u00e1n pendientes\u201d, sostuvo el rector de la UNJu.<\/p>\n<p>El encuentro se desarroll\u00f3 en el Sal\u00f3n Fascio de Casa de Gobierno y participaron los decanos de la Facultad de Humanidades y Ciencias Sociales, Cesar Arrueta y\u00a0de la Facultad de Ciencias Econ\u00f3micas, Javier Mart\u00ednez; los secretarios, General de la UNJu, Edgardo Aramayo, de Ciencia y T\u00e9cnica y Estudios Regionales de la UNJu, Sandra Giunta y\u00a0de Administracion de la UNJu, Jaime Berastegui.<\/p>\n<p><img decoding=\"async\" loading=\"lazy\" class=\"aligncenter size-large wp-image-41665\" src=\"http:\/\/prensa.jujuy.gob.ar\/wp-content\/uploads\/sites\/37\/2018\/08\/IMG_3853-2-1024x683.jpg\" sizes=\"(max-width: 1024px) 100vw, 1024px\" srcset=\"http:\/\/prensa.jujuy.gob.ar\/wp-content\/uploads\/sites\/37\/2018\/08\/IMG_3853-2-1024x683.jpg 1024w, http:\/\/prensa.jujuy.gob.ar\/wp-content\/uploads\/sites\/37\/2018\/08\/IMG_3853-2-300x200.jpg 300w, http:\/\/prensa.jujuy.gob.ar\/wp-content\/uploads\/sites\/37\/2018\/08\/IMG_3853-2-768x512.jpg 768w, http:\/\/prensa.jujuy.gob.ar\/wp-content\/uploads\/sites\/37\/2018\/08\/IMG_3853-2-600x400.jpg 600w, http:\/\/prensa.jujuy.gob.ar\/wp-content\/uploads\/sites\/37\/2018\/08\/IMG_3853-2-1140x760.jpg 1140w, http:\/\/prensa.jujuy.gob.ar\/wp-content\/uploads\/sites\/37\/2018\/08\/IMG_3853-2-480x320.jpg 480w, http:\/\/prensa.jujuy.gob.ar\/wp-content\/uploads\/sites\/37\/2018\/08\/IMG_3853-2-960x640.jpg 960w\" alt=\"IMG_3853-2\" width=\"1024\" height=\"683\" \/><\/p>\n<\/div>\n<div class=\"container-inner\">\n<div class=\"row\"><\/div>\n<\/div>\n","protected":false},"excerpt":{"rendered":"<p>\u201cLa Provincia est\u00e1 acompa\u00f1ando el proceso de descentralizaci\u00f3n que la UNJu viene llevando adelante, en lo que refiere a la apertura de nuevas sedes en La Quiaca, Libertador, San Pedro y los proyectos de extensi\u00f3n en otras ciudades, de manera que la universidad tenga mayor presencia en todo el territorio y el pueblo juje\u00f1o pueda [&hellip;]<\/p>\n","protected":false},"author":1,"featured_media":188094,"comment_status":"open","ping_status":"open","sticky":false,"template":"","format":"standard","meta":{"_stopmodifiedupdate":false,"_modified_date":"","inline_featured_image":false},"categories":[2],"tags":[],"jetpack_featured_media_url":"https:\/\/notinor.com\/jujuy\/wp-content\/uploads\/2018\/08\/GOBERNADOR-Y-UNJU.jpg","_links":{"self":[{"href":"https:\/\/notinor.com\/jujuy\/wp-json\/wp\/v2\/posts\/188092"}],"collection":[{"href":"https:\/\/notinor.com\/jujuy\/wp-json\/wp\/v2\/posts"}],"about":[{"href":"https:\/\/notinor.com\/jujuy\/wp-json\/wp\/v2\/types\/post"}],"author":[{"embeddable":true,"href":"https:\/\/notinor.com\/jujuy\/wp-json\/wp\/v2\/users\/1"}],"replies":[{"embeddable":true,"href":"https:\/\/notinor.com\/jujuy\/wp-json\/wp\/v2\/comments?post=188092"}],"version-history":[{"count":2,"href":"https:\/\/notinor.com\/jujuy\/wp-json\/wp\/v2\/posts\/188092\/revisions"}],"predecessor-version":[{"id":188095,"href":"https:\/\/notinor.com\/jujuy\/wp-json\/wp\/v2\/posts\/188092\/revisions\/188095"}],"wp:featuredmedia":[{"embeddable":true,"href":"https:\/\/notinor.com\/jujuy\/wp-json\/wp\/v2\/media\/188094"}],"wp:attachment":[{"href":"https:\/\/notinor.com\/jujuy\/wp-json\/wp\/v2\/media?parent=188092"}],"wp:term":[{"taxonomy":"category","embeddable":true,"href":"https:\/\/notinor.com\/jujuy\/wp-json\/wp\/v2\/categories?post=188092"},{"taxonomy":"post_tag","embeddable":true,"href":"https:\/\/notinor.com\/jujuy\/wp-json\/wp\/v2\/tags?post=188092"}],"curies":[{"name":"wp","href":"https:\/\/api.w.org\/{rel}","templated":true}]}}