{"id":188079,"date":"2018-08-20T13:53:42","date_gmt":"2018-08-20T16:53:42","guid":{"rendered":"http:\/\/notinor.com\/jujuy\/?p=188079"},"modified":"2018-08-20T20:14:34","modified_gmt":"2018-08-20T23:14:34","slug":"el-diagnostico-de-la-semana-23","status":"publish","type":"post","link":"https:\/\/notinor.com\/jujuy\/el-diagnostico-de-la-semana-23\/","title":{"rendered":"El Diagn\u00f3stico de la Semana"},"content":{"rendered":"<p>Por Gabriel Guti\u00e9rrez || La semana que desemboc\u00f3 en el uno de los fines de semana largos m\u00e1s extra\u00f1os de la historia, por ese inexplicable corrimiento de un feriado que debi\u00f3 celebrarse el viernes y no el lunes, termin\u00f3 por brindar las ya acostumbradas buenas noticias al sector tur\u00edstico que se volvi\u00f3 a ver impulsado con muy buenos n\u00fameros.<\/p>\n<p><img decoding=\"async\" loading=\"lazy\" class=\"size-full wp-image-169428 alignleft\" src=\"http:\/\/notinor.com\/jujuy\/wp-content\/uploads\/2018\/04\/gabi-2.jpg\" alt=\"\" width=\"180\" height=\"180\" srcset=\"https:\/\/notinor.com\/jujuy\/wp-content\/uploads\/2018\/04\/gabi-2.jpg 180w, https:\/\/notinor.com\/jujuy\/wp-content\/uploads\/2018\/04\/gabi-2-100x100.jpg 100w, https:\/\/notinor.com\/jujuy\/wp-content\/uploads\/2018\/04\/gabi-2-75x75.jpg 75w\" sizes=\"(max-width: 180px) 100vw, 180px\" \/><\/p>\n<h2><strong>PANORAMA NACIONAL<\/strong><\/h2>\n<p>El espectro pol\u00edtico comienza los ensayos qu\u00edmicos en los laboratorios pol\u00edticos de cara al 2019.\u00a0 Todo el arco oposito, especialmente en el peronismo, busca colgarse de las desavenencias econ\u00f3micas de p\u00fablico conocimiento con la esperanza del milagro que le borre la memoria de los argentinos y surja de sus filas un nuevo inquilino para la Casa Rosada.<\/p>\n<p>Por suerte para el Gobierno Nacional, y para los argentinos en general, esto parece cada vez m\u00e1s ut\u00f3pico y lejano cada d\u00eda.\u00a0 El esc\u00e1ndalo de los Cuadernos del Chofer ha salpicado a la oposici\u00f3n de una manera inconmensurable.\u00a0 Vanos son los intentos de los peronistas por despegarse y evitar salpicaduras. \u00a0Cada d\u00eda que pasa las novedades y los nuevos arrepentidos no dejan suficiente tiempo para asimilar.<\/p>\n<p>La fallida sesi\u00f3n en el Senado, ya no tan Honorable, para autorizar el allanamiento de propiedades de la ex jefa, y la negativa a legislar sobre la ley de extinci\u00f3n de dominio, confirmaron, no solo que la Justicia y la Pol\u00edtica transitan por carriles separados y opuestos, sino que adem\u00e1s hay garantes y c\u00f3mplices de la impunidad mancillando la pretendida honorabilidad de la C\u00e1mara Alta.<\/p>\n<p>La complicidad del peronismo qued\u00f3 evidente en el hecho de que s\u00f3lo tres provincias aportaron todo lo que tienen en la C\u00e1mara Alta para que no fracasara la sesi\u00f3n: Juan Manuel Urtubey (Salta), Juan Schiaretti (C\u00f3rdoba) y Domingo Peppo (Chaco).<\/p>\n<p>El peronismo se reagrupa, luego del fin de la intervenci\u00f3n.\u00a0 Jos\u00e9 Luis Gioja convoc\u00f3 a un festejo en el que, para disgusto de los llamados peronistas racionales, el kirchnerismo volvi\u00f3 a ocupar los curules de privilegio en la gran mesa.<\/p>\n<p>De todas formas, parece que a pesar de los gobernadores que est\u00e1n dispuestos a presentarse en el 2019, ya hay varios q1ue est\u00e1n hablando en secreto con Cristina.\u00a0 En el peronismo saben que Cristina ya les gan\u00f3.\u00a0 Derrot\u00f3 a Massa y a Randazzo en el 2017.\u00a0 Y saben bien que ninguno podr\u00eda enfrentarla en una interna debido al n\u00facleo duro que a\u00fan conserva.\u00a0 Por las dudas, nadie se le anima.\u00a0 \u00a0Hasta Jos\u00e9 Manuel de la Sota celebr\u00f3 un encuentro a escondidas con M\u00e1ximo Kirchner.<\/p>\n<p>Lo que por ahora preocupa a los jeques del peronismo son los n\u00fameros que dejaron los cuadernos en los sondeos de opini\u00f3n.\u00a0 Hoy por hoy, sint\u00e9ticamente, la gente ve a Cristina m\u00e1s responsable de las coimas que a Julio De Vido.<\/p>\n<p>Las diarias y cada vez m\u00e1s ins\u00f3litas revelaciones sobre el esc\u00e1ndalo de las coimas han salpicado hasta al pr\u00f3cer fundador del Frente para la Victoria, al punto de que el Congreso Ecuatoriano eval\u00faa retirar la famosa estatua de bronce de N\u00e9stor Kirchner que aun decora la entrada a la sede de la UNASUR en ese pa\u00eds.<\/p>\n<p>La corrupci\u00f3n en el modelo nacional y popular no fue patrimonio exclusivo de ninguno de los dos c\u00f3nyuges, sino que por estas horas parece que se corre una carrera de inmoralidad, donde Cristina ya super\u00f3 no solo a su marido sino al propio Julio De Vido.\u00a0 Carlos Menem qued\u00f3 como un corredor de karting frente a estos verdaderos gigantes de F\u00f3rmula Uno.<\/p>\n<p>En este sondeo sobre las responsabilidades, N\u00e9stor Kirchner mantiene una pole position como el mentor o ide\u00f3logo de la red de corrupci\u00f3n.\u00a0 Un 35,6% lo sindica como el responsable absoluto frente a un 15,5% de Cristina y un 10,4% de De Vido.<\/p>\n<p>A Cristina le queda el consuelo de que hay un 25% que todav\u00eda pondr\u00eda las manos en el fuego por ella y no le atribuye ning\u00fan grado de responsabilidad.\u00a0 Sin embargo, hay un 52% que piensa que debe ser juzgada y condenada a prisi\u00f3n efectiva por su grado de responsabilidad en el esc\u00e1ndalo de los sobornos.<\/p>\n<p>Estos son los n\u00fameros que aun dan esperanza a Cambiemos, porque el campo de batalla y el adversario son los indicados para ganar un segundo mandato.<\/p>\n<p>Esto es lo que hay al frente como alternativa a Cambiemos.\u00a0 Una red de corrupci\u00f3n y complicidad que seguramente no superar\u00e1 el piso de popularidad que a\u00fan conserva la ex presidente.\u00a0 Una pandilla de pseudocaudillos provinciales que avalaron, en su momento, todos los atropellos y latrocinios del kirchnerismo y del menemismo.\u00a0 \u00a0Estuvieron en el primero y luego se reciclaron en el segundo.\u00a0 No se sabe de qu\u00e9 se podr\u00edan disfrazar ahora.<\/p>\n<p>Comprometidos como est\u00e1n todos, ser\u00eda raro que surja de esas filas un valiente que le plantee un desaf\u00edo a Cristina.\u00a0 Todos est\u00e1n con las manos sucias, y todos le deben algo.\u00a0 Por eso el manto de impunidad que arrojaron sobre ella los gobernadores que instruyeron a sus senadores a no dar quorum para permitir que se le allanen las propiedades.<\/p>\n<p>Ni Massa, uno de los primeros en dar el portazo, se salva ya que siempre que intenta levantar la cabeza propios y ajenos le recuerdan, de una manera o de otra, que \u00e9l fue el Jefe de Gabinete de la mujer que traicion\u00f3 para lanzarse de una intendencia a una candidatura presidencial.\u00a0 Y para peor, figura en los cuadernos.<\/p>\n<p>El argentino sabe esto muy bien.\u00a0\u00a0 Por eso vot\u00f3 como vot\u00f3 en el 2015.\u00a0 Por eso en el 2017, a pesar de que las cosas no iban como nos gustar\u00eda a todos, volvi\u00f3 a darle un voto de confianza al presidente.\u00a0 Y por eso mismo volver\u00e1 a votar en el 2019.<\/p>\n<p>El argentino no quiere ver a su pa\u00eds convertido en un sat\u00e9lite de Venezuela o Cuba ni mucho menos en un \u00e9mulo de estos pa\u00edses.<\/p>\n<h2><strong>PANORAMA PROVINCIAL<\/strong><\/h2>\n<p>En Jujuy no cay\u00f3 muy bien el ajuste a las provincias y municipios que implicar\u00e1 la eliminaci\u00f3n del Fondo Federal Solidario m\u00e1s conocido como \"el fondo de la soja\".<\/p>\n<p>Tal como lo describi\u00f3 el intendente de Capital, Ra\u00fal \"Chuli\" Jorge, este recorte significa un \"mazazo\" para los municipios, sobre todo para aquellos que son medianos o peque\u00f1os, y en especial en un pa\u00eds donde 23 de las 24 provincias carecen de una ley de coparticipaci\u00f3n.<\/p>\n<p>Para Jujuy esto significar\u00e1 una cuantiosa p\u00e9rdida de fondos que llegaban a los municipios para que se realicen obras.\u00a0 Los municipios, tanto opositores como oficialistas, est\u00e1n en pie de guerra porque esto no solo significa menos obras, sino que ahora pasan a ser m\u00e1s dependientes de la arbitrariedad distributiva del gobierno provincial.<\/p>\n<p>El mazazo alcanza tambi\u00e9n a muchas empresas del sector privado puesto que son las que efectivamente ejecutan la obra p\u00fablica.\u00a0 El s\u00fabito cambio en las reglas de juego se ha traducido en preocupaci\u00f3n y malestar por la reducci\u00f3n de las expectativas.<\/p>\n<p>La preocupaci\u00f3n que se vive por estas horas, fue confirmada por el propio ministro de Hacienda de la Provincia, Carlos Sadir, quien se quej\u00f3 porque en principio se esperaba que los anunciados ajustes se pongan en vigor reci\u00e9n el a\u00f1o que viene.\u00a0 Con los recientes anuncios de Dujovne, el gobierno y los municipios tendr\u00e1n ahora que evaluar c\u00f3mo se terminar\u00e1n algunas de las obras que estaban en ejecuci\u00f3n.<\/p>\n<p>Las recientes medidas adoptadas por el equipo econ\u00f3mico nacional han vuelto a resentir un poco la cohesi\u00f3n de Cambiemos en todo el pa\u00eds, sobre todo en Jujuy.<\/p>\n<p>El gobernador Gerardo Morales fue uno de los primeros en pegar el grito en el cielo por la eliminaci\u00f3n del beneficio social por zona desfavorable en los sueldos de la Patagonia, Quebrada y Puna.\u00a0 La eliminaci\u00f3n del fondo sojero motiv\u00f3 la airada queja del intendente Jorge y la preocupaci\u00f3n expresada por el ministro Sadir.<\/p>\n<p>No estamos ante una rebeli\u00f3n, sino ante leg\u00edtimas disidencias de parte de las autoridades que deben velar por el bienestar de sus provincias y municipios.\u00a0 No pod\u00edamos esperar que el gobernador Gerardo Morales o el intendente \"Chuli\" Jorge permanezcan en silencio ante medidas que se toman en la id\u00edlica realidad de la capital sin tener en cuenta las realidades del interior profundo del pa\u00eds.<\/p>\n<p>La disidencia dio sus frutos.\u00a0 El gobierno nacional puso en suspenso, la eliminaci\u00f3n del plus por zona desfavorable.\u00a0 Esperemos que prime la cordura y se revea la situaci\u00f3n del fondo de la soja, a pesar de que el presidente Macri ya dijo en Purmamarca que no hab\u00eda posibilidad de revisi\u00f3n.<\/p>\n<p>Los intendentes no quieren ser reducidos a ser simples pagadores de sueldos.\u00a0 Y por supuesto que expresar disidencia, sobre todo en defensa de la patria chica, no quiere decir de ninguna manera que se est\u00e1 sacando los pies del plato.<\/p>\n<p>Lo que s\u00ed, la disidencia deber\u00eda ser una alarma para evaluar en las reuniones de la mesa chica de Olivos.\u00a0 Entre las pr\u00e1cticas saludables del presidente en particular, y de Cambiemos en general, es que hay apertura para escuchar razones, permiti\u00e9ndose la autocr\u00edtica y la marcha atr\u00e1s sobre aquello que se ha demostrado estar mal.\u00a0 \u00a0En m\u00e1s de una ocasi\u00f3n el presidente volvi\u00f3 sobre sus pasos.<\/p>\n<p>Gracias a los antidemocr\u00e1ticos de siempre, la nueva visita del presidente Macri a nuestra provincia fue empa\u00f1ada por el accionar de un pu\u00f1ado de militantes que a\u00fan no entienden que perdieron en el 2015.\u00a0 Lo ins\u00f3lito de toda la movida opositora es que, muchos de los grup\u00fasculos que participaron de ella exigen la renuncia del presidente sin tener ni siquiera una m\u00edsera representaci\u00f3n en alg\u00fan cuerpo legislativo... aunque sea comunal.<\/p>\n<p>Muy poco se pudo hablar de los asuntos importantes que trajeron al presidente nuevamente a Jujuy.\u00a0 Oposici\u00f3n y medios de noticias parec\u00edan m\u00e1s interesados en los operativos policiales para contener a ese pu\u00f1ado de inadaptados, o a sobreenfatizar las malas noticias que transmiti\u00f3 el presidente, que en difundir y dar a conocer datos sobre el operativo de despliegue de fuerzas militares en la frontera como factor de peso en la lucha contra el narcotr\u00e1fico.<\/p>\n<p>Nuevamente Milagro Sala volvi\u00f3 a copar titulares principales, esta vez por las idas y vueltas en torno al lugar donde debe cumplir la detenci\u00f3n domiciliaria mientras se sustancian las causas que pesan en su contra.<\/p>\n<p>Luego de que el Juez Pullen Llermanos ordenara la semana pasada que Sala deb\u00eda ser alojada en un establecimiento penitenciario de Salta, para garantizar su seguridad, la Corte Suprema libr\u00f3 un oficio para que la ex l\u00edder tupaquera sea trasladada nuevamente a la prisi\u00f3n domiciliaria que cumpl\u00eda en su mansi\u00f3n del Dique La Ci\u00e9naga.\u00a0 Al parecer el m\u00e1ximo tribunal del pa\u00eds sucumbi\u00f3 ante la presi\u00f3n ejercida por los organismos internacionales y por la huelga de hambre iniciada por Milagro Sala.<\/p>\n<p>Las cifras que publica la DIPEC van en consonancia con lo que se percibe a nivel general de la poblaci\u00f3n.\u00a0 La inflaci\u00f3n acumulada en Jujuy es 21,2% y una familia necesit\u00f3 m\u00e1s de 20 mil pesos para no ser pobre.\u00a0 Jujuy registr\u00f3 una inflaci\u00f3n en julio de 4%, mientras que la media nacional fue 3.1% y regional 3.4%.\u00a0 Las cifras, con m\u00e1s o menos margen de error respecto de las que publica el INDEC, parecen bastante cercanas a la realidad.<\/p>\n<p>El panorama gremial en la semana fue protagonizado, mayormente, por el gremio docente universitario, ADIUNJU, que lleva ya semanas sin comenzar las clases.\u00a0 Otros que presionan son los docentes de ADEP que inici\u00f3 una demanda en contra del Estado Provincial porque el Ministerio de Educaci\u00f3n no liquid\u00f3 el pago de bonificaci\u00f3n por t\u00edtulo docente por lo que adeuda a los trabajadores de la educaci\u00f3n los meses de marzo, abril y mayo del corriente a\u00f1o, incumpliendo con acuerdos de la paritaria de marzo.<\/p>\n<p>Fuera de ello, los gremios se concentraron en organizar el comit\u00e9 de bienvenida al presidente Macri.\u00a0 Esta semana que se ver\u00e1 acotada por dos feriados seguramente tampoco dar\u00e1 muchas noticias gremiales para analizar, pero se espera que la semana que viene las cosas vuelvan a la normal conflictividad.<\/p>\n<p>Terminamos la columna con las buenas noticias de los resultados exitosos del Ministerio de Turismo.\u00a0 Este fin de semana largo volvi\u00f3 a arrojar cifras positivas al registrar una ocupaci\u00f3n hotelera m\u00e1s que aceptable, estando fuera de temporada.\u00a0 Las fiestas patronales y el Toreo de Vincha de Casabindo dieron la nota.\u00a0 Este fin de semana largo que se avecina por los festejos del \u00c9xodo Juje\u00f1o prometen una remontada del turismo netamente local.<\/p>\n","protected":false},"excerpt":{"rendered":"<p>Por Gabriel Guti\u00e9rrez || La semana que desemboc\u00f3 en el uno de los fines de semana largos m\u00e1s extra\u00f1os de la historia, por ese inexplicable corrimiento de un feriado que debi\u00f3 celebrarse el viernes y no el lunes, termin\u00f3 por brindar las ya acostumbradas buenas noticias al sector tur\u00edstico que se volvi\u00f3 a ver impulsado [&hellip;]<\/p>\n","protected":false},"author":1,"featured_media":169428,"comment_status":"open","ping_status":"open","sticky":false,"template":"","format":"standard","meta":{"_stopmodifiedupdate":false,"_modified_date":"","inline_featured_image":false},"categories":[501],"tags":[],"jetpack_featured_media_url":"https:\/\/notinor.com\/jujuy\/wp-content\/uploads\/2018\/04\/gabi-2.jpg","_links":{"self":[{"href":"https:\/\/notinor.com\/jujuy\/wp-json\/wp\/v2\/posts\/188079"}],"collection":[{"href":"https:\/\/notinor.com\/jujuy\/wp-json\/wp\/v2\/posts"}],"about":[{"href":"https:\/\/notinor.com\/jujuy\/wp-json\/wp\/v2\/types\/post"}],"author":[{"embeddable":true,"href":"https:\/\/notinor.com\/jujuy\/wp-json\/wp\/v2\/users\/1"}],"replies":[{"embeddable":true,"href":"https:\/\/notinor.com\/jujuy\/wp-json\/wp\/v2\/comments?post=188079"}],"version-history":[{"count":3,"href":"https:\/\/notinor.com\/jujuy\/wp-json\/wp\/v2\/posts\/188079\/revisions"}],"predecessor-version":[{"id":188096,"href":"https:\/\/notinor.com\/jujuy\/wp-json\/wp\/v2\/posts\/188079\/revisions\/188096"}],"wp:featuredmedia":[{"embeddable":true,"href":"https:\/\/notinor.com\/jujuy\/wp-json\/wp\/v2\/media\/169428"}],"wp:attachment":[{"href":"https:\/\/notinor.com\/jujuy\/wp-json\/wp\/v2\/media?parent=188079"}],"wp:term":[{"taxonomy":"category","embeddable":true,"href":"https:\/\/notinor.com\/jujuy\/wp-json\/wp\/v2\/categories?post=188079"},{"taxonomy":"post_tag","embeddable":true,"href":"https:\/\/notinor.com\/jujuy\/wp-json\/wp\/v2\/tags?post=188079"}],"curies":[{"name":"wp","href":"https:\/\/api.w.org\/{rel}","templated":true}]}}