{"id":188070,"date":"2018-08-20T11:37:47","date_gmt":"2018-08-20T14:37:47","guid":{"rendered":"http:\/\/notinor.com\/jujuy\/?p=188070"},"modified":"2018-08-20T11:41:41","modified_gmt":"2018-08-20T14:41:41","slug":"la-uefa-revelo-los-tres-candidatos-al-jugador-del-ano-y-dejo-fuera-a-lionel-messi","status":"publish","type":"post","link":"https:\/\/notinor.com\/jujuy\/la-uefa-revelo-los-tres-candidatos-al-jugador-del-ano-y-dejo-fuera-a-lionel-messi\/","title":{"rendered":"La UEFA revel\u00f3 los tres candidatos al jugador del a\u00f1o y dej\u00f3 fuera a Lionel Messi"},"content":{"rendered":"<p><a href=\"http:\/\/notinor.com\/jujuy\/la-uefa-revelo-los-tres-candidatos-al-jugador-del-ano-y-dejo-fuera-a-lionel-messi\/1-3191\/\" rel=\"attachment wp-att-188072\"><img decoding=\"async\" loading=\"lazy\" src=\"http:\/\/notinor.com\/jujuy\/wp-content\/uploads\/2018\/08\/1-42.jpg\" alt=\"\" width=\"548\" height=\"340\" \/><\/a><\/p>\n<p>&nbsp;<\/p>\n<div>\n<div>\n<p>La\u00a0UEFA, organismo que rige el f\u00fatbol en\u00a0Europa, public\u00f3 este lunes a los tres jugadores qu\u00e9 m\u00e1s se destacaron en la temporada en el Viejo Continente, seg\u00fan la opini\u00f3n de 54 periodistas calificados, uno de cada federaci\u00f3n.<\/p>\n<\/div>\n<\/div>\n<div>\n<div>\n<p>Los especialistas, todos europeos, deb\u00edan elegir tres futbolistas, darle cinco puntos al que consideren el mejor, tres al segundo y uno al restante.\u00a0Quien no alcanz\u00f3 los votos suficientes fue Lionel Messi.\u00a0El argentino gan\u00f3 el premio en 2010\/11, cuando se realiz\u00f3 la votaci\u00f3n por primera vez, y repiti\u00f3 el t\u00edtulo en 2014\/15. Adem\u00e1s, s\u00f3lo se ausent\u00f3 de la terna en la temporada 2013\/14 y 2015\/16.<\/p>\n<p>&nbsp;<\/p>\n<p><img decoding=\"async\" src=\"https:\/\/www.infobae.com\/new-resizer\/AF4rIbr0_dBy4D5YPbuRhxmXk0g=\/600x0\/filters:quality(100)\/s3.amazonaws.com\/arc-wordpress-client-uploads\/infobae-wp\/wp-content\/uploads\/2018\/08\/20101617\/Ronaldo-modric-salah.jpg\" alt=\"Cristiano Ronaldo, Luka Modric y Mohamed Salah son los elegidos\" \/><\/p>\n<p>&nbsp;<\/p>\n<p>En esta ocasi\u00f3n los seleccionados fueron\u00a0Cristiano Ronaldo,\u00a0Luka Modric y Mohammed Salah. Los tres jugaron la final de la\u00a0Champions League\u00a02018\u00a0entre\u00a0Real Madrid\u00a0y\u00a0Liverpool, aunque ninguno marc\u00f3 goles. El portugu\u00e9s estuvo siempre nominado al galard\u00f3n, mientras que el croata se sube por primera vez al podio. Por su parte, el delantero egipcio es el primer africano que se mete entre los candidatos. El \u00fanico antecedente es el de\u00a0Didier Drogba\u00a0en 2012, quien qued\u00f3 s\u00e9ptimo.<\/p>\n<p>Ahora, habr\u00e1 una nueva votaci\u00f3n entre los tres futbolistas. Los periodistas deber\u00e1n elegir entre los tres preseleccionados mediante un sistema de votaci\u00f3n electr\u00f3nico que se realizar\u00e1 durante la ceremonia del 30 de agosto. \u00c9se d\u00eda se conocer\u00e1 al elegido y luego se sortear\u00e1 la fase de grupos de la\u00a0Champions League 2018\/19.<\/p>\n<p>&nbsp;<\/p>\n<div>\n<div><img decoding=\"async\" src=\"https:\/\/img.playbuzz.com\/image\/upload\/ar_1.8867924528301887,c_crop\/q_auto:good,f_auto,fl_lossy,w_640,c_limit\/v1534774612\/utqnjovw3vt4dcjb5znx.jpg\" alt=\"\u00bfQui\u00e9n deber\u00eda ser elegido como mejor futbolista de Europa?\" \/><\/div>\n<\/div>\n<h1>\u00bfQui\u00e9n deber\u00eda ser elegido como mejor futbolista de Europa?<\/h1>\n<h2>La UEFA preseleccion\u00f3 a Cristiano Ronaldo, Luka modric y Mohamed Salah como los mejores de la temporada 2017\/18<\/h2>\n<p>&nbsp;<\/p>\n<\/div>\n<\/div>\n","protected":false},"excerpt":{"rendered":"<p>&nbsp; La\u00a0UEFA, organismo que rige el f\u00fatbol en\u00a0Europa, public\u00f3 este lunes a los tres jugadores qu\u00e9 m\u00e1s se destacaron en la temporada en el Viejo Continente, seg\u00fan la opini\u00f3n de 54 periodistas calificados, uno de cada federaci\u00f3n. Los especialistas, todos europeos, deb\u00edan elegir tres futbolistas, darle cinco puntos al que consideren el mejor, tres al [&hellip;]<\/p>\n","protected":false},"author":1,"featured_media":188072,"comment_status":"open","ping_status":"open","sticky":false,"template":"","format":"standard","meta":{"_stopmodifiedupdate":false,"_modified_date":"","inline_featured_image":false},"categories":[7],"tags":[],"jetpack_featured_media_url":"https:\/\/notinor.com\/jujuy\/wp-content\/uploads\/2018\/08\/1-42.jpg","_links":{"self":[{"href":"https:\/\/notinor.com\/jujuy\/wp-json\/wp\/v2\/posts\/188070"}],"collection":[{"href":"https:\/\/notinor.com\/jujuy\/wp-json\/wp\/v2\/posts"}],"about":[{"href":"https:\/\/notinor.com\/jujuy\/wp-json\/wp\/v2\/types\/post"}],"author":[{"embeddable":true,"href":"https:\/\/notinor.com\/jujuy\/wp-json\/wp\/v2\/users\/1"}],"replies":[{"embeddable":true,"href":"https:\/\/notinor.com\/jujuy\/wp-json\/wp\/v2\/comments?post=188070"}],"version-history":[{"count":3,"href":"https:\/\/notinor.com\/jujuy\/wp-json\/wp\/v2\/posts\/188070\/revisions"}],"predecessor-version":[{"id":188074,"href":"https:\/\/notinor.com\/jujuy\/wp-json\/wp\/v2\/posts\/188070\/revisions\/188074"}],"wp:featuredmedia":[{"embeddable":true,"href":"https:\/\/notinor.com\/jujuy\/wp-json\/wp\/v2\/media\/188072"}],"wp:attachment":[{"href":"https:\/\/notinor.com\/jujuy\/wp-json\/wp\/v2\/media?parent=188070"}],"wp:term":[{"taxonomy":"category","embeddable":true,"href":"https:\/\/notinor.com\/jujuy\/wp-json\/wp\/v2\/categories?post=188070"},{"taxonomy":"post_tag","embeddable":true,"href":"https:\/\/notinor.com\/jujuy\/wp-json\/wp\/v2\/tags?post=188070"}],"curies":[{"name":"wp","href":"https:\/\/api.w.org\/{rel}","templated":true}]}}