{"id":188067,"date":"2018-08-20T12:02:18","date_gmt":"2018-08-20T15:02:18","guid":{"rendered":"http:\/\/notinor.com\/jujuy\/?p=188067"},"modified":"2018-08-20T12:02:18","modified_gmt":"2018-08-20T15:02:18","slug":"san-salvador-de-jujuy-anfitriona-de-un-encuentro-internacional-de-primer-nivel","status":"publish","type":"post","link":"https:\/\/notinor.com\/jujuy\/san-salvador-de-jujuy-anfitriona-de-un-encuentro-internacional-de-primer-nivel\/","title":{"rendered":"San Salvador de Jujuy anfitriona de un encuentro internacional de primer nivel"},"content":{"rendered":"<p><img decoding=\"async\" loading=\"lazy\" class=\"size-medium wp-image-188077 aligncenter\" src=\"http:\/\/notinor.com\/jujuy\/wp-content\/uploads\/2018\/08\/FOCALAE-650x365.jpeg\" alt=\"\" width=\"650\" height=\"365\" srcset=\"https:\/\/notinor.com\/jujuy\/wp-content\/uploads\/2018\/08\/FOCALAE-650x365.jpeg 650w, https:\/\/notinor.com\/jujuy\/wp-content\/uploads\/2018\/08\/FOCALAE-500x280.jpeg 500w, https:\/\/notinor.com\/jujuy\/wp-content\/uploads\/2018\/08\/FOCALAE.jpeg 750w\" sizes=\"(max-width: 650px) 100vw, 650px\" \/><\/p>\n<p style=\"font-weight: 400;\">Durante el encuentro realizado en Hu\u00ea- Vietnam en el 2016, donde\u00a0\u00a0San Salvador de Jujuy fue la \u00fanica ciudad representante del pa\u00eds, a trav\u00e9s\u00a0\u00a0del intendente municipal, Ra\u00fal \"Chuli\" Jorge, FOCALAE design\u00f3 a San Salvador de Jujuy, como la ciudad cultural destacada durante los a\u00f1os 2017\/ 2018 y la design\u00f3 anfitriona del segundo encuentro. Tal decisi\u00f3n fue refrendada por las m\u00e1ximas autoridades de FOCALAE y por el Ministerio de Relaciones Exteriores de la Naci\u00f3n.<\/p>\n<p style=\"font-weight: 400;\">En 2016 se cre\u00f3 la Red de Ciudades Culturales, dentro el Foro de Cooperaci\u00f3n de Am\u00e9rica Latina y Asia del Este\u00a0(FOCALAE), una organizaci\u00f3n regional, compuesta por 36 pa\u00edses del Sudeste Asi\u00e1tico y Latinoam\u00e9rica, cuyo objetivo es propiciar el di\u00e1logo, a trav\u00e9s de municipios o alcald\u00edas, de los pa\u00edses miembros; la cooperaci\u00f3n y el entendimiento mutuo de ambas regiones.<\/p>\n<p style=\"font-weight: 400;\">FOCALAE contar\u00e1 con la presencia de representantes de Asia del Este, 11 pa\u00edses: Corea del Sur, Malasia, Filipinas, Indonesia Tailandia, China, Jap\u00f3n entre otros; de Ocean\u00eda, Rotorua de Nueva Zelanda y de Latinoam\u00e9rica varios representantes, tanto alcaldes\u00a0\u00a0como embajadores de Centroam\u00e9rica, como Costa Rica, el Salvador, Guatemala, Cuba.<\/p>\n<p>&nbsp;<\/p>\n","protected":false},"excerpt":{"rendered":"<p>Durante el encuentro realizado en Hu\u00ea- Vietnam en el 2016, donde\u00a0\u00a0San Salvador de Jujuy fue la \u00fanica ciudad representante del pa\u00eds, a trav\u00e9s\u00a0\u00a0del intendente municipal, Ra\u00fal \"Chuli\" Jorge, FOCALAE design\u00f3 a San Salvador de Jujuy, como la ciudad cultural destacada durante los a\u00f1os 2017\/ 2018 y la design\u00f3 anfitriona del segundo encuentro. Tal decisi\u00f3n fue [&hellip;]<\/p>\n","protected":false},"author":5,"featured_media":188076,"comment_status":"open","ping_status":"open","sticky":false,"template":"","format":"standard","meta":{"_stopmodifiedupdate":false,"_modified_date":"","inline_featured_image":false},"categories":[490],"tags":[],"jetpack_featured_media_url":"https:\/\/notinor.com\/jujuy\/wp-content\/uploads\/2018\/08\/focalae11.jpg","_links":{"self":[{"href":"https:\/\/notinor.com\/jujuy\/wp-json\/wp\/v2\/posts\/188067"}],"collection":[{"href":"https:\/\/notinor.com\/jujuy\/wp-json\/wp\/v2\/posts"}],"about":[{"href":"https:\/\/notinor.com\/jujuy\/wp-json\/wp\/v2\/types\/post"}],"author":[{"embeddable":true,"href":"https:\/\/notinor.com\/jujuy\/wp-json\/wp\/v2\/users\/5"}],"replies":[{"embeddable":true,"href":"https:\/\/notinor.com\/jujuy\/wp-json\/wp\/v2\/comments?post=188067"}],"version-history":[{"count":1,"href":"https:\/\/notinor.com\/jujuy\/wp-json\/wp\/v2\/posts\/188067\/revisions"}],"predecessor-version":[{"id":188078,"href":"https:\/\/notinor.com\/jujuy\/wp-json\/wp\/v2\/posts\/188067\/revisions\/188078"}],"wp:featuredmedia":[{"embeddable":true,"href":"https:\/\/notinor.com\/jujuy\/wp-json\/wp\/v2\/media\/188076"}],"wp:attachment":[{"href":"https:\/\/notinor.com\/jujuy\/wp-json\/wp\/v2\/media?parent=188067"}],"wp:term":[{"taxonomy":"category","embeddable":true,"href":"https:\/\/notinor.com\/jujuy\/wp-json\/wp\/v2\/categories?post=188067"},{"taxonomy":"post_tag","embeddable":true,"href":"https:\/\/notinor.com\/jujuy\/wp-json\/wp\/v2\/tags?post=188067"}],"curies":[{"name":"wp","href":"https:\/\/api.w.org\/{rel}","templated":true}]}}