{"id":188065,"date":"2018-08-20T11:29:20","date_gmt":"2018-08-20T14:29:20","guid":{"rendered":"http:\/\/notinor.com\/jujuy\/?p=188065"},"modified":"2018-08-20T11:29:20","modified_gmt":"2018-08-20T14:29:20","slug":"estudiantes-boca-superliga-horario-tv-y-formaciones","status":"publish","type":"post","link":"https:\/\/notinor.com\/jujuy\/estudiantes-boca-superliga-horario-tv-y-formaciones\/","title":{"rendered":"Estudiantes-Boca, Superliga: horario, TV y formaciones"},"content":{"rendered":"<p><a href=\"http:\/\/notinor.com\/jujuy\/estudiantes-boca-superliga-horario-tv-y-formaciones\/1-3190\/\" rel=\"attachment wp-att-188066\"><img decoding=\"async\" loading=\"lazy\" class=\"alignnone size-large wp-image-188066\" src=\"http:\/\/notinor.com\/jujuy\/wp-content\/uploads\/2018\/08\/1-41-651x480.jpg\" alt=\"\" width=\"651\" height=\"480\" srcset=\"https:\/\/notinor.com\/jujuy\/wp-content\/uploads\/2018\/08\/1-41-651x480.jpg 651w, https:\/\/notinor.com\/jujuy\/wp-content\/uploads\/2018\/08\/1-41-495x365.jpg 495w, https:\/\/notinor.com\/jujuy\/wp-content\/uploads\/2018\/08\/1-41.jpg 707w\" sizes=\"(max-width: 651px) 100vw, 651px\" \/><\/a><\/p>\n<p>&nbsp;<\/p>\n<p>Boca\u00a0visita este lunes por la tarde a\u00a0Estudiantes de La Plata\u00a0, en uno de los partidos por la segunda fecha de la\u00a0Superliga\u00a0. El encuentro se jugar\u00e1 desde las 15.30 en el Centenario de Quilmes, con transmisi\u00f3n por Fox Sports Premium.<\/p>\n<p>Boca, que viene de caer por 3-0 ante Barcelona en por la Copa Joan Gamper, contar\u00e1 con dos cambios: Paolo Goltz ingresar\u00e1 en lugar de Carlos Izquierdoz en la zaga central, y Mauro Z\u00e1rate ocupar\u00e1 el lugar de delantero en reemplazo de Ram\u00f3n 'Wanchope' \u00c1bila.<\/p>\n<h2 id=\"las-posibles-formaciones-\" class=\"subtitulo-1\">Las posibles formaciones:<\/h2>\n<p><b>Boca:<\/b>\u00a0Esteban Andrada; Leonardo Jara, Paolo Goltz, Lisandro Magall\u00e1n, Emmanuel Mas; Nahit\u00e1n N\u00e1ndez, Wilmar Barrios, Pablo P\u00e9rez; Cristian Pav\u00f3n, Mauro Z\u00e1rate y Edwin Cardona. DT: Guillermo Barros Schelotto.<\/p>\n<p><b>Estudiantes:<\/b>\u00a0Mariano And\u00fajar; Facundo S\u00e1nchez, Jonatan Schunke, Gast\u00f3n Campo e Iv\u00e1n Erquiaga; Iv\u00e1n G\u00f3mez y Fernando Zuqui; Pablo Lug\u00fcercio, Lucas Rodr\u00edguez y Mat\u00edas Pellegrini; Francisco Apaolaza. DT: Leandro Ben\u00edtez.<\/p>\n<p>Estadio: Quilmes.<\/p>\n<p>Hora: 15.30<\/p>\n<p>TV: Fox Sports Premium.<\/p>\n","protected":false},"excerpt":{"rendered":"<p>&nbsp; Boca\u00a0visita este lunes por la tarde a\u00a0Estudiantes de La Plata\u00a0, en uno de los partidos por la segunda fecha de la\u00a0Superliga\u00a0. El encuentro se jugar\u00e1 desde las 15.30 en el Centenario de Quilmes, con transmisi\u00f3n por Fox Sports Premium. Boca, que viene de caer por 3-0 ante Barcelona en por la Copa Joan Gamper, [&hellip;]<\/p>\n","protected":false},"author":1,"featured_media":188066,"comment_status":"open","ping_status":"open","sticky":false,"template":"","format":"standard","meta":{"_stopmodifiedupdate":false,"_modified_date":"","inline_featured_image":false},"categories":[7],"tags":[],"jetpack_featured_media_url":"https:\/\/notinor.com\/jujuy\/wp-content\/uploads\/2018\/08\/1-41.jpg","_links":{"self":[{"href":"https:\/\/notinor.com\/jujuy\/wp-json\/wp\/v2\/posts\/188065"}],"collection":[{"href":"https:\/\/notinor.com\/jujuy\/wp-json\/wp\/v2\/posts"}],"about":[{"href":"https:\/\/notinor.com\/jujuy\/wp-json\/wp\/v2\/types\/post"}],"author":[{"embeddable":true,"href":"https:\/\/notinor.com\/jujuy\/wp-json\/wp\/v2\/users\/1"}],"replies":[{"embeddable":true,"href":"https:\/\/notinor.com\/jujuy\/wp-json\/wp\/v2\/comments?post=188065"}],"version-history":[{"count":2,"href":"https:\/\/notinor.com\/jujuy\/wp-json\/wp\/v2\/posts\/188065\/revisions"}],"predecessor-version":[{"id":188069,"href":"https:\/\/notinor.com\/jujuy\/wp-json\/wp\/v2\/posts\/188065\/revisions\/188069"}],"wp:featuredmedia":[{"embeddable":true,"href":"https:\/\/notinor.com\/jujuy\/wp-json\/wp\/v2\/media\/188066"}],"wp:attachment":[{"href":"https:\/\/notinor.com\/jujuy\/wp-json\/wp\/v2\/media?parent=188065"}],"wp:term":[{"taxonomy":"category","embeddable":true,"href":"https:\/\/notinor.com\/jujuy\/wp-json\/wp\/v2\/categories?post=188065"},{"taxonomy":"post_tag","embeddable":true,"href":"https:\/\/notinor.com\/jujuy\/wp-json\/wp\/v2\/tags?post=188065"}],"curies":[{"name":"wp","href":"https:\/\/api.w.org\/{rel}","templated":true}]}}