{"id":188055,"date":"2018-08-20T11:26:35","date_gmt":"2018-08-20T14:26:35","guid":{"rendered":"http:\/\/notinor.com\/jujuy\/?p=188055"},"modified":"2018-08-20T11:26:35","modified_gmt":"2018-08-20T14:26:35","slug":"reforzaran-campana-de-vacunacion-contra-el-sarampion","status":"publish","type":"post","link":"https:\/\/notinor.com\/jujuy\/reforzaran-campana-de-vacunacion-contra-el-sarampion\/","title":{"rendered":"Reforzar\u00e1n campa\u00f1a de vacunaci\u00f3n contra el Sarampi\u00f3n"},"content":{"rendered":"<p><img decoding=\"async\" loading=\"lazy\" class=\"size-medium wp-image-188063 aligncenter\" src=\"http:\/\/notinor.com\/jujuy\/wp-content\/uploads\/2018\/08\/camion-sanitario-2-1024x576-650x365.jpg\" alt=\"\" width=\"650\" height=\"365\" srcset=\"https:\/\/notinor.com\/jujuy\/wp-content\/uploads\/2018\/08\/camion-sanitario-2-1024x576-650x365.jpg 650w, https:\/\/notinor.com\/jujuy\/wp-content\/uploads\/2018\/08\/camion-sanitario-2-1024x576-500x280.jpg 500w, https:\/\/notinor.com\/jujuy\/wp-content\/uploads\/2018\/08\/camion-sanitario-2-1024x576.jpg 750w\" sizes=\"(max-width: 650px) 100vw, 650px\" \/><\/p>\n<p>\u201cLa colocaci\u00f3n de la vacuna es de car\u00e1cter gratuito y obligatorio ya que as\u00ed lo indica el Calendario Nacional de Vacunaci\u00f3n\u201d, sostuvo el Ministro de Salud Gustavo Bouhid al referirse a la campa\u00f1a que regir\u00e1 desde el 1 de octubre hasta el 30 de noviembre del a\u00f1o en curso.<\/p>\n<p>Por su parte, la Directora Provincial de Atenci\u00f3n Primaria de la Salud, Liliana Flores indic\u00f3 que \u201cdentro de esta franja etaria se encuentran aproximadamente 50 mil ni\u00f1os que tienen que ser vacunados\u201d y agreg\u00f3 que \u201cel objetivo principal es cubrir un 80% de esta poblaci\u00f3n durante octubre, mientras que el 20% restante cubrirlo durante el mes de noviembre\u201d. Luego inform\u00f3 que para llevar a cabo la campa\u00f1a se reforzar\u00e1 con el Cami\u00f3n Sanitario que trasladar\u00e1 los insumos y el equipo sanitario a las localidades con dif\u00edcil acceso\u201d.<\/p>\n<p>Tambi\u00e9n, la Directora de APS destac\u00f3 que \u201ctodos los vacunatorios y personal de salud se encuentran capacitados para esta campa\u00f1a, con un grupo definido y nominalizados de ni\u00f1os y con todas las condiciones predispuestas para lograr el objetivo final\u201d.<\/p>\n<p>Por \u00faltimo Flores aclar\u00f3 que \u201ca nivel internacional en Argentina el sarampi\u00f3n se logr\u00f3 eliminar, pero no as\u00ed en el resto del mundo por lo cual es necesario consolidar la eliminaci\u00f3n a trav\u00e9s de coberturas \u00f3ptimas de vacunaci\u00f3n\u201d, finaliz\u00f3.<\/p>\n<p>&nbsp;<\/p>\n","protected":false},"excerpt":{"rendered":"<p>\u201cLa colocaci\u00f3n de la vacuna es de car\u00e1cter gratuito y obligatorio ya que as\u00ed lo indica el Calendario Nacional de Vacunaci\u00f3n\u201d, sostuvo el Ministro de Salud Gustavo Bouhid al referirse a la campa\u00f1a que regir\u00e1 desde el 1 de octubre hasta el 30 de noviembre del a\u00f1o en curso. Por su parte, la Directora Provincial [&hellip;]<\/p>\n","protected":false},"author":5,"featured_media":188058,"comment_status":"open","ping_status":"open","sticky":false,"template":"","format":"standard","meta":{"_stopmodifiedupdate":false,"_modified_date":"","inline_featured_image":false},"categories":[13],"tags":[],"jetpack_featured_media_url":"https:\/\/notinor.com\/jujuy\/wp-content\/uploads\/2018\/08\/camion-sanitario-1024x684.jpg","_links":{"self":[{"href":"https:\/\/notinor.com\/jujuy\/wp-json\/wp\/v2\/posts\/188055"}],"collection":[{"href":"https:\/\/notinor.com\/jujuy\/wp-json\/wp\/v2\/posts"}],"about":[{"href":"https:\/\/notinor.com\/jujuy\/wp-json\/wp\/v2\/types\/post"}],"author":[{"embeddable":true,"href":"https:\/\/notinor.com\/jujuy\/wp-json\/wp\/v2\/users\/5"}],"replies":[{"embeddable":true,"href":"https:\/\/notinor.com\/jujuy\/wp-json\/wp\/v2\/comments?post=188055"}],"version-history":[{"count":2,"href":"https:\/\/notinor.com\/jujuy\/wp-json\/wp\/v2\/posts\/188055\/revisions"}],"predecessor-version":[{"id":188064,"href":"https:\/\/notinor.com\/jujuy\/wp-json\/wp\/v2\/posts\/188055\/revisions\/188064"}],"wp:featuredmedia":[{"embeddable":true,"href":"https:\/\/notinor.com\/jujuy\/wp-json\/wp\/v2\/media\/188058"}],"wp:attachment":[{"href":"https:\/\/notinor.com\/jujuy\/wp-json\/wp\/v2\/media?parent=188055"}],"wp:term":[{"taxonomy":"category","embeddable":true,"href":"https:\/\/notinor.com\/jujuy\/wp-json\/wp\/v2\/categories?post=188055"},{"taxonomy":"post_tag","embeddable":true,"href":"https:\/\/notinor.com\/jujuy\/wp-json\/wp\/v2\/tags?post=188055"}],"curies":[{"name":"wp","href":"https:\/\/api.w.org\/{rel}","templated":true}]}}