{"id":18793,"date":"2015-03-08T01:20:57","date_gmt":"2015-03-08T04:20:57","guid":{"rendered":"http:\/\/notinor.com\/jujuy\/?p=18793"},"modified":"2015-03-08T01:20:57","modified_gmt":"2015-03-08T04:20:57","slug":"actividades-de-ong-juanita-moro-por-el-dia-internacional-de-la-mujer","status":"publish","type":"post","link":"https:\/\/notinor.com\/jujuy\/actividades-de-ong-juanita-moro-por-el-dia-internacional-de-la-mujer\/","title":{"rendered":"Actividades de ONG Juanita Moro por el d\u00eda internacional de la mujer"},"content":{"rendered":"<p>La ONG Juanita Moro invita a la ciudadan\u00eda a participar de las actividades que desarrollara la instituci\u00f3n durante marzo, mes de la Mujer.<\/p>\n<p>Cristina Romano, Mar\u00eda Jos\u00e9 \u00c1lvarez Carreras, Elva Castro, Carmen Pe\u00f1a, Clara I\u00f1iguez, M\u00f3nica Pantoja, entre otras, integrantes de la ONG JUANITA MORO anunciaron que las actividades en homenaje a las mujeres iniciaron el mi\u00e9rcoles 04 con el taller \u201cMujeres y Derechos. El legado de las mujeres que nos precedieron\u201d, desarrollado en sede de la Copa de Leche del Barrio 8 de Marzo de Alto Comedero.<\/p>\n<p>Siguiendo con el programa tienen previsto el viernes 27, el lanzamiento del Proyecto \u201cPasa la Voz, tu cuerpo es tu territorio\u201d, que tiene el objetivo de difundir derechos sexuales y reproductivos en la provincia de Jujuy. Cabe destacar que dicho proyecto fue galardonado con el Premio Mujeres Solidarias de la Fundaci\u00f3n Av\u00f3n.<\/p>\n<p style=\"text-align: center;\"><a href=\"http:\/\/notinor.com\/jujuy\/wp-content\/uploads\/2015\/03\/dia_de_la_mujer3.jpg\"><img decoding=\"async\" loading=\"lazy\" class=\"alignnone size-full wp-image-18794\" src=\"http:\/\/notinor.com\/jujuy\/wp-content\/uploads\/2015\/03\/dia_de_la_mujer3.jpg\" alt=\"dia_de_la_mujer3\" width=\"759\" height=\"459\" srcset=\"https:\/\/notinor.com\/jujuy\/wp-content\/uploads\/2015\/03\/dia_de_la_mujer3.jpg 759w, https:\/\/notinor.com\/jujuy\/wp-content\/uploads\/2015\/03\/dia_de_la_mujer3-300x181.jpg 300w\" sizes=\"(max-width: 759px) 100vw, 759px\" \/><\/a><\/p>\n<p>Desde la Juanita Moro destacan que el 08 de Marzo es un d\u00eda de lucha, para renovar compromisos y demandar que se profundicen las pol\u00edticas p\u00fablicas, se hagan realidad los derechos y la ciudadan\u00eda activa de las mujeres.<\/p>\n<p>Recuerdan adem\u00e1s que en 2015 se cumplen 20 a\u00f1os de los compromisos que asumieron los 189 pa\u00edses que asistieron a la Cuarta Conferencia Mundial sobre la Mujer, celebrada en Beijing, China y destacan que en la oportunidad las naciones participantes, acordaron para este lapso lograr la igualdad de g\u00e9nero y garantizar el pleno ejercicio de los derechos para las mujeres y las Ni\u00f1as.<\/p>\n<p>Agregan que los movimientos feministas y de mujeres tuvieron activa y vital participaci\u00f3n para impulsar esos cambios que hoy se traducen, principalmente, en marcos normativos y ponen de relieve, que en los \u00faltimos 20 a\u00f1os, hubo en Am\u00e9rica Latina y el Caribe avances y ampliaci\u00f3n de derechos, que redundaron en mejoras para la vida de las mujeres y las ni\u00f1as.<\/p>\n<p>Finalmente se\u00f1alaron que la ONG Juanita Moro, adhiere y participa como todos los a\u00f1os de las actividades que lleva adelante la Multisectorial de Mujeres de Jujuy, y todas las organizaciones que realizan actividades con motivo de conmemorar el D\u00eda Internacional de las Mujeres.<\/p>\n","protected":false},"excerpt":{"rendered":"<p>La ONG Juanita Moro invita a la ciudadan\u00eda a participar de las actividades que desarrollara la instituci\u00f3n durante marzo, mes de la Mujer. Cristina Romano, Mar\u00eda Jos\u00e9 \u00c1lvarez Carreras, Elva Castro, Carmen Pe\u00f1a, Clara I\u00f1iguez, M\u00f3nica Pantoja, entre otras, integrantes de la ONG JUANITA MORO anunciaron que las actividades en homenaje a las mujeres iniciaron [&hellip;]<\/p>\n","protected":false},"author":1,"featured_media":18794,"comment_status":"open","ping_status":"open","sticky":false,"template":"","format":"standard","meta":{"_stopmodifiedupdate":false,"_modified_date":"","inline_featured_image":false,"spay_email":"","jetpack_publicize_message":""},"categories":[2],"tags":[],"jetpack_featured_media_url":"https:\/\/notinor.com\/jujuy\/wp-content\/uploads\/2015\/03\/dia_de_la_mujer3.jpg","jetpack_publicize_connections":[],"_links":{"self":[{"href":"https:\/\/notinor.com\/jujuy\/wp-json\/wp\/v2\/posts\/18793"}],"collection":[{"href":"https:\/\/notinor.com\/jujuy\/wp-json\/wp\/v2\/posts"}],"about":[{"href":"https:\/\/notinor.com\/jujuy\/wp-json\/wp\/v2\/types\/post"}],"author":[{"embeddable":true,"href":"https:\/\/notinor.com\/jujuy\/wp-json\/wp\/v2\/users\/1"}],"replies":[{"embeddable":true,"href":"https:\/\/notinor.com\/jujuy\/wp-json\/wp\/v2\/comments?post=18793"}],"version-history":[{"count":1,"href":"https:\/\/notinor.com\/jujuy\/wp-json\/wp\/v2\/posts\/18793\/revisions"}],"predecessor-version":[{"id":18795,"href":"https:\/\/notinor.com\/jujuy\/wp-json\/wp\/v2\/posts\/18793\/revisions\/18795"}],"wp:featuredmedia":[{"embeddable":true,"href":"https:\/\/notinor.com\/jujuy\/wp-json\/wp\/v2\/media\/18794"}],"wp:attachment":[{"href":"https:\/\/notinor.com\/jujuy\/wp-json\/wp\/v2\/media?parent=18793"}],"wp:term":[{"taxonomy":"category","embeddable":true,"href":"https:\/\/notinor.com\/jujuy\/wp-json\/wp\/v2\/categories?post=18793"},{"taxonomy":"post_tag","embeddable":true,"href":"https:\/\/notinor.com\/jujuy\/wp-json\/wp\/v2\/tags?post=18793"}],"curies":[{"name":"wp","href":"https:\/\/api.w.org\/{rel}","templated":true}]}}