{"id":187137,"date":"2018-08-13T17:29:08","date_gmt":"2018-08-13T20:29:08","guid":{"rendered":"http:\/\/notinor.com\/jujuy\/?p=187137"},"modified":"2018-08-13T17:29:08","modified_gmt":"2018-08-13T20:29:08","slug":"detiene-a-tres-sujetos-y-recuperan-bienes-robados-a-una-escuela","status":"publish","type":"post","link":"https:\/\/notinor.com\/jujuy\/detiene-a-tres-sujetos-y-recuperan-bienes-robados-a-una-escuela\/","title":{"rendered":"Detiene a tres sujetos y recuperan bienes robados a una escuela"},"content":{"rendered":"<p class=\"gmail-MsoNoSpacing\">Haci\u00e9ndose saber que personal policial minutos despu\u00e9s del il\u00edcito, aprehendi\u00f3 a otro individuo, raz\u00f3n por lo cual se pudo esclarecer el robo, a ra\u00edz de la captura de los tres masculinos, quienes quedaron alojados en la sede operativa y a disposici\u00f3n de la Fiscal\u00eda interviniente.<\/p>\n<p class=\"gmail-MsoNoSpacing\">Cabe recordar que el acto delictivo ocurri\u00f3 en horas de la madrugada del s\u00e1bado \u00faltimo, por lo que en la seccional 62\u00ba oportunamente se radic\u00f3 denuncia por parte de la directora del colegio N\u00ba 32, ubicado en el barrio El Balc\u00f3n, donde refiri\u00f3 que sujetos tras violentar la ventana met\u00e1lica, le sustrajeron del interior del edificio, dos computadoras (Monitor, CPU, teclado, mouse, cable de conexi\u00f3n), un radiograbador, un estabilizador, llaves de secretar\u00eda y direcci\u00f3n. Ante la envergadura del hecho, el fiscal de turno dispuso la elevaci\u00f3n de las actuaciones sumarias a la citada unidad especial (Brigada), con la demora de un masculino, y con el secuestro de una CPU, y un monitor.<\/p>\n<p class=\"gmail-MsoNoSpacing\">En ese marco los detectives tras diversas tareas investigativas y l\u00ednea de inteligencia, lograron establecer la identidad del resto de los integrantes del robo y aprehensi\u00f3n de los mismos en la v\u00eda p\u00fablica en sectores del barrio 8 de Marzo y El Balc\u00f3n de Alto Comedero. Asimismo personal policial logr\u00f3 recuperar la totalidad de los bienes antes enumerados y denunciados como sustra\u00eddos, los cuales fueron entregados de forma voluntaria por parte de un familiar de uno de los inculpados, a fin de deslindar responsabilidades.<\/p>\n<p class=\"gmail-MsoNoSpacing\">De consulta con el agente fiscal de turno dispuso promover acci\u00f3n penal por el delito de \"Robo en Poblado y en Banda en contra de los demorados\", quedando los mismos alojados en la dependencia policial en calidad de arrestados comunicados y a disposici\u00f3n de la Fiscal\u00eda interviniente.<\/p>\n","protected":false},"excerpt":{"rendered":"<p>Haci\u00e9ndose saber que personal policial minutos despu\u00e9s del il\u00edcito, aprehendi\u00f3 a otro individuo, raz\u00f3n por lo cual se pudo esclarecer el robo, a ra\u00edz de la captura de los tres masculinos, quienes quedaron alojados en la sede operativa y a disposici\u00f3n de la Fiscal\u00eda interviniente. Cabe recordar que el acto delictivo ocurri\u00f3 en horas de [&hellip;]<\/p>\n","protected":false},"author":5,"featured_media":187139,"comment_status":"open","ping_status":"open","sticky":false,"template":"","format":"standard","meta":{"_stopmodifiedupdate":false,"_modified_date":"","inline_featured_image":false,"spay_email":"","jetpack_publicize_message":""},"categories":[3],"tags":[],"jetpack_featured_media_url":"https:\/\/notinor.com\/jujuy\/wp-content\/uploads\/2018\/08\/Foto-bienes-recuperados-por-Brigada-Alto-Comedero.jpg","jetpack_publicize_connections":[],"_links":{"self":[{"href":"https:\/\/notinor.com\/jujuy\/wp-json\/wp\/v2\/posts\/187137"}],"collection":[{"href":"https:\/\/notinor.com\/jujuy\/wp-json\/wp\/v2\/posts"}],"about":[{"href":"https:\/\/notinor.com\/jujuy\/wp-json\/wp\/v2\/types\/post"}],"author":[{"embeddable":true,"href":"https:\/\/notinor.com\/jujuy\/wp-json\/wp\/v2\/users\/5"}],"replies":[{"embeddable":true,"href":"https:\/\/notinor.com\/jujuy\/wp-json\/wp\/v2\/comments?post=187137"}],"version-history":[{"count":2,"href":"https:\/\/notinor.com\/jujuy\/wp-json\/wp\/v2\/posts\/187137\/revisions"}],"predecessor-version":[{"id":187140,"href":"https:\/\/notinor.com\/jujuy\/wp-json\/wp\/v2\/posts\/187137\/revisions\/187140"}],"wp:featuredmedia":[{"embeddable":true,"href":"https:\/\/notinor.com\/jujuy\/wp-json\/wp\/v2\/media\/187139"}],"wp:attachment":[{"href":"https:\/\/notinor.com\/jujuy\/wp-json\/wp\/v2\/media?parent=187137"}],"wp:term":[{"taxonomy":"category","embeddable":true,"href":"https:\/\/notinor.com\/jujuy\/wp-json\/wp\/v2\/categories?post=187137"},{"taxonomy":"post_tag","embeddable":true,"href":"https:\/\/notinor.com\/jujuy\/wp-json\/wp\/v2\/tags?post=187137"}],"curies":[{"name":"wp","href":"https:\/\/api.w.org\/{rel}","templated":true}]}}