{"id":187131,"date":"2018-08-13T16:37:31","date_gmt":"2018-08-13T19:37:31","guid":{"rendered":"http:\/\/notinor.com\/jujuy\/?p=187131"},"modified":"2018-08-13T16:37:31","modified_gmt":"2018-08-13T19:37:31","slug":"las-5-causas-del-desplome-de-la-lira-turca","status":"publish","type":"post","link":"https:\/\/notinor.com\/jujuy\/las-5-causas-del-desplome-de-la-lira-turca\/","title":{"rendered":"Las 5 causas del desplome de la lira turca"},"content":{"rendered":"<div class=\"row\">\n<figure class=\"element element-image col-xs-12\">\n<div class=\"single-image\"><img decoding=\"async\" loading=\"lazy\" id=\"FQ34PLQWZNH5BI2HVYJQTB3T6Q\" class=\"image-lazy\" src=\"https:\/\/www.infobae.com\/new-resizer\/1NnhTZWbjlBSda7xdj-v_L07Z6U=\/600x0\/filters:quality(100)\/s3.amazonaws.com\/arc-wordpress-client-uploads\/infobae-wp\/wp-content\/uploads\/2018\/08\/12211228\/Lira-turca.jpg\" alt=\"Lira turca\" width=\"750\" height=\"422.265625\" data-url=\"https:\/\/www.infobae.com\/america\/mundo\/2018\/08\/13\/las-5-causas-del-desplome-de-la-lira-turca-tormenta-financiera-derroche-hiperpresidencialismo-intervencion-del-banco-central-y-crisis-con-eeuu\/%23FQ34PLQWZNH5BI2HVYJQTB3T6Q\" data-original=\"https:\/\/www.infobae.com\/new-resizer\/1NnhTZWbjlBSda7xdj-v_L07Z6U=\/600x0\/filters:quality(100)\/s3.amazonaws.com\/arc-wordpress-client-uploads\/infobae-wp\/wp-content\/uploads\/2018\/08\/12211228\/Lira-turca.jpg\" \/><\/div><figcaption class=\"\"><span class=\"credit\">Lira turca<\/span><\/figcaption><\/figure>\n<\/div>\n<div class=\"row\">\n<div class=\"col-xs-12 col-print-12\">\n<p class=\"element element-paragraph\">El 10 de agosto, que los economistas ya bautizaron como \"viernes negro\", la lira perdi\u00f3 un 16% de su valor frente al d\u00f3lar, una ca\u00edda que se aceler\u00f3 con un tuit de Donald Trump anunciando su intenci\u00f3n de duplicar los aranceles a la importaci\u00f3n del acero y aluminio turcos.<\/p>\n<p>Erdogan intent\u00f3 este lunes tranquilizar a los mercados y afirm\u00f3 que los fundamentos de la econom\u00eda turca son \"s\u00f3lidos\".<\/p>\n<p>Pero los economistas estiman que,<b>\u00a0m\u00e1s all\u00e1 de las pol\u00edticas econ\u00f3micas del gobierno, se tienen que buscar otras explicaciones a las dificultades de Turqu\u00eda, 17\u00aa potencia econ\u00f3mica mundial.<\/b><\/p>\n<\/div>\n<\/div>\n<div class=\"row\">\n<figure class=\"element element-image col-xs-12\">\n<div class=\"single-image\">\n<div class=\"shares\">\n<div class=\"share-button facebook\" data-url=\"https:\/\/www.infobae.com\/america\/mundo\/2018\/08\/13\/las-5-causas-del-desplome-de-la-lira-turca-tormenta-financiera-derroche-hiperpresidencialismo-intervencion-del-banco-central-y-crisis-con-eeuu\/%23XNEXR6EMIRBBZPOXZX7XWZ2KBU\" data-original=\"https:\/\/s3.amazonaws.com\/arc-wordpress-client-uploads\/infobae-wp\/wp-content\/uploads\/2017\/05\/16135526\/trump-erdogan-1920-6.jpg\"><\/div>\n<\/div>\n<p><img decoding=\"async\" loading=\"lazy\" id=\"XNEXR6EMIRBBZPOXZX7XWZ2KBU\" class=\"image-lazy\" src=\"https:\/\/www.infobae.com\/new-resizer\/AWfD7tlmK5pOTpLrhRc04GqqcSk=\/600x0\/filters:quality(100)\/s3.amazonaws.com\/arc-wordpress-client-uploads\/infobae-wp\/wp-content\/uploads\/2017\/05\/16135526\/trump-erdogan-1920-6.jpg\" alt=\"El presidente de los Estados Unidos, Donald Trump, da la bienvenida al presidente turco, Recep Tayyip Erdogan, cuando llega a las reuniones en la Casa Blanca en Washington, DC, el 16 de mayo de 2017 (AFP)\" width=\"750\" height=\"421.484375\" data-url=\"https:\/\/www.infobae.com\/america\/mundo\/2018\/08\/13\/las-5-causas-del-desplome-de-la-lira-turca-tormenta-financiera-derroche-hiperpresidencialismo-intervencion-del-banco-central-y-crisis-con-eeuu\/%23XNEXR6EMIRBBZPOXZX7XWZ2KBU\" data-original=\"https:\/\/www.infobae.com\/new-resizer\/AWfD7tlmK5pOTpLrhRc04GqqcSk=\/600x0\/filters:quality(100)\/s3.amazonaws.com\/arc-wordpress-client-uploads\/infobae-wp\/wp-content\/uploads\/2017\/05\/16135526\/trump-erdogan-1920-6.jpg\" \/><\/div><figcaption class=\"\"><span class=\"credit\">El presidente de los Estados Unidos, Donald Trump, da la bienvenida al presidente turco, Recep Tayyip Erdogan, cuando llega a las reuniones en la Casa Blanca en Washington, DC, el 16 de mayo de 2017 (AFP)<\/span><\/figcaption><\/figure>\n<\/div>\n<div class=\"row\">\n<div class=\"col-xs-12 col-print-12\">\n<p class=\"element element-paragraph\"><b>1-Crisis con Estados Unidos<\/b><br \/>\nA principios de agosto, Estados Unidos impuso sanciones contra dos ministros de Erdogan en protesta por el encarcelamiento de un pastor estadounidense. Ankara aplic\u00f3 por su parte medidas similares.<\/p>\n<p><b>Esta crisis entre dos miembros importantes de la OTAN, la m\u00e1s grave en 40 a\u00f1os, hizo temblar a los inversores y provoc\u00f3 una espectacular ca\u00edda de la lira<\/b>\u00a0turca frente al d\u00f3lar la semana pasada.<\/p>\n<p>Las sanciones de Estados Unidos \"secan los flujos de capitales\" en direcci\u00f3n hacia Turqu\u00eda, se\u00f1ala Capital Economics.<\/p>\n<p><b>2- Problemas estructurales<\/b><br \/>\n<b>Ya antes de la crisis con Estados Unidos, los economistas anunciaban una inminente tormenta financiera. Los expertos consideran que Erdogan avanz\u00f3 a junio las elecciones, previstas para 2019, para intentar esquivarla.\u00a0<\/b><\/p>\n<p>La tensi\u00f3n entre Ankara y Washington s\u00f3lo ha hecho \"exacerbar\" una crisis econ\u00f3mica emergente, explica Paul T. Levin, director del Instituto de Estudios Turcos de la Universidad de Estocolmo.<\/p>\n<p><b>Los problemas estructurales de Turqu\u00eda se reflejan en una fuerte inflaci\u00f3n<\/b>, que alcanz\u00f3 en julio casi al 16% interanual, y un d\u00e9ficit de las cuentas corrientes que no cesa de aumentar.<\/p>\n<\/div>\n<\/div>\n<div class=\"row\">\n<figure class=\"element element-image col-xs-12\">\n<div class=\"single-image\">\n<div class=\"shares\">\n<div class=\"share-button facebook\" data-url=\"https:\/\/www.infobae.com\/america\/mundo\/2018\/08\/13\/las-5-causas-del-desplome-de-la-lira-turca-tormenta-financiera-derroche-hiperpresidencialismo-intervencion-del-banco-central-y-crisis-con-eeuu\/%23AVD75HKRJVFM3ORFI5WITDMQ2I\" data-original=\"https:\/\/s3.amazonaws.com\/arc-wordpress-client-uploads\/infobae-wp\/wp-content\/uploads\/2018\/08\/13122810\/Recep-Erdogan-Turquia-Ankara-4.jpg\"><\/div>\n<\/div>\n<p><img decoding=\"async\" loading=\"lazy\" id=\"AVD75HKRJVFM3ORFI5WITDMQ2I\" class=\"image-lazy\" src=\"https:\/\/www.infobae.com\/new-resizer\/jWV8yP9_SUwQKpeXi20_fClc7iU=\/600x0\/filters:quality(100)\/s3.amazonaws.com\/arc-wordpress-client-uploads\/infobae-wp\/wp-content\/uploads\/2018\/08\/13122810\/Recep-Erdogan-Turquia-Ankara-4.jpg\" alt=\"\" width=\"750\" height=\"421.484375\" data-url=\"https:\/\/www.infobae.com\/america\/mundo\/2018\/08\/13\/las-5-causas-del-desplome-de-la-lira-turca-tormenta-financiera-derroche-hiperpresidencialismo-intervencion-del-banco-central-y-crisis-con-eeuu\/%23AVD75HKRJVFM3ORFI5WITDMQ2I\" data-original=\"https:\/\/www.infobae.com\/new-resizer\/jWV8yP9_SUwQKpeXi20_fClc7iU=\/600x0\/filters:quality(100)\/s3.amazonaws.com\/arc-wordpress-client-uploads\/infobae-wp\/wp-content\/uploads\/2018\/08\/13122810\/Recep-Erdogan-Turquia-Ankara-4.jpg\" \/><\/div><figcaption class=\"\"><\/figcaption><\/figure>\n<\/div>\n<div class=\"row\">\n<div id=\"\" class=\"wrapper clearfix pb-feature pb-layout-item pb-f-ads-dfp left-align\"><\/div>\n<div class=\"col-xs-12 col-print-12\">\n<p class=\"element element-paragraph\"><b>3-Pol\u00edtica heterodoxa<\/b><br \/>\nDesde su llegada al poder en 2003, Erdogan construy\u00f3 gran parte de su popularidad a partir de un elevado crecimiento y de colosales proyectos de infraestructuras.<\/p>\n<p><b>Los economistas describen al presidente turco como un partidario del \"crecimiento a cualquier precio\"<\/b>, empezando por el de un fuerte endeudamiento.<\/p>\n<p>En muchas ocasiones, las tesis defendidas por Erdogan provocan m\u00e1s de una sorpresa, como cuando dijo que bajar las tasas de inter\u00e9s reduce la inflaci\u00f3n, mientras la mayor\u00eda de los economistas creen lo contrario.<br \/>\n<b><br \/>\n<\/b><b>\"Era evidente desde hac\u00eda un tiempo (\u2026) que el mal gobierno econ\u00f3mico acabar\u00eda teniendo consecuencias\", asegura Levin.<\/b><\/p>\n<p><b>4-Tasa de inter\u00e9s<\/b><br \/>\n<b>El Banco central de Turqu\u00eda debe ser en teor\u00eda independiente, pero muchos economistas estiman que cada vez est\u00e1 m\u00e1s bajo la presi\u00f3n de Erdogan<\/b>.<\/p>\n<p>Su decisi\u00f3n de no aumentar sus tasas de inter\u00e9s la semana pasada caus\u00f3 alarma en los mercados.<\/p>\n<p>Este lunes,\u00a0el Banco central anunci\u00f3 una serie de medidas para tranquilizar a los inversores,\u00a0entre ellas que aportar\u00eda toda la liquidez que necesiten las entidades bancarias.<\/p>\n<p>\"Las medidas respecto a la liquidez no atacan el problema principal que es la ca\u00edda de la lira\", asegura sin embargo Konstantinos Anthis, analista para ADS Securities.<\/p>\n<p><b>5-Equipo econ\u00f3mico<\/b><br \/>\n<b>Tras las elecciones de junio, Turqu\u00eda pas\u00f3 a un sistema hiperpresidencial que concentra en las manos del jefe de Estado todos los poderes ejecutivos<\/b>.<\/p>\n<p><b>Erdogan adem\u00e1s nombr\u00f3 ministro del Tesoro y de Finanzas a su yerno, Berat Albayrak, alguien con poca experiencia.<\/b><b><br \/>\n<\/b><br \/>\n\"Sin duda, es la ausencia de una respuesta r\u00e1pida, firme y racional por parte de las autoridades turcas lo que envi\u00f3 la lira al abismo\", asevera Levin.<\/p>\n<\/div>\n<\/div>\n<div class=\"row\">\n<div class=\"col-xs-12 col-print-12\">\n<p class=\"element element-paragraph\"><em>Con informaci\u00f3n de AFP<\/em><\/p>\n<\/div>\n<\/div>\n","protected":false},"excerpt":{"rendered":"<p>Lira turca El 10 de agosto, que los economistas ya bautizaron como \"viernes negro\", la lira perdi\u00f3 un 16% de su valor frente al d\u00f3lar, una ca\u00edda que se aceler\u00f3 con un tuit de Donald Trump anunciando su intenci\u00f3n de duplicar los aranceles a la importaci\u00f3n del acero y aluminio turcos. Erdogan intent\u00f3 este lunes [&hellip;]<\/p>\n","protected":false},"author":1,"featured_media":187132,"comment_status":"open","ping_status":"open","sticky":false,"template":"","format":"standard","meta":{"_stopmodifiedupdate":false,"_modified_date":"","inline_featured_image":false,"spay_email":"","jetpack_publicize_message":""},"categories":[6],"tags":[],"jetpack_featured_media_url":"https:\/\/notinor.com\/jujuy\/wp-content\/uploads\/2018\/08\/1534157107_034121_1534170185_noticia_fotograma.jpg","jetpack_publicize_connections":[],"_links":{"self":[{"href":"https:\/\/notinor.com\/jujuy\/wp-json\/wp\/v2\/posts\/187131"}],"collection":[{"href":"https:\/\/notinor.com\/jujuy\/wp-json\/wp\/v2\/posts"}],"about":[{"href":"https:\/\/notinor.com\/jujuy\/wp-json\/wp\/v2\/types\/post"}],"author":[{"embeddable":true,"href":"https:\/\/notinor.com\/jujuy\/wp-json\/wp\/v2\/users\/1"}],"replies":[{"embeddable":true,"href":"https:\/\/notinor.com\/jujuy\/wp-json\/wp\/v2\/comments?post=187131"}],"version-history":[{"count":1,"href":"https:\/\/notinor.com\/jujuy\/wp-json\/wp\/v2\/posts\/187131\/revisions"}],"predecessor-version":[{"id":187133,"href":"https:\/\/notinor.com\/jujuy\/wp-json\/wp\/v2\/posts\/187131\/revisions\/187133"}],"wp:featuredmedia":[{"embeddable":true,"href":"https:\/\/notinor.com\/jujuy\/wp-json\/wp\/v2\/media\/187132"}],"wp:attachment":[{"href":"https:\/\/notinor.com\/jujuy\/wp-json\/wp\/v2\/media?parent=187131"}],"wp:term":[{"taxonomy":"category","embeddable":true,"href":"https:\/\/notinor.com\/jujuy\/wp-json\/wp\/v2\/categories?post=187131"},{"taxonomy":"post_tag","embeddable":true,"href":"https:\/\/notinor.com\/jujuy\/wp-json\/wp\/v2\/tags?post=187131"}],"curies":[{"name":"wp","href":"https:\/\/api.w.org\/{rel}","templated":true}]}}