{"id":187128,"date":"2018-08-13T16:33:50","date_gmt":"2018-08-13T19:33:50","guid":{"rendered":"http:\/\/notinor.com\/jujuy\/?p=187128"},"modified":"2018-08-13T16:33:50","modified_gmt":"2018-08-13T19:33:50","slug":"el-creador-de-los-simpsons-hablo-del-inminente-estreno-de-su-nueva-serie-animada-desencanto","status":"publish","type":"post","link":"https:\/\/notinor.com\/jujuy\/el-creador-de-los-simpsons-hablo-del-inminente-estreno-de-su-nueva-serie-animada-desencanto\/","title":{"rendered":"El creador de Los Simpsons habl\u00f3 del inminente estreno de su nueva serie animada: \"(Des)encanto\""},"content":{"rendered":"<div class=\"row\">\n<div class=\"col-xs-12 col-print-12\">\n<p class=\"element element-paragraph\"><strong>La trig\u00e9sima temporada de \"Los Simpsons\" se estrenar\u00e1 el pr\u00f3ximo mes de septiembre en la pantalla de\u00a0<em>Fox<\/em><\/strong>, pero de cualquier forma, su creador se resiste a descansar en los laureles de la que probablemente se ha convertido en la serie animada m\u00e1s popular de todos los tiempos.<\/p>\n<\/div>\n<\/div>\n<div class=\"row\">\n<div class=\"col-xs-12 col-print-12\">\n<p class=\"element element-paragraph\">El 17 de agosto pr\u00f3ximo Matt Groening tendr\u00e1 la posibilidad de medir su\u00a0vigencia una vez m\u00e1s,\u00a0<strong>esta vez de la mano de la poderosa plataforma de streaming de Netflix<\/strong>, espacio que ser\u00e1 la pantalla de\u00a0\"(Des)encanto\", con una primera temporada de diez episodios que\u00a0explorar\u00e1 las aventuras de una princesa desencantada y alcoh\u00f3lica.<\/p>\n<\/div>\n<\/div>\n<div class=\"row\">\n<figure class=\"element element-image col-xs-12\">\n<div class=\"single-image\">\n<div class=\"shares\">\n<div class=\"share-button facebook\" data-url=\"https:\/\/www.infobae.com\/america\/entretenimiento\/2018\/08\/13\/el-creador-de-los-simpsons-hablo-del-inminente-estreno-de-su-nueva-serie-animada-desencanto\/%23VYJ6NQ7C2NCZPJAGSB7YB5Y2JQ\" data-original=\"https:\/\/s3.amazonaws.com\/arc-wordpress-client-uploads\/infobae-wp\/wp-content\/uploads\/2018\/08\/13132852\/Groening-1.jpg\"><\/div>\n<\/div>\n<p><img decoding=\"async\" loading=\"lazy\" id=\"VYJ6NQ7C2NCZPJAGSB7YB5Y2JQ\" class=\"image-lazy\" src=\"https:\/\/www.infobae.com\/new-resizer\/f5GtfqKNkIzRGa3wZf0cNKZY3YQ=\/600x0\/filters:quality(100)\/s3.amazonaws.com\/arc-wordpress-client-uploads\/infobae-wp\/wp-content\/uploads\/2018\/08\/13132852\/Groening-1.jpg\" alt=\"La primera temporada de \u201c(Des)encanto\u201d tendr\u00e1 diez episodios y Groening asegur\u00f3 que ya se encuentra trabajando en la segunda\" width=\"750\" height=\"468.5897435897436\" data-url=\"https:\/\/www.infobae.com\/america\/entretenimiento\/2018\/08\/13\/el-creador-de-los-simpsons-hablo-del-inminente-estreno-de-su-nueva-serie-animada-desencanto\/%23VYJ6NQ7C2NCZPJAGSB7YB5Y2JQ\" data-original=\"https:\/\/www.infobae.com\/new-resizer\/f5GtfqKNkIzRGa3wZf0cNKZY3YQ=\/600x0\/filters:quality(100)\/s3.amazonaws.com\/arc-wordpress-client-uploads\/infobae-wp\/wp-content\/uploads\/2018\/08\/13132852\/Groening-1.jpg\" \/><\/div><figcaption class=\"\"><span class=\"credit\">La primera temporada de \u201c(Des)encanto\u201d tendr\u00e1 diez episodios y Groening asegur\u00f3 que ya se encuentra trabajando en la segunda<\/span><\/figcaption><\/figure>\n<\/div>\n<div class=\"row\">\n<div class=\"col-xs-12 col-print-12\">\n<p class=\"element element-paragraph\"><strong>\"He\u00a0venido trabajando\u00a0durante treinta a\u00f1os en animaciones secuenciales, semanales, pensadas para el\u00a0<em>prime-time<\/em>\"<\/strong>\u00a0dijo Groening en una entrevista otorgada a la secci\u00f3n de Artes del peri\u00f3dico\u00a0<em>The New York Times<\/em>.\u00a0<strong>\"Tener, de repente, una cantidad de episodios que son estrenados al mismo tiempo hace que\u00a0debas\u00a0tener una gran historia para contar. Ha sido muy divertido pero a la vez una tortura\"<\/strong>\u00a0explic\u00f3 el creativo.<\/p>\n<\/div>\n<\/div>\n<div class=\"row\">\n<div id=\"\" class=\"wrapper clearfix pb-feature pb-layout-item pb-f-ads-dfp left-align\"><\/div>\n<div class=\"col-xs-12 col-print-12\">\n<p class=\"element element-paragraph\">Los cambios en la industria del entretenimiento, con plataformas de streaming que hoy compiten mano a mano con cadenas de televisi\u00f3n tradicionales, adem\u00e1s del submundo de YouTube y otras redes sociales que capturan la atenci\u00f3n de los m\u00e1s j\u00f3venes, obligaron a Groening a adaptarse a los tiempos que corren.<\/p>\n<\/div>\n<\/div>\n<div class=\"row\">\n<div class=\"col-xs-12 col-print-12\">\n<p class=\"element element-paragraph\"><strong>El haber creado Los Simpsons sin lugar a dudas hizo que la vara con la que se mide a Groening no sea la misma que se utiliza para otros.<\/strong>\u00a0Sobre todo luego de la tibia recibida que tuvo\u00a0<em>\"Futurama\"<\/em>, una serie que fue presentada con bombos y platillos en 1999 pero que solo lleg\u00f3 a alcanzar las siete temporadas al aire, entre las pantallas de\u00a0<em>Fox<\/em>\u00a0y\u00a0<em>Comedy Central<\/em>.<\/p>\n<\/div>\n<\/div>\n<div class=\"row\">\n<figure class=\"element element-image col-xs-12\">\n<div class=\"single-image\">\n<div class=\"shares\">\n<div class=\"share-button facebook\" data-url=\"https:\/\/www.infobae.com\/america\/entretenimiento\/2018\/08\/13\/el-creador-de-los-simpsons-hablo-del-inminente-estreno-de-su-nueva-serie-animada-desencanto\/%23NSWQIH7BUJHLTERXGH7JWPSGDE\" data-original=\"https:\/\/s3.amazonaws.com\/arc-wordpress-client-uploads\/infobae-wp\/wp-content\/uploads\/2018\/08\/13132848\/Groening-2.jpg\"><\/div>\n<\/div>\n<p><img decoding=\"async\" loading=\"lazy\" id=\"NSWQIH7BUJHLTERXGH7JWPSGDE\" class=\"image-lazy\" src=\"https:\/\/www.infobae.com\/new-resizer\/5oHMic2elW4sa34kYJQhcDmF2tY=\/600x0\/filters:quality(100)\/s3.amazonaws.com\/arc-wordpress-client-uploads\/infobae-wp\/wp-content\/uploads\/2018\/08\/13132848\/Groening-2.jpg\" alt=\"Futurama no logr\u00f3 convertirse en una serie de culto a la altura de \u201cLos Simpsons\u201d\" width=\"750\" height=\"1152.5641025641025\" data-url=\"https:\/\/www.infobae.com\/america\/entretenimiento\/2018\/08\/13\/el-creador-de-los-simpsons-hablo-del-inminente-estreno-de-su-nueva-serie-animada-desencanto\/%23NSWQIH7BUJHLTERXGH7JWPSGDE\" data-original=\"https:\/\/www.infobae.com\/new-resizer\/5oHMic2elW4sa34kYJQhcDmF2tY=\/600x0\/filters:quality(100)\/s3.amazonaws.com\/arc-wordpress-client-uploads\/infobae-wp\/wp-content\/uploads\/2018\/08\/13132848\/Groening-2.jpg\" \/><\/div><figcaption class=\"\"><span class=\"credit\">Futurama no logr\u00f3 convertirse en una serie de culto a la altura de \u201cLos Simpsons\u201d<\/span><\/figcaption><\/figure>\n<\/div>\n<div class=\"row\">\n<div class=\"col-xs-12 col-print-12\">\n<p class=\"element element-paragraph\">Durante los \u00faltimos ocho a\u00f1os, Groening fue anotando en su libreta distintas ideas que le iban surgiendo sobre lo que hoy se ha convertido en su nueva creaci\u00f3n, desde los linajes de familias reales ficticias, hasta listas de filmes que, seg\u00fan \u00e9l, val\u00eda la pena emular.<strong>Incluso bocetos del\u00a0duende Elfo, uno de los nuevos personajes de\u00a0\"(Des)encanto\", han\u00a0inundado\u00a0sus cuadernos desde la \u00e9poca escolar.<\/strong><\/p>\n<\/div>\n<\/div>\n<div class=\"row\">\n<div class=\"col-xs-12 col-print-12\">\n<p class=\"element element-paragraph\">Cada episodio de la nueva serie contar\u00e1 una historia independiente.\u00a0<strong>\"Todo est\u00e1 conectado entre si y al final se ver\u00e1 de qu\u00e9 forma. Desde el inicio, existen momentos, pistas y gui\u00f1os que hemos colocado para aquellos que est\u00e9n realmente conectados con la serie\"<\/strong>\u00a0adelant\u00f3 Groening.<\/p>\n<\/div>\n<\/div>\n<div class=\"row\">\n<div class=\"col-xs-12 col-print-12\">\n<p class=\"element element-paragraph\">Con \"(Des)encanto\", sus creadores aseguran que han tenido la absoluta libertad de hacer lo que quisieran, al igual que sucedi\u00f3 d\u00e9cadas antes con \"Los Simpsons\".\u00a0<strong>Adem\u00e1s, compartieron\u00a0que la audiencia no tendr\u00e1 que siquiera ser fan\u00e1tica del g\u00e9nero fant\u00e1stico, dado que el show se trata de los personajes y de su crecimiento.<\/strong><\/p>\n<\/div>\n<\/div>\n<div class=\"row\">\n<figure class=\"element element-image col-xs-12\">\n<div class=\"single-image\">\n<div class=\"shares\">\n<div class=\"share-button facebook\" data-url=\"https:\/\/www.infobae.com\/america\/entretenimiento\/2018\/08\/13\/el-creador-de-los-simpsons-hablo-del-inminente-estreno-de-su-nueva-serie-animada-desencanto\/%23K7KAOUTTTRDZNCV5UWQPPGKNHM\" data-original=\"https:\/\/s3.amazonaws.com\/arc-wordpress-client-uploads\/infobae-wp\/wp-content\/uploads\/2018\/08\/13132856\/Groening-3.jpg\"><\/div>\n<\/div>\n<p><img decoding=\"async\" loading=\"lazy\" id=\"K7KAOUTTTRDZNCV5UWQPPGKNHM\" class=\"image-lazy\" src=\"https:\/\/www.infobae.com\/new-resizer\/CPU0zu_xD19Mdby1OqpwBboc9Hk=\/600x0\/filters:quality(100)\/s3.amazonaws.com\/arc-wordpress-client-uploads\/infobae-wp\/wp-content\/uploads\/2018\/08\/13132856\/Groening-3.jpg\" alt=\"Durante a\u00f1os, Groening fue anotando ideas y realizando bocetos de quienes se convertir\u00edan en los personajes de la nueva serie\" width=\"750\" height=\"1121.7948717948718\" data-url=\"https:\/\/www.infobae.com\/america\/entretenimiento\/2018\/08\/13\/el-creador-de-los-simpsons-hablo-del-inminente-estreno-de-su-nueva-serie-animada-desencanto\/%23K7KAOUTTTRDZNCV5UWQPPGKNHM\" data-original=\"https:\/\/www.infobae.com\/new-resizer\/CPU0zu_xD19Mdby1OqpwBboc9Hk=\/600x0\/filters:quality(100)\/s3.amazonaws.com\/arc-wordpress-client-uploads\/infobae-wp\/wp-content\/uploads\/2018\/08\/13132856\/Groening-3.jpg\" \/><\/div><figcaption class=\"\"><span class=\"credit\">Durante a\u00f1os, Groening fue anotando ideas y realizando bocetos de quienes se convertir\u00edan en los personajes de la nueva serie<\/span><\/figcaption><\/figure>\n<\/div>\n<div class=\"row\">\n<div class=\"col-xs-12 col-print-12\">\n<p class=\"element element-paragraph\">Casado con Agustina, su mujer argentina, y padre de las gemelas reci\u00e9n nacidas, Venus y Sol, el creativo asegura que a pesar de que el idioma espa\u00f1ol es el que manda en su casa,\u00a0<strong>no ha logrado aprender una sola palabra hasta el momento, pero\u00a0dice que sabe exactamente cuando est\u00e1n hablando de \u00e9l.<\/strong><\/p>\n<\/div>\n<\/div>\n<div class=\"row\">\n<div class=\"col-xs-12 col-print-12\">\n<p class=\"element element-paragraph\"><strong>\"Todav\u00eda me enloquecen Los Simpsons\"<\/strong>\u00a0aclar\u00f3 Groening sobre la serie de televisi\u00f3n guionada del\u00a0<em>prime-time<\/em>\u00a0de mayor permanencia en la historia de la televisi\u00f3n.\u00a0<strong>\"No es lo que sol\u00eda ser en el momento m\u00e1ximo de su popularidad pero todav\u00eda me hace re\u00edr al sorprenderme\"<\/strong>\u00a0aclar\u00f3.<\/p>\n<\/div>\n<\/div>\n<div class=\"row\">\n<div class=\"col-xs-12 col-print-12\">\n<p class=\"element element-paragraph\">Por medio de\u00a0\"(Des)encanto\", Groening explic\u00f3 que\u00a0<strong>\"simplemente quer\u00eda hacer algo distinto\"<\/strong>.<\/p>\n<\/div>\n<\/div>\n<div class=\"row\">\n<figure class=\"element element-image col-xs-12\">\n<div class=\"single-image\">\n<div class=\"shares\">\n<div class=\"share-button facebook\" data-url=\"https:\/\/www.infobae.com\/america\/entretenimiento\/2018\/08\/13\/el-creador-de-los-simpsons-hablo-del-inminente-estreno-de-su-nueva-serie-animada-desencanto\/%233ZNAWQP2HFFZBI23FEO3PL4BGA\" data-original=\"https:\/\/s3.amazonaws.com\/arc-wordpress-client-uploads\/infobae-wp\/wp-content\/uploads\/2018\/08\/13132824\/Groening-portada.jpg\"><\/div>\n<\/div>\n<p><img decoding=\"async\" loading=\"lazy\" id=\"3ZNAWQP2HFFZBI23FEO3PL4BGA\" class=\"image-lazy\" src=\"https:\/\/www.infobae.com\/new-resizer\/b6ImP8xlVc5n1k8M0vAyetuw2cI=\/600x0\/filters:quality(100)\/s3.amazonaws.com\/arc-wordpress-client-uploads\/infobae-wp\/wp-content\/uploads\/2018\/08\/13132824\/Groening-portada.jpg\" alt=\"Matt Groening buscar\u00e1 conquistar nuevas audiencias con \u201c(Des)encanto\u201d\" width=\"750\" height=\"573.0769230769231\" data-url=\"https:\/\/www.infobae.com\/america\/entretenimiento\/2018\/08\/13\/el-creador-de-los-simpsons-hablo-del-inminente-estreno-de-su-nueva-serie-animada-desencanto\/%233ZNAWQP2HFFZBI23FEO3PL4BGA\" data-original=\"https:\/\/www.infobae.com\/new-resizer\/b6ImP8xlVc5n1k8M0vAyetuw2cI=\/600x0\/filters:quality(100)\/s3.amazonaws.com\/arc-wordpress-client-uploads\/infobae-wp\/wp-content\/uploads\/2018\/08\/13132824\/Groening-portada.jpg\" \/><\/div><figcaption class=\"\"><span class=\"credit\">Matt Groening buscar\u00e1 conquistar nuevas audiencias con \u201c(Des)encanto\u201d<\/span><\/figcaption><\/figure>\n<\/div>\n","protected":false},"excerpt":{"rendered":"<p>La trig\u00e9sima temporada de \"Los Simpsons\" se estrenar\u00e1 el pr\u00f3ximo mes de septiembre en la pantalla de\u00a0Fox, pero de cualquier forma, su creador se resiste a descansar en los laureles de la que probablemente se ha convertido en la serie animada m\u00e1s popular de todos los tiempos. El 17 de agosto pr\u00f3ximo Matt Groening tendr\u00e1 [&hellip;]<\/p>\n","protected":false},"author":1,"featured_media":187129,"comment_status":"open","ping_status":"open","sticky":false,"template":"","format":"standard","meta":{"_stopmodifiedupdate":false,"_modified_date":"","inline_featured_image":false,"spay_email":"","jetpack_publicize_message":""},"categories":[6],"tags":[],"jetpack_featured_media_url":"https:\/\/notinor.com\/jujuy\/wp-content\/uploads\/2018\/08\/matt-groening-princesa.jpg","jetpack_publicize_connections":[],"_links":{"self":[{"href":"https:\/\/notinor.com\/jujuy\/wp-json\/wp\/v2\/posts\/187128"}],"collection":[{"href":"https:\/\/notinor.com\/jujuy\/wp-json\/wp\/v2\/posts"}],"about":[{"href":"https:\/\/notinor.com\/jujuy\/wp-json\/wp\/v2\/types\/post"}],"author":[{"embeddable":true,"href":"https:\/\/notinor.com\/jujuy\/wp-json\/wp\/v2\/users\/1"}],"replies":[{"embeddable":true,"href":"https:\/\/notinor.com\/jujuy\/wp-json\/wp\/v2\/comments?post=187128"}],"version-history":[{"count":1,"href":"https:\/\/notinor.com\/jujuy\/wp-json\/wp\/v2\/posts\/187128\/revisions"}],"predecessor-version":[{"id":187130,"href":"https:\/\/notinor.com\/jujuy\/wp-json\/wp\/v2\/posts\/187128\/revisions\/187130"}],"wp:featuredmedia":[{"embeddable":true,"href":"https:\/\/notinor.com\/jujuy\/wp-json\/wp\/v2\/media\/187129"}],"wp:attachment":[{"href":"https:\/\/notinor.com\/jujuy\/wp-json\/wp\/v2\/media?parent=187128"}],"wp:term":[{"taxonomy":"category","embeddable":true,"href":"https:\/\/notinor.com\/jujuy\/wp-json\/wp\/v2\/categories?post=187128"},{"taxonomy":"post_tag","embeddable":true,"href":"https:\/\/notinor.com\/jujuy\/wp-json\/wp\/v2\/tags?post=187128"}],"curies":[{"name":"wp","href":"https:\/\/api.w.org\/{rel}","templated":true}]}}