{"id":187119,"date":"2018-08-13T16:12:18","date_gmt":"2018-08-13T19:12:18","guid":{"rendered":"http:\/\/notinor.com\/jujuy\/?p=187119"},"modified":"2018-08-13T16:12:18","modified_gmt":"2018-08-13T19:12:18","slug":"interes-legislativo-para-la-caminata-de-las-quenas","status":"publish","type":"post","link":"https:\/\/notinor.com\/jujuy\/interes-legislativo-para-la-caminata-de-las-quenas\/","title":{"rendered":"Inter\u00e9s legislativo para \"La caminata de las quenas\""},"content":{"rendered":"<p><img decoding=\"async\" loading=\"lazy\" class=\"alignnone  wp-image-187120\" src=\"http:\/\/notinor.com\/jujuy\/wp-content\/uploads\/2018\/08\/Caminata-de-las-Quenas-2016.jpg\" alt=\"\" width=\"848\" height=\"509\" \/><\/p>\n<p>Se trata de un evento cultural encabezado por Pablo Mart\u00ednez, Luis Melano y Gabriela Boero, quienes junto a personas de Entre R\u00edos, Catamarca y Buenos Aires, entre otros lugares, proponen revalorizar el patrimonio intangible que tiene Jujuy y todo el NOA. El mismo muestra la versatilidad de la quena junto a otros instrumentos como charangos, cajas, erkes y zamponias, y conmemora la historia de Jujuy a trav\u00e9s de la m\u00fasica. Tambi\u00e9n procura fomentar el derecho y el acceso a la cultura y construir espacios de di\u00e1logo intercultural, entre otros objetivos.<\/p>\n<p>La invitaci\u00f3n est\u00e1 abierta a todo el p\u00fablico que quiera participar, de forma individual o a trav\u00e9s de talleres folcl\u00f3ricos, escuelas, orquestas de instrumentos andinos, grupos de danzas, bandas de sikuris o conjuntos musicales, con o sin instrumentos, con ropa tradicional, banderas argentinas y sobre todo con mucha energ\u00eda para revalorizar nuestra identidad.<\/p>\n<p>El punto de encuentro de los participantes ser\u00e1 la glorieta de Plaza Belgrano el s\u00e1bado 18 a partir de las 9.30, donde a las 10 se entonar\u00e1 el Himno Nacional y se sahumar\u00e1 los instrumentos. A las 11 iniciar\u00e1 la Caminata que har\u00e1 el siguiente circuito: calles Belgrano, Sarmiento, San Mart\u00edn, Gorriti, Belgrano, Lamadrid, puente Lamadrid y a las 12 tiene previsto arribar al anfiteatro \"Las Lavanderas\" del Parque Xibi Xibi, donde se llevar\u00e1 a cabo un festival que cerrar\u00e1 la actividad.<\/p>\n","protected":false},"excerpt":{"rendered":"<p>Se trata de un evento cultural encabezado por Pablo Mart\u00ednez, Luis Melano y Gabriela Boero, quienes junto a personas de Entre R\u00edos, Catamarca y Buenos Aires, entre otros lugares, proponen revalorizar el patrimonio intangible que tiene Jujuy y todo el NOA. El mismo muestra la versatilidad de la quena junto a otros instrumentos como charangos, [&hellip;]<\/p>\n","protected":false},"author":1,"featured_media":187120,"comment_status":"open","ping_status":"open","sticky":false,"template":"","format":"standard","meta":{"_stopmodifiedupdate":false,"_modified_date":"","inline_featured_image":false,"spay_email":"","jetpack_publicize_message":""},"categories":[514],"tags":[],"jetpack_featured_media_url":"https:\/\/notinor.com\/jujuy\/wp-content\/uploads\/2018\/08\/Caminata-de-las-Quenas-2016.jpg","jetpack_publicize_connections":[],"_links":{"self":[{"href":"https:\/\/notinor.com\/jujuy\/wp-json\/wp\/v2\/posts\/187119"}],"collection":[{"href":"https:\/\/notinor.com\/jujuy\/wp-json\/wp\/v2\/posts"}],"about":[{"href":"https:\/\/notinor.com\/jujuy\/wp-json\/wp\/v2\/types\/post"}],"author":[{"embeddable":true,"href":"https:\/\/notinor.com\/jujuy\/wp-json\/wp\/v2\/users\/1"}],"replies":[{"embeddable":true,"href":"https:\/\/notinor.com\/jujuy\/wp-json\/wp\/v2\/comments?post=187119"}],"version-history":[{"count":1,"href":"https:\/\/notinor.com\/jujuy\/wp-json\/wp\/v2\/posts\/187119\/revisions"}],"predecessor-version":[{"id":187121,"href":"https:\/\/notinor.com\/jujuy\/wp-json\/wp\/v2\/posts\/187119\/revisions\/187121"}],"wp:featuredmedia":[{"embeddable":true,"href":"https:\/\/notinor.com\/jujuy\/wp-json\/wp\/v2\/media\/187120"}],"wp:attachment":[{"href":"https:\/\/notinor.com\/jujuy\/wp-json\/wp\/v2\/media?parent=187119"}],"wp:term":[{"taxonomy":"category","embeddable":true,"href":"https:\/\/notinor.com\/jujuy\/wp-json\/wp\/v2\/categories?post=187119"},{"taxonomy":"post_tag","embeddable":true,"href":"https:\/\/notinor.com\/jujuy\/wp-json\/wp\/v2\/tags?post=187119"}],"curies":[{"name":"wp","href":"https:\/\/api.w.org\/{rel}","templated":true}]}}