{"id":187116,"date":"2018-08-13T15:58:25","date_gmt":"2018-08-13T18:58:25","guid":{"rendered":"http:\/\/notinor.com\/jujuy\/?p=187116"},"modified":"2018-08-13T16:19:12","modified_gmt":"2018-08-13T19:19:12","slug":"buscan-fortalecer-politicas-de-prevencion-para-enfermedades-cardiovasculares-diabetes-hipertension-arterial-y-alcoholismo","status":"publish","type":"post","link":"https:\/\/notinor.com\/jujuy\/buscan-fortalecer-politicas-de-prevencion-para-enfermedades-cardiovasculares-diabetes-hipertension-arterial-y-alcoholismo\/","title":{"rendered":"Buscan fortalecer pol\u00edticas de prevenci\u00f3n para enfermedades cardiovasculares, diabetes, hipertensi\u00f3n arterial y alcoholismo"},"content":{"rendered":"<div id=\"header-wrap\">\n<div id=\"header\" class=\"\">\n<div class=\"container\">\n<div class=\"row\">\n<div class=\"span9\">\n<nav>\u00a0<\/nav>\n<\/div>\n<\/div>\n<\/div>\n<\/div>\n<\/div>\n<div id=\"content\">\n<div class=\"post-41289 post type-post status-publish format-standard has-post-thumbnail hentry category-salud tag-ministerio-de-salud-de-jujuy tag-politica-nutricional tag-prevencion-de-obesidad tag-prevencion-ecnt\">\n<div class=\"post-content\">\n<div class=\"mceTemp\">\n<figure id=\"attachment_41294\" class=\"wp-caption aligncenter\"><img decoding=\"async\" loading=\"lazy\" class=\" wp-image-41294\" src=\"http:\/\/prensa.jujuy.gob.ar\/wp-content\/uploads\/sites\/37\/2018\/08\/DSC_0943-1024x575.jpg\" sizes=\"(max-width: 794px) 100vw, 794px\" srcset=\"http:\/\/prensa.jujuy.gob.ar\/wp-content\/uploads\/sites\/37\/2018\/08\/DSC_0943-1024x575.jpg 1024w, http:\/\/prensa.jujuy.gob.ar\/wp-content\/uploads\/sites\/37\/2018\/08\/DSC_0943-300x168.jpg 300w, http:\/\/prensa.jujuy.gob.ar\/wp-content\/uploads\/sites\/37\/2018\/08\/DSC_0943-768x431.jpg 768w, http:\/\/prensa.jujuy.gob.ar\/wp-content\/uploads\/sites\/37\/2018\/08\/DSC_0943-600x337.jpg 600w, http:\/\/prensa.jujuy.gob.ar\/wp-content\/uploads\/sites\/37\/2018\/08\/DSC_0943-1140x640.jpg 1140w, http:\/\/prensa.jujuy.gob.ar\/wp-content\/uploads\/sites\/37\/2018\/08\/DSC_0943-480x270.jpg 480w, http:\/\/prensa.jujuy.gob.ar\/wp-content\/uploads\/sites\/37\/2018\/08\/DSC_0943-960x540.jpg 960w\" alt=\"El Ministro de Salud, Gustavo Bouhid junto al equipo de la Direcci\u00f3n Nacional de Promoci\u00f3n de la Salud y control de Enfermedades Cr\u00f3nicas No Transmisibles \" width=\"794\" height=\"446\" \/><figcaption class=\"wp-caption-text\"><\/figcaption>Entre las tem\u00e1ticas que expusieron las autoridades del Ministerio de Salud de la Naci\u00f3n junto a los equipos de salud de la Provincia se destac\u00f3 todo lo relacionado a acciones de municipios y comunidades saludables, se trataron los avances y desaf\u00edos de distintas tem\u00e1ticas como ser el tabaquismo, la actividad f\u00edsica, la alimentaci\u00f3n saludable y prevenci\u00f3n de la obesidad\u00a0sobre el an\u00e1lisis de la situaci\u00f3n epidemiol\u00f3gica local y nacional.<\/figure>\n<p>En la oportunidad, el Ministro de Salud de Jujuy, Gustavo Bouhid, coment\u00f3 que \u201cuno de los lineamientos que se va a fortalecer en Jujuy es la prevenci\u00f3n del sobrepeso y obesidad en ni\u00f1os, ni\u00f1as y adolescentes\u201d, hizo alusi\u00f3n a que \u201ces el motivo por el cual se cre\u00f3 el Departamento de Nutrici\u00f3n, que presentar\u00e1 el plan provincial que se desarrollar\u00e1 en salud p\u00fablica\u201d.<\/p>\n<p>Luego sostuvo que \u201cse est\u00e1 planteando un cambio de mentalidad para que en todas las generaciones futuras haya una nutrici\u00f3n saludable\u201d, expres\u00f3 Bouhid para luego explicar que \u201clos esfuerzos de salud no bastan para llevar adelante el desaf\u00edo, sino que se necesita de la colaboraci\u00f3n de equipos interministeriales en donde act\u00fae\u00a0los Ministerios de Educaci\u00f3n y Desarrollo Humano, como as\u00ed tambi\u00e9n la participaci\u00f3n esencial de los Municipios que permitir\u00e1n implementar pol\u00edticas p\u00fablicas en torno a\u00a0\u00a0mejorar la salud y la calidad de vida de los juje\u00f1os\u201d.<\/p>\n<p>Por su parte, la Directora Nacional de Promoci\u00f3n de la Salud\u00a0\u00a0y control de Enfermedades Cr\u00f3nicas No Transmisibles, Ver\u00f3nica Schoj, coment\u00f3 que \u201cel Ministerio de Salud de la Naci\u00f3n lanz\u00f3 un plan interministerial sobre prevenci\u00f3n de sobrepeso y obesidad que resulta muy importante ya que hoy en Argentina uno de cada 3 ni\u00f1os tiene sobre peso; resultando la forma m\u00e1s frecuente de mal nutrici\u00f3n\u201d. Seguidamente\u00a0\u00a0la funcionaria nacional sostuvo que trabajar con programas de alimentaci\u00f3n saludable es una manera de reducir la inequidad en salud y proteger los grupos m\u00e1s vulnerables\u201d, y expres\u00f3 que se precisa trabajar en educaci\u00f3n para que los entornos escolares promuevan la salud y no la obesidad\u201d, concluy\u00f3.<\/p>\n<div class=\"mceTemp\">\n<figure id=\"attachment_41297\" class=\"wp-caption aligncenter\"><img decoding=\"async\" loading=\"lazy\" class=\" wp-image-41297\" src=\"http:\/\/prensa.jujuy.gob.ar\/wp-content\/uploads\/sites\/37\/2018\/08\/DSC_0971-1024x684.jpg\" sizes=\"(max-width: 819px) 100vw, 819px\" srcset=\"http:\/\/prensa.jujuy.gob.ar\/wp-content\/uploads\/sites\/37\/2018\/08\/DSC_0971-1024x684.jpg 1024w, http:\/\/prensa.jujuy.gob.ar\/wp-content\/uploads\/sites\/37\/2018\/08\/DSC_0971-300x201.jpg 300w, http:\/\/prensa.jujuy.gob.ar\/wp-content\/uploads\/sites\/37\/2018\/08\/DSC_0971-768x513.jpg 768w, http:\/\/prensa.jujuy.gob.ar\/wp-content\/uploads\/sites\/37\/2018\/08\/DSC_0971-600x401.jpg 600w, http:\/\/prensa.jujuy.gob.ar\/wp-content\/uploads\/sites\/37\/2018\/08\/DSC_0971-1140x762.jpg 1140w, http:\/\/prensa.jujuy.gob.ar\/wp-content\/uploads\/sites\/37\/2018\/08\/DSC_0971-480x321.jpg 480w, http:\/\/prensa.jujuy.gob.ar\/wp-content\/uploads\/sites\/37\/2018\/08\/DSC_0971-960x642.jpg 960w\" alt=\"Una de las principales exposiciones estuvo a cargo de la Directora Nacional de Promoci\u00f3n de la Salud y control de Enfermedades Cr\u00f3nicas No Transmisibles, Ver\u00f3nica Schoj\" width=\"819\" height=\"547\" \/><\/figure>\n<\/div>\n<\/div>\n<\/div>\n<\/div>\n<\/div>\n","protected":false},"excerpt":{"rendered":"<p>\u00a0 Entre las tem\u00e1ticas que expusieron las autoridades del Ministerio de Salud de la Naci\u00f3n junto a los equipos de salud de la Provincia se destac\u00f3 todo lo relacionado a acciones de municipios y comunidades saludables, se trataron los avances y desaf\u00edos de distintas tem\u00e1ticas como ser el tabaquismo, la actividad f\u00edsica, la alimentaci\u00f3n saludable [&hellip;]<\/p>\n","protected":false},"author":1,"featured_media":187117,"comment_status":"open","ping_status":"open","sticky":false,"template":"","format":"standard","meta":{"_stopmodifiedupdate":false,"_modified_date":"","inline_featured_image":false,"spay_email":"","jetpack_publicize_message":""},"categories":[2],"tags":[],"jetpack_featured_media_url":"https:\/\/notinor.com\/jujuy\/wp-content\/uploads\/2018\/08\/enfermedades-cr\u00f3nicas-no-transmisibles.jpg","jetpack_publicize_connections":[],"_links":{"self":[{"href":"https:\/\/notinor.com\/jujuy\/wp-json\/wp\/v2\/posts\/187116"}],"collection":[{"href":"https:\/\/notinor.com\/jujuy\/wp-json\/wp\/v2\/posts"}],"about":[{"href":"https:\/\/notinor.com\/jujuy\/wp-json\/wp\/v2\/types\/post"}],"author":[{"embeddable":true,"href":"https:\/\/notinor.com\/jujuy\/wp-json\/wp\/v2\/users\/1"}],"replies":[{"embeddable":true,"href":"https:\/\/notinor.com\/jujuy\/wp-json\/wp\/v2\/comments?post=187116"}],"version-history":[{"count":3,"href":"https:\/\/notinor.com\/jujuy\/wp-json\/wp\/v2\/posts\/187116\/revisions"}],"predecessor-version":[{"id":187124,"href":"https:\/\/notinor.com\/jujuy\/wp-json\/wp\/v2\/posts\/187116\/revisions\/187124"}],"wp:featuredmedia":[{"embeddable":true,"href":"https:\/\/notinor.com\/jujuy\/wp-json\/wp\/v2\/media\/187117"}],"wp:attachment":[{"href":"https:\/\/notinor.com\/jujuy\/wp-json\/wp\/v2\/media?parent=187116"}],"wp:term":[{"taxonomy":"category","embeddable":true,"href":"https:\/\/notinor.com\/jujuy\/wp-json\/wp\/v2\/categories?post=187116"},{"taxonomy":"post_tag","embeddable":true,"href":"https:\/\/notinor.com\/jujuy\/wp-json\/wp\/v2\/tags?post=187116"}],"curies":[{"name":"wp","href":"https:\/\/api.w.org\/{rel}","templated":true}]}}