{"id":187100,"date":"2018-08-13T13:12:45","date_gmt":"2018-08-13T16:12:45","guid":{"rendered":"http:\/\/notinor.com\/jujuy\/?p=187100"},"modified":"2020-08-24T12:26:58","modified_gmt":"2020-08-24T15:26:58","slug":"dirigido-a-estudiantes-interesados-en-cursar-la-carrera-de-farmacia","status":"publish","type":"post","link":"https:\/\/notinor.com\/jujuy\/dirigido-a-estudiantes-interesados-en-cursar-la-carrera-de-farmacia\/","title":{"rendered":"Dirigido a estudiantes interesados en cursar la carrera de Farmacia"},"content":{"rendered":"<p><img decoding=\"async\" loading=\"lazy\" class=\"size-medium wp-image-187109 aligncenter\" src=\"http:\/\/notinor.com\/jujuy\/wp-content\/uploads\/2018\/08\/Farmacia-y-Droguer\u00eda-549x365.jpg\" alt=\"\" width=\"549\" height=\"365\" srcset=\"https:\/\/notinor.com\/jujuy\/wp-content\/uploads\/2018\/08\/Farmacia-y-Droguer\u00eda-549x365.jpg 549w, https:\/\/notinor.com\/jujuy\/wp-content\/uploads\/2018\/08\/Farmacia-y-Droguer\u00eda-721x480.jpg 721w, https:\/\/notinor.com\/jujuy\/wp-content\/uploads\/2018\/08\/Farmacia-y-Droguer\u00eda-400x266.jpg 400w, https:\/\/notinor.com\/jujuy\/wp-content\/uploads\/2018\/08\/Farmacia-y-Droguer\u00eda.jpg 750w\" sizes=\"(max-width: 549px) 100vw, 549px\" \/><\/p>\n<p>La propuesta se denomina \u201cCharla sobre Farmacia: Perfil y futuro del profesional farmac\u00e9utico\u201d y se cumplir\u00e1 este 14 de agosto desde las 17 horas en la Facultad de Ingenier\u00eda, ubicada en la calle Italo Palanca N\u00ba 10 del barrio Los Naranjos de San Salvador de Jujuy.<\/p>\n<p>A prop\u00f3sito de ello, la presidenta del Colfarjuy, Farm. Claudia Martino, dijo que \"queremos aprovechar esta oportunidad para hablar de nuestra tarea como profesionales de la Farmacia y el campo a trabajar para los futuros egresados juje\u00f1os\".<br \/>\nEn tanto que el secretario general de la instituci\u00f3n, Farm Rodrigo Arga\u00f1ar\u00e1s, record\u00f3 que \"fui uno de los estudiantes universitarios que inici\u00f3 su ciclo en la Facultad de Ingenier\u00eda para culminar en la Universidad de Tucum\u00e1n, lo cual fue una experiencia gratificante y posible\".<\/p>\n<p>La organizaci\u00f3n de este encuentro se dio en el marco de un acuerdo de cooperaci\u00f3n con el decano de la Facultad de Ingenier\u00eda, Ing. Gustavo Lores, y la secretaria de Ciencia y T\u00e9cnica de la FI, Dra. Julia Santapaola, con el fin de promover la educaci\u00f3n universitaria en Farmacia cuyo aporte es fundamental para la estructura de salud a escalas local y global.<\/p>\n<p>Con el apoyo de la Facultad de Ingenier\u00eda de la Universidad Nacional de Jujuy, el Colegio Farmac\u00e9utico de Jujuy encabezar\u00e1 este martes un encuentro abierto para estudiantes universitarios e interesados en la carrera de Farmacia, la cual se dicta en sus dos primeros a\u00f1os en la mencionada casa de estudios para luego concluir el ciclo en la Universidad Nacional de Tucum\u00e1n.<\/p>\n<p>La propuesta se denomina \u201cCharla sobre Farmacia: Perfil y futuro del profesional farmac\u00e9utico\u201d y se cumplir\u00e1 este 14 de agosto desde las 17 horas en la Facultad de Ingenier\u00eda, ubicada en la calle Italo Palanca N\u00ba 10 del barrio Los Naranjos de San Salvador de Jujuy.<\/p>\n<p>A prop\u00f3sito de ello, la presidenta del Colfarjuy, Farm. Claudia Martino, dijo que \"queremos aprovechar esta oportunidad para hablar de nuestra tarea como profesionales de la Farmacia y el campo a trabajar para los futuros egresados juje\u00f1os\".<\/p>\n<p>En tanto que el secretario general de la instituci\u00f3n, Farm Rodrigo Arga\u00f1ar\u00e1s, record\u00f3 que \"fui uno de los estudiantes universitarios que inici\u00f3 su ciclo en la Facultad de Ingenier\u00eda para culminar en la Universidad de Tucum\u00e1n, lo cual fue una experiencia gratificante y posible\".<\/p>\n<p>La organizaci\u00f3n de este encuentro se dio en el marco de un acuerdo de cooperaci\u00f3n con el decano de la Facultad de Ingenier\u00eda, Ing. Gustavo Lores, y la secretaria de Ciencia y T\u00e9cnica de la FI, Dra. Julia Santapaola, con el fin de promover la educaci\u00f3n universitaria en Farmacia cuyo aporte es fundamental para la estructura de salud a escalas local y global.<\/p>\n","protected":false},"excerpt":{"rendered":"<p>La propuesta se denomina \u201cCharla sobre Farmacia: Perfil y futuro del profesional farmac\u00e9utico\u201d y se cumplir\u00e1 este 14 de agosto desde las 17 horas en la Facultad de Ingenier\u00eda, ubicada en la calle Italo Palanca N\u00ba 10 del barrio Los Naranjos de San Salvador de Jujuy. A prop\u00f3sito de ello, la presidenta del Colfarjuy, Farm. [&hellip;]<\/p>\n","protected":false},"author":5,"featured_media":187108,"comment_status":"open","ping_status":"open","sticky":false,"template":"","format":"standard","meta":{"_stopmodifiedupdate":false,"_modified_date":"","inline_featured_image":false,"spay_email":"","jetpack_publicize_message":""},"categories":[21],"tags":[],"jetpack_featured_media_url":"https:\/\/notinor.com\/jujuy\/wp-content\/uploads\/2018\/08\/AFICHE-DE-CHARLA-DE-FARMACIA-DISE\u00d1O-LARGO.jpg","jetpack_publicize_connections":[],"_links":{"self":[{"href":"https:\/\/notinor.com\/jujuy\/wp-json\/wp\/v2\/posts\/187100"}],"collection":[{"href":"https:\/\/notinor.com\/jujuy\/wp-json\/wp\/v2\/posts"}],"about":[{"href":"https:\/\/notinor.com\/jujuy\/wp-json\/wp\/v2\/types\/post"}],"author":[{"embeddable":true,"href":"https:\/\/notinor.com\/jujuy\/wp-json\/wp\/v2\/users\/5"}],"replies":[{"embeddable":true,"href":"https:\/\/notinor.com\/jujuy\/wp-json\/wp\/v2\/comments?post=187100"}],"version-history":[{"count":4,"href":"https:\/\/notinor.com\/jujuy\/wp-json\/wp\/v2\/posts\/187100\/revisions"}],"predecessor-version":[{"id":187112,"href":"https:\/\/notinor.com\/jujuy\/wp-json\/wp\/v2\/posts\/187100\/revisions\/187112"}],"wp:featuredmedia":[{"embeddable":true,"href":"https:\/\/notinor.com\/jujuy\/wp-json\/wp\/v2\/media\/187108"}],"wp:attachment":[{"href":"https:\/\/notinor.com\/jujuy\/wp-json\/wp\/v2\/media?parent=187100"}],"wp:term":[{"taxonomy":"category","embeddable":true,"href":"https:\/\/notinor.com\/jujuy\/wp-json\/wp\/v2\/categories?post=187100"},{"taxonomy":"post_tag","embeddable":true,"href":"https:\/\/notinor.com\/jujuy\/wp-json\/wp\/v2\/tags?post=187100"}],"curies":[{"name":"wp","href":"https:\/\/api.w.org\/{rel}","templated":true}]}}