{"id":187094,"date":"2018-08-13T12:58:08","date_gmt":"2018-08-13T15:58:08","guid":{"rendered":"http:\/\/notinor.com\/jujuy\/?p=187094"},"modified":"2018-08-13T12:58:08","modified_gmt":"2018-08-13T15:58:08","slug":"hoy-se-celebra-el-dia-del-zurdo","status":"publish","type":"post","link":"https:\/\/notinor.com\/jujuy\/hoy-se-celebra-el-dia-del-zurdo\/","title":{"rendered":"Hoy se celebra el D\u00eda del Zurdo"},"content":{"rendered":"<p>Los zurdos son minor\u00eda a nivel mundial y en porcentaje solo abarcan el 10%, el 85% del planeta es diestro. Es por esto que, desde la infancia la frustraci\u00f3n por la escasez de accesorios que concuerden con los h\u00e1bitos de manejo de una persona zurda es realmente significativa, teniendo que adaptarse permanentemente al uso de elementos pensados para diestros, como por ejemplo posturas diferenciales para escribir desde el jard\u00edn de infantes.<\/p>\n<p>Pero desde hace dos a\u00f1os en Argentina est\u00e1 disponible el cuaderno \u00c9xito z3, el primer y \u00fanico cuaderno hecho para zurdos, que fabrica la empresa Ledesma desde Jujuy con papel de fibra de ca\u00f1a de az\u00facar, un producto amigable con el ambiente.<\/p>\n<p><strong>Acerca del cuaderno \u00c9xito Z3\u00a0\u00a0\u00a0\u00a0\u00a0\u00a0\u00a0\u00a0\u00a0\u00a0\u00a0\u00a0\u00a0\u00a0\u00a0\u00a0\u00a0\u00a0\u00a0\u00a0\u00a0\u00a0\u00a0\u00a0\u00a0\u00a0\u00a0\u00a0\u00a0\u00a0\u00a0\u00a0\u00a0\u00a0\u00a0\u00a0\u00a0\u00a0\u00a0\u00a0\u00a0\u00a0\u00a0\u00a0\u00a0\u00a0\u00a0\u00a0\u00a0\u00a0\u00a0\u00a0\u00a0\u00a0\u00a0\u00a0\u00a0\u00a0\u00a0\u00a0 <\/strong><\/p>\n<p>El tama\u00f1o del cuaderno es de 19 x 24 cm, el mismo formato que los cuadernos Exito E3. Principalmente desarrollado para alumnos desde sala de 5 a\u00f1os del jard\u00edn, donde comienzan a transitar el camino de la escritura, hasta 3\u00b0 grado de la escuela primaria, pero tambi\u00e9n resultar\u00e1 de gran utilidad para zurdos de todas las edades.<\/p>\n<p>La diferencia con los cuadernos normales es que incluye el margen en el lado izquierdo tanto en el frente como en el dorso de las hojas. Sus m\u00e1rgenes est\u00e1n bien delimitados para evitar la escritura \"en espejo\", un fen\u00f3meno que afecta principalmente a las personas zurdas. El margen es m\u00e1s ancho que los cuadernos tradicionales para facilitar la escritura en el comienzo del rengl\u00f3n.<\/p>\n<p>Otra diferencia es que al tener el espiral arriba no entorpece la escritura en ning\u00fan momento y anula la posibilidad de colocar la mano como gancho, con la mu\u00f1eca quebrada desde la parte superior, postura que suelen adoptar muchos zurdos para evitar los lomos o espirales laterales de los cuadernos.<\/p>\n<p>&nbsp;<\/p>\n<p>&nbsp;<\/p>\n","protected":false},"excerpt":{"rendered":"<p>Los zurdos son minor\u00eda a nivel mundial y en porcentaje solo abarcan el 10%, el 85% del planeta es diestro. Es por esto que, desde la infancia la frustraci\u00f3n por la escasez de accesorios que concuerden con los h\u00e1bitos de manejo de una persona zurda es realmente significativa, teniendo que adaptarse permanentemente al uso de [&hellip;]<\/p>\n","protected":false},"author":5,"featured_media":187097,"comment_status":"open","ping_status":"open","sticky":false,"template":"","format":"standard","meta":{"_stopmodifiedupdate":false,"_modified_date":"","inline_featured_image":false,"spay_email":"","jetpack_publicize_message":""},"categories":[4],"tags":[],"jetpack_featured_media_url":"https:\/\/notinor.com\/jujuy\/wp-content\/uploads\/2018\/08\/D\u00eda-del-Zurdo.jpg","jetpack_publicize_connections":[],"_links":{"self":[{"href":"https:\/\/notinor.com\/jujuy\/wp-json\/wp\/v2\/posts\/187094"}],"collection":[{"href":"https:\/\/notinor.com\/jujuy\/wp-json\/wp\/v2\/posts"}],"about":[{"href":"https:\/\/notinor.com\/jujuy\/wp-json\/wp\/v2\/types\/post"}],"author":[{"embeddable":true,"href":"https:\/\/notinor.com\/jujuy\/wp-json\/wp\/v2\/users\/5"}],"replies":[{"embeddable":true,"href":"https:\/\/notinor.com\/jujuy\/wp-json\/wp\/v2\/comments?post=187094"}],"version-history":[{"count":2,"href":"https:\/\/notinor.com\/jujuy\/wp-json\/wp\/v2\/posts\/187094\/revisions"}],"predecessor-version":[{"id":187099,"href":"https:\/\/notinor.com\/jujuy\/wp-json\/wp\/v2\/posts\/187094\/revisions\/187099"}],"wp:featuredmedia":[{"embeddable":true,"href":"https:\/\/notinor.com\/jujuy\/wp-json\/wp\/v2\/media\/187097"}],"wp:attachment":[{"href":"https:\/\/notinor.com\/jujuy\/wp-json\/wp\/v2\/media?parent=187094"}],"wp:term":[{"taxonomy":"category","embeddable":true,"href":"https:\/\/notinor.com\/jujuy\/wp-json\/wp\/v2\/categories?post=187094"},{"taxonomy":"post_tag","embeddable":true,"href":"https:\/\/notinor.com\/jujuy\/wp-json\/wp\/v2\/tags?post=187094"}],"curies":[{"name":"wp","href":"https:\/\/api.w.org\/{rel}","templated":true}]}}