{"id":187087,"date":"2018-08-13T12:27:19","date_gmt":"2018-08-13T15:27:19","guid":{"rendered":"http:\/\/notinor.com\/jujuy\/?p=187087"},"modified":"2018-08-13T13:08:37","modified_gmt":"2018-08-13T16:08:37","slug":"otro-robo-a-una-joyeria-en-pleno-centro","status":"publish","type":"post","link":"https:\/\/notinor.com\/jujuy\/otro-robo-a-una-joyeria-en-pleno-centro\/","title":{"rendered":"Otro robo, esta vez a una joyer\u00eda en pleno centro"},"content":{"rendered":"<div id=\"sp-main-menu-sticky-wrapper\" class=\"sticky-wrapper is-sticky\">\n<section id=\"sp-main-menu\">\n<div class=\"container\">\n<div class=\"row\">\n<div id=\"sp-menu-right\" class=\"col-sm-9 col-md-1 hidden-xs\">\n<div class=\"sp-column \">\n<div class=\"sp-module \">\n<div class=\"sp-module-content\">\n<div class=\"mod-sppagebuilder sp-page-builder\">\n<div class=\"page-content\">\n<div id=\"section-id-1516933507645\" class=\"sppb-section sppb-hidden-sm sppb-hidden-xs\">\n<div class=\"sppb-container-inner\">\n<div class=\"sppb-row sppb-no-gutter sppb-align-center\">\n<div id=\"column-wrap-id-1516933507642\" class=\"sppb-col-md-12\">\n<div id=\"column-id-1516933507642\" class=\"sppb-column\">\n<div class=\"sppb-column-addons\">\n<div id=\"sppb-addon-1519792491233\" class=\"clearfix\">\n<div class=\"sppb-addon sppb-addon-module news365-top-search\">\n<div class=\"sppb-addon-content\">\n<div class=\"searchnews365-top-search\"><\/div>\n<\/div>\n<\/div>\n<\/div>\n<\/div>\n<\/div>\n<\/div>\n<\/div>\n<\/div>\n<\/div>\n<\/div>\n<\/div>\n<\/div>\n<\/div>\n<\/div>\n<\/div>\n<\/div>\n<\/div>\n<\/section>\n<\/div>\n<section id=\"sp-main-body\">\n<div class=\"container\">\n<div class=\"row\">\n<div id=\"sp-component\" class=\"col-sm-9 col-md-9\">\n<div class=\"sp-column \">\n<p>&nbsp;<\/p>\n<div id=\"k2Container\" class=\"itemView\">\n<div class=\"itemHeader\"><img decoding=\"async\" loading=\"lazy\" class=\"alignnone wp-image-187088\" src=\"http:\/\/notinor.com\/jujuy\/wp-content\/uploads\/2018\/08\/Valentinuz-660x293.jpg\" alt=\"\" width=\"827\" height=\"367\" srcset=\"https:\/\/notinor.com\/jujuy\/wp-content\/uploads\/2018\/08\/Valentinuz-660x293.jpg 660w, https:\/\/notinor.com\/jujuy\/wp-content\/uploads\/2018\/08\/Valentinuz-768x341.jpg 768w, https:\/\/notinor.com\/jujuy\/wp-content\/uploads\/2018\/08\/Valentinuz-840x373.jpg 840w, https:\/\/notinor.com\/jujuy\/wp-content\/uploads\/2018\/08\/Valentinuz.jpg 1689w\" sizes=\"(max-width: 827px) 100vw, 827px\" \/><\/div>\n<div class=\"itemBody\">\n<div><\/div>\n<blockquote>\n<div class=\"itemImageBlock\"><strong>Por lo que se pudo conocer de fuentes policiales el hecho habr\u00eda ocurrido entre la madrugada del domingo y la ma\u00f1ana del lunes.<\/strong><\/div>\n<\/blockquote>\n<div class=\"itemFullText\">\n<p>Los delincuentes, ingresaron forzando la puerta con un elemento contundente y se llevaron joyas de oro y plata. Seg\u00fan algunos datos obtenidos, los malvivientes, para cometer el il\u00edcito cortaron las alarmas y la luz del frente del local.<\/p>\n<p>Un dato particular, es que los ladrones a pesar de que en el local se venden anillos, collares y pulseras de otros materiales, solo robaron oro y plata.<\/p>\n<p>Desde el comercio informaron que la polic\u00eda, tomo las huellas digitales y otras las muestras necesarias. Asimismo pidieron a la comunidad que quien conozca a los malvivientes o sepa de alguien que este vendiendo estas joyas, denuncie.<\/p>\n<p>\u201cEstamos en una situaci\u00f3n econ\u00f3mica muy cr\u00edtica. Todo lo que hicimos fue con sacrificio, a pulm\u00f3n\u201d, dijo la propietaria, aunque asegur\u00f3 que reci\u00e9n evaluar\u00e1n el monto de lo robado.<\/p>\n<p>PREOCUPACI\u00d3N<\/p>\n<p>Los comerciantes de la zona c\u00e9ntrica de San Salvador califican como alarmante la cantidad robos que varios locales comerciales est\u00e1n sufriendo en los \u00faltimos d\u00edas.<\/p>\n<p>Cabe recordar que los comercios de ropa, son victimas a diario de las conocidas mecheras que entran y sustraen distintos productos.<\/p>\n<p>&nbsp;<\/p>\n<p>&nbsp;<\/p>\n<\/div>\n<\/div>\n<\/div>\n<\/div>\n<\/div>\n<\/div>\n<\/div>\n<\/section>\n","protected":false},"excerpt":{"rendered":"<p>&nbsp; Por lo que se pudo conocer de fuentes policiales el hecho habr\u00eda ocurrido entre la madrugada del domingo y la ma\u00f1ana del lunes. Los delincuentes, ingresaron forzando la puerta con un elemento contundente y se llevaron joyas de oro y plata. Seg\u00fan algunos datos obtenidos, los malvivientes, para cometer el il\u00edcito cortaron las alarmas [&hellip;]<\/p>\n","protected":false},"author":1,"featured_media":187088,"comment_status":"open","ping_status":"open","sticky":false,"template":"","format":"standard","meta":{"_stopmodifiedupdate":false,"_modified_date":"","inline_featured_image":false,"spay_email":"","jetpack_publicize_message":""},"categories":[2,3],"tags":[],"jetpack_featured_media_url":"https:\/\/notinor.com\/jujuy\/wp-content\/uploads\/2018\/08\/Valentinuz.jpg","jetpack_publicize_connections":[],"_links":{"self":[{"href":"https:\/\/notinor.com\/jujuy\/wp-json\/wp\/v2\/posts\/187087"}],"collection":[{"href":"https:\/\/notinor.com\/jujuy\/wp-json\/wp\/v2\/posts"}],"about":[{"href":"https:\/\/notinor.com\/jujuy\/wp-json\/wp\/v2\/types\/post"}],"author":[{"embeddable":true,"href":"https:\/\/notinor.com\/jujuy\/wp-json\/wp\/v2\/users\/1"}],"replies":[{"embeddable":true,"href":"https:\/\/notinor.com\/jujuy\/wp-json\/wp\/v2\/comments?post=187087"}],"version-history":[{"count":7,"href":"https:\/\/notinor.com\/jujuy\/wp-json\/wp\/v2\/posts\/187087\/revisions"}],"predecessor-version":[{"id":187106,"href":"https:\/\/notinor.com\/jujuy\/wp-json\/wp\/v2\/posts\/187087\/revisions\/187106"}],"wp:featuredmedia":[{"embeddable":true,"href":"https:\/\/notinor.com\/jujuy\/wp-json\/wp\/v2\/media\/187088"}],"wp:attachment":[{"href":"https:\/\/notinor.com\/jujuy\/wp-json\/wp\/v2\/media?parent=187087"}],"wp:term":[{"taxonomy":"category","embeddable":true,"href":"https:\/\/notinor.com\/jujuy\/wp-json\/wp\/v2\/categories?post=187087"},{"taxonomy":"post_tag","embeddable":true,"href":"https:\/\/notinor.com\/jujuy\/wp-json\/wp\/v2\/tags?post=187087"}],"curies":[{"name":"wp","href":"https:\/\/api.w.org\/{rel}","templated":true}]}}