{"id":187080,"date":"2018-08-13T12:12:52","date_gmt":"2018-08-13T15:12:52","guid":{"rendered":"http:\/\/notinor.com\/jujuy\/?p=187080"},"modified":"2018-08-13T12:12:52","modified_gmt":"2018-08-13T15:12:52","slug":"cristina-kirchner-nego-el-cobro-de-coimas-dijo-que-es-perseguida-y-atribuyo-el-caso-de-los-cuadernos-a-la-caida-de-imagen-del-gobierno","status":"publish","type":"post","link":"https:\/\/notinor.com\/jujuy\/cristina-kirchner-nego-el-cobro-de-coimas-dijo-que-es-perseguida-y-atribuyo-el-caso-de-los-cuadernos-a-la-caida-de-imagen-del-gobierno\/","title":{"rendered":"Cristina Kirchner neg\u00f3 el cobro de coimas, dijo que es perseguida y atribuy\u00f3 el caso de los cuadernos a la ca\u00edda de imagen del Gobierno"},"content":{"rendered":"<div class=\"row\">\n<figure class=\"element element-image col-xs-12\">\n<div class=\"single-image\"><img decoding=\"async\" loading=\"lazy\" id=\"5G6Y3PKS4NDN7DO32LSLCP5JB4\" class=\"image-lazy\" src=\"https:\/\/www.infobae.com\/new-resizer\/mqnRTajJNnVcM37VLDVDV9bO4FE=\/600x0\/filters:quality(100)\/s3.amazonaws.com\/arc-wordpress-client-uploads\/infobae-wp\/wp-content\/uploads\/2018\/08\/13094618\/CFK-salida-Recoleta-Comodoro-Py-2.jpg\" alt=\"Cristina Kirchner, este lunes al salir del departamento que figura en los cuadernos de Centeno (Foto: Guille Llamos)\" width=\"750\" height=\"421.484375\" data-url=\"https:\/\/www.infobae.com\/politica\/2018\/08\/13\/cristina-kirchner-nego-los-hechos-dijo-que-es-perseguida-y-atribuyo-el-caso-a-la-caida-de-la-imagen-del-gobierno\/%235G6Y3PKS4NDN7DO32LSLCP5JB4\" data-original=\"https:\/\/www.infobae.com\/new-resizer\/mqnRTajJNnVcM37VLDVDV9bO4FE=\/600x0\/filters:quality(100)\/s3.amazonaws.com\/arc-wordpress-client-uploads\/infobae-wp\/wp-content\/uploads\/2018\/08\/13094618\/CFK-salida-Recoleta-Comodoro-Py-2.jpg\" \/><\/div><figcaption class=\"\"><span class=\"credit\">Cristina Kirchner, este lunes al salir del departamento que figura en los cuadernos de Centeno (Foto: Guille Llamos)<\/span><\/figcaption><\/figure>\n<\/div>\n<div class=\"row\">\n<div class=\"col-xs-12 col-print-12\">\n<p class=\"element element-paragraph\">La ex presidente\u00a0<strong>Cristina Kirchner<\/strong>\u00a0present\u00f3 tres escritos\u00a0en su visita al juzgado de Claudio Bonadio, el juez que la investiga como jefa de una asociaci\u00f3n il\u00edcita que recaudaba coimas de los empresarios de la construcci\u00f3n.<\/p>\n<\/div>\n<\/div>\n<div class=\"row\">\n<div class=\"col-xs-12 col-print-12\">\n<p class=\"element element-paragraph\">Como parte de su estrategia judicial, CFK pidi\u00f3 la nulidad del caso y recus\u00f3 al fiscal\u00a0<strong>Carlos Stornelli<\/strong>\u00a0y al juez\u00a0<strong>Claudio Bonadio<\/strong>.<\/p>\n<\/div>\n<\/div>\n<div class=\"row\">\n<div class=\"col-xs-12 col-print-12\">\n<p class=\"element element-paragraph\">La presentaci\u00f3n principal, que lleva su firma, niega la acusaci\u00f3n, repasa -seg\u00fan considera ella- una persecuci\u00f3n judicial desde la asunci\u00f3n de Mauricio Macri, e ironiza sobre los alcances de la denuncia surgida a partir de los cuadernos del chofer Oscar Centeno.<\/p>\n<\/div>\n<\/div>\n<div class=\"row\">\n<div class=\"col-xs-12 col-print-12\">\n<p class=\"element element-paragraph\"><strong>\"Niego de manera terminante los cargos\"<\/strong><\/p>\n<\/div>\n<\/div>\n<div class=\"row\">\n<div class=\"col-xs-12 col-print-12\">\n<p class=\"element element-paragraph\">\"Como puede apreciarse, desde que el Ing. Mauricio Macri asumi\u00f3 la Presidencia de la Naci\u00f3n se han dictado en mi contra cinco procesamientos e, incre\u00edblemente, fui imputada y procesada en tres causas distintas por haber sido la jefa de la misma presunta asociaci\u00f3n il\u00edcita que, seg\u00fan se afirma en todos los casos, se habr\u00eda montado para obtener dinero ileg\u00edtimo por parte de empresarios que recibieron contratos de obra p\u00fablica entre los a\u00f1os 2003 y 2015\".<\/p>\n<\/div>\n<\/div>\n<div class=\"row\">\n<div class=\"col-xs-12 col-print-12\">\n<p class=\"element element-paragraph\">\"A partir del 1\u00ba de agosto del corriente a\u00f1o, los argentinos nos enteramos de la existencia de una nueva causa penal en la que eran detenidas decenas de personas y se realizaban una multiplicidad de allanamientos\".<\/p>\n<\/div>\n<\/div>\n<div class=\"row\">\n<div class=\"col-xs-12 col-print-12\">\n<p class=\"element element-paragraph\">\"Todo ello se hab\u00eda iniciado, seg\u00fan nos contaron, a ra\u00edz de la informaci\u00f3n que aparec\u00eda en unos supuestos cuadernos que habr\u00eda confeccionado de manera harto llamativa Oscar Centeno, un ex militar que supuestamente ven\u00eda trabajando como chofer para un funcionario del Ministerio de Planificaci\u00f3n, quien le habr\u00eda entregado este material a Jorge Bacigalupo, un sargento retirado de la Polic\u00eda Federal Argentina, entre cuyas cualidades se destaca no solo tener un odio ac\u00e9rrimo hacia el peronismo, sino tambi\u00e9n la justificaci\u00f3n de los cr\u00edmenes de lesa humanidad cometidos durante la \u00faltima dictadura c\u00edvico-militar\".<\/p>\n<\/div>\n<\/div>\n<div class=\"row\">\n<figure class=\"element element-image col-xs-12\">\n<div class=\"single-image\">\n<div class=\"shares\">\n<div class=\"share-button facebook\" data-url=\"https:\/\/www.infobae.com\/politica\/2018\/08\/13\/cristina-kirchner-nego-los-hechos-dijo-que-es-perseguida-y-atribuyo-el-caso-a-la-caida-de-la-imagen-del-gobierno\/%23HD6SHOCANNGKLHDU362HAEIJT4\" data-original=\"https:\/\/s3.amazonaws.com\/arc-wordpress-client-uploads\/infobae-wp\/wp-content\/uploads\/2018\/08\/13094635\/Cristina-Fernandez-de-Kirchner-comodoro-py-1920-21.jpg\"><\/div>\n<\/div>\n<p><img decoding=\"async\" loading=\"lazy\" id=\"HD6SHOCANNGKLHDU362HAEIJT4\" class=\"image-lazy\" src=\"https:\/\/www.infobae.com\/new-resizer\/nHzBMa7iWF_kiIukyWFmMN15boU=\/600x0\/filters:quality(100)\/s3.amazonaws.com\/arc-wordpress-client-uploads\/infobae-wp\/wp-content\/uploads\/2018\/08\/13094635\/Cristina-Fernandez-de-Kirchner-comodoro-py-1920-21.jpg\" alt=\"\" width=\"750\" height=\"421.875\" data-url=\"https:\/\/www.infobae.com\/politica\/2018\/08\/13\/cristina-kirchner-nego-los-hechos-dijo-que-es-perseguida-y-atribuyo-el-caso-a-la-caida-de-la-imagen-del-gobierno\/%23HD6SHOCANNGKLHDU362HAEIJT4\" data-original=\"https:\/\/www.infobae.com\/new-resizer\/nHzBMa7iWF_kiIukyWFmMN15boU=\/600x0\/filters:quality(100)\/s3.amazonaws.com\/arc-wordpress-client-uploads\/infobae-wp\/wp-content\/uploads\/2018\/08\/13094635\/Cristina-Fernandez-de-Kirchner-comodoro-py-1920-21.jpg\" \/><\/div><figcaption class=\"\"><\/figcaption><\/figure>\n<\/div>\n<div class=\"row\">\n<div class=\"col-xs-12 col-print-12\">\n<p class=\"element element-paragraph\">\"Seg\u00fan se relata, Bacigalupo, en un \"acto de patriotismo\" se habr\u00eda apropiado de los cuadernos y se los habr\u00eda entregado a un periodista del diario La Naci\u00f3n, a saber, Diego Cabot, quien por lo que se informa y no fue desmentido tendr\u00eda estrechas relaciones con la alianza gobernante\".<\/p>\n<\/div>\n<\/div>\n<div class=\"row\">\n<div class=\"col-xs-12 col-print-12\">\n<p class=\"element element-paragraph\">\"Dos meses m\u00e1s tarde, ante el reclamo efectuado por Bacigalupo, Cabot le habr\u00eda devuelto los cuadernos (a Centeno), habiendo obtenido previamente fotocopias del material\".<\/p>\n<\/div>\n<\/div>\n<div class=\"row\">\n<div class=\"col-xs-12 col-print-12\">\n<p class=\"element element-paragraph\">\"Despu\u00e9s de haber devuelto los cuadernos originales y contando ahora s\u00f3lo con sus fotocopias, Cabot tom\u00f3 la decisi\u00f3n de informar el hecho a la justicia. Sin embargo, ello ocurri\u00f3 de una manera bastante particular, ya que\u00a0<strong>en lugar de presentar una denuncia como hace cualquier ciudadano se contact\u00f3, no sabemos bien c\u00f3mo, con el fiscal Carlos Stornelli, quien se mostr\u00f3 extraordinariamente interesado en el caso, requiri\u00e9ndole que el material s\u00f3lo se lo dieran a \u00e9l<\/strong>\".<\/p>\n<\/div>\n<\/div>\n<div class=\"row\">\n<div class=\"col-xs-12 col-print-12\">\n<p class=\"element element-paragraph\">\"<strong>El fiscal, ya con las fotocopias de los cuadernos en su poder, tampoco cumpli\u00f3 con el procedimiento legal correspondiente, a saber, hacer la denuncia para que se sorteara el juez competente que deb\u00eda intervenir en el hecho<\/strong>\".<\/p>\n<\/div>\n<\/div>\n<div class=\"row\">\n<div class=\"col-xs-12 col-print-12\">\n<p class=\"element element-paragraph\">\"<strong>Por el contrario, en forma discrecional eligi\u00f3 a Bonadio bajo el pretexto de que ya exist\u00eda una causa judicial que habilitaba su trabajo en com\u00fan<\/strong>\".<\/p>\n<\/div>\n<\/div>\n<div class=\"row\">\n<div class=\"col-xs-12 col-print-12\">\n<p class=\"element element-paragraph\">\"<strong>Elegidos a dedo el juez y el fiscal, estos decidieron armar una nueva causa y auto colocarse como competentes para manejarla y sacarla a la luz, como parece ser una costumbre en el fuero federal, cuando las circunstancias pol\u00edticas resultaran apropiadas<\/strong>\".<\/p>\n<\/div>\n<\/div>\n<div class=\"row\">\n<figure class=\"element element-image col-xs-12\">\n<div class=\"single-image\">\n<div class=\"shares\">\n<div class=\"share-button facebook\" data-url=\"https:\/\/www.infobae.com\/politica\/2018\/08\/13\/cristina-kirchner-nego-los-hechos-dijo-que-es-perseguida-y-atribuyo-el-caso-a-la-caida-de-la-imagen-del-gobierno\/%23LKQP3NOGLRGF7FCXXXXRP2NIME\" data-original=\"https:\/\/s3.amazonaws.com\/arc-wordpress-client-uploads\/infobae-wp\/wp-content\/uploads\/2018\/08\/13094626\/Cristina-Fernandez-de-Kirchner-comodoro-py-1920-5.jpg\"><\/div>\n<\/div>\n<p><img decoding=\"async\" loading=\"lazy\" id=\"LKQP3NOGLRGF7FCXXXXRP2NIME\" class=\"image-lazy\" src=\"https:\/\/www.infobae.com\/new-resizer\/Q7LaGRN02sLIu8j5qtezJAWr2fI=\/600x0\/filters:quality(100)\/s3.amazonaws.com\/arc-wordpress-client-uploads\/infobae-wp\/wp-content\/uploads\/2018\/08\/13094626\/Cristina-Fernandez-de-Kirchner-comodoro-py-1920-5.jpg\" alt=\"Cristina Kirchner al llegar a Comodoro Py. Luego present\u00f3 tres escritos ante Bonadio (Adri\u00e1n Escandar)\" width=\"750\" height=\"421.875\" data-url=\"https:\/\/www.infobae.com\/politica\/2018\/08\/13\/cristina-kirchner-nego-los-hechos-dijo-que-es-perseguida-y-atribuyo-el-caso-a-la-caida-de-la-imagen-del-gobierno\/%23LKQP3NOGLRGF7FCXXXXRP2NIME\" data-original=\"https:\/\/www.infobae.com\/new-resizer\/Q7LaGRN02sLIu8j5qtezJAWr2fI=\/600x0\/filters:quality(100)\/s3.amazonaws.com\/arc-wordpress-client-uploads\/infobae-wp\/wp-content\/uploads\/2018\/08\/13094626\/Cristina-Fernandez-de-Kirchner-comodoro-py-1920-5.jpg\" \/><\/div><figcaption class=\"\"><span class=\"credit\">Cristina Kirchner al llegar a Comodoro Py. Luego present\u00f3 tres escritos ante Bonadio (Adri\u00e1n Escandar)<\/span><\/figcaption><\/figure>\n<\/div>\n<div class=\"row\">\n<div class=\"col-xs-12 col-print-12\">\n<p class=\"element element-paragraph\"><strong>\"En este sentido, la ca\u00edda abrupta de la imagen del gobierno de turno, el agravamiento de los problemas econ\u00f3micos y las denuncias de corrupci\u00f3n en contra de las m\u00e1ximas autoridades de la alianza gobernante, en particular, la de una de sus figuras emblem\u00e1ticas por haber recibido financiaci\u00f3n para las campa\u00f1as electorales de los a\u00f1os 2015 y 2017 a trav\u00e9s de centenares de personas que negaron haber realizado dichos aportes se constituy\u00f3 en la oportunidad perfecta\".<\/strong><\/p>\n<\/div>\n<\/div>\n<div class=\"row\">\n<div class=\"col-xs-12 col-print-12\">\n<p class=\"element element-paragraph\">\"Los hechos que sobrevinieron ya fueron anticipados: allanamientos y detenciones, a los que se sucedieron la presentaci\u00f3n voluntaria de empresarios entre los que se encuentra \u00c1ngelo Calcaterra, primo hermano del Presidente de la Naci\u00f3n, quien result\u00f3 privilegiado con una de las sortijas que parece estar entregando el fiscal a aquellos arrepentidos que avalan la hip\u00f3tesis delictiva de la asociaci\u00f3n il\u00edcita\".<\/p>\n<\/div>\n<\/div>\n<div class=\"row\">\n<div class=\"col-xs-12 col-print-12\">\n<p class=\"element element-paragraph\">\n<strong>\"En s\u00edntesis, pareciera ser que adem\u00e1s de desempe\u00f1arme como jefa del Poder Ejecutivo por el voto popular durante ocho a\u00f1os, habr\u00eda tenido el tiempo suficiente para liderar todos los emprendimientos criminales de los que ahora se me acusa\".<\/strong><\/p>\n<\/div>\n<\/div>\n<div class=\"row\">\n<div class=\"col-xs-12 col-print-12\">\n<p class=\"element element-paragraph\">\"Semejante disparate, construido de una manera totalmente ajena al marco constitucional y legal vigente result\u00f3 posible habida cuenta de las interferencias que sobre la justicia viene desarrollando el Poder Ejecutivo de la Naci\u00f3n y en virtud de la protecci\u00f3n medi\u00e1tica que todas estas operaciones han recibido en los \u00faltimos dos a\u00f1os y medio\".<\/p>\n<\/div>\n<\/div>\n<div class=\"row\">\n<div class=\"col-xs-12 col-print-12\">\n<p class=\"element element-paragraph\"><strong>\"Para que se entienda, estamos ante una nueva clase de magistrado: el juez enemigo, actor principal del lawfare, doctrina que se despliega a nivel regional como una nueva forma de eliminaci\u00f3n y\/o supresi\u00f3n de todo aquel dirigente, fuerza o movimiento pol\u00edtico que se considere pone en riesgo el status quo sudamericano, que ahora se caracteriza por un fuerte retroceso en materia de derechos, conquistas y avances sociales logrados en el continente durante la primera d\u00e9cada y media del siglo XXI\".<\/strong><\/p>\n<\/div>\n<\/div>\n<div class=\"row\">\n<div class=\"col-xs-12 col-print-12\">\n<p class=\"element element-paragraph\">\"A diferencia de las \u00faltimas dictaduras que asolaron la regi\u00f3n en la segunda parte del siglo XX y que se manifestaban eliminando f\u00edsicamente a sus adversarios, en un novedoso y aceitado engranaje medi\u00e1tico-judicial se recurre ahora a la estigmatizaci\u00f3n, al juzgamiento de los medios y a la confirmaci\u00f3n en sede judicial con un resultado: la eliminaci\u00f3n pol\u00edtica\".<\/p>\n<\/div>\n<\/div>\n","protected":false},"excerpt":{"rendered":"<p>Cristina Kirchner, este lunes al salir del departamento que figura en los cuadernos de Centeno (Foto: Guille Llamos) La ex presidente\u00a0Cristina Kirchner\u00a0present\u00f3 tres escritos\u00a0en su visita al juzgado de Claudio Bonadio, el juez que la investiga como jefa de una asociaci\u00f3n il\u00edcita que recaudaba coimas de los empresarios de la construcci\u00f3n. Como parte de su [&hellip;]<\/p>\n","protected":false},"author":1,"featured_media":187082,"comment_status":"open","ping_status":"open","sticky":false,"template":"","format":"standard","meta":{"_stopmodifiedupdate":false,"_modified_date":"","inline_featured_image":false,"spay_email":"","jetpack_publicize_message":""},"categories":[5],"tags":[],"jetpack_featured_media_url":"https:\/\/notinor.com\/jujuy\/wp-content\/uploads\/2018\/08\/CRISTINA-DECLARA.jpg","jetpack_publicize_connections":[],"_links":{"self":[{"href":"https:\/\/notinor.com\/jujuy\/wp-json\/wp\/v2\/posts\/187080"}],"collection":[{"href":"https:\/\/notinor.com\/jujuy\/wp-json\/wp\/v2\/posts"}],"about":[{"href":"https:\/\/notinor.com\/jujuy\/wp-json\/wp\/v2\/types\/post"}],"author":[{"embeddable":true,"href":"https:\/\/notinor.com\/jujuy\/wp-json\/wp\/v2\/users\/1"}],"replies":[{"embeddable":true,"href":"https:\/\/notinor.com\/jujuy\/wp-json\/wp\/v2\/comments?post=187080"}],"version-history":[{"count":2,"href":"https:\/\/notinor.com\/jujuy\/wp-json\/wp\/v2\/posts\/187080\/revisions"}],"predecessor-version":[{"id":187083,"href":"https:\/\/notinor.com\/jujuy\/wp-json\/wp\/v2\/posts\/187080\/revisions\/187083"}],"wp:featuredmedia":[{"embeddable":true,"href":"https:\/\/notinor.com\/jujuy\/wp-json\/wp\/v2\/media\/187082"}],"wp:attachment":[{"href":"https:\/\/notinor.com\/jujuy\/wp-json\/wp\/v2\/media?parent=187080"}],"wp:term":[{"taxonomy":"category","embeddable":true,"href":"https:\/\/notinor.com\/jujuy\/wp-json\/wp\/v2\/categories?post=187080"},{"taxonomy":"post_tag","embeddable":true,"href":"https:\/\/notinor.com\/jujuy\/wp-json\/wp\/v2\/tags?post=187080"}],"curies":[{"name":"wp","href":"https:\/\/api.w.org\/{rel}","templated":true}]}}