{"id":187066,"date":"2018-08-13T11:22:20","date_gmt":"2018-08-13T14:22:20","guid":{"rendered":"http:\/\/notinor.com\/jujuy\/?p=187066"},"modified":"2018-08-13T11:22:20","modified_gmt":"2018-08-13T14:22:20","slug":"llampa-santos","status":"publish","type":"post","link":"https:\/\/notinor.com\/jujuy\/llampa-santos\/","title":{"rendered":"LLAMPA, Santos"},"content":{"rendered":"<p>Falleci\u00f3 el d\u00eda 12 de agosto de 2018, a hs. 06:00. C.A.S.R. y B.P. a la edad de 80 a\u00f1os. Sus hijos: Liliana, Teresa, Nora, Anibal y Viviana, sus nietos: Diego, Gustavo, Mart\u00edn, Eliana, Guillermo, Nadia, Florencia, Leonidas, Milagro, Victoria, Ezequiel, Leandro, Martina, Clara, Julieta, Valentina, Thiago, Ornella, Antonella, Felipe, Amelie, Morita, Tomas, Federica, Francisco y Fabricio, amigos y dem\u00e1s familiares participan su fallecimiento e invitan a todas las personas piadosas a acompa\u00f1ar sus restos mortales hoy 13 de agosto a hs. 17:00. Casa de duelo: Pedro Campo 340 B\u00b0 1 de Octubre, Palpala. La familia agradece a todas las personas que acompa\u00f1an en estos momentos de profundo dolor. Se ruega elevar una oraci\u00f3n para el eterno descanso de su alma. Exequias y ceremonial Werchow Servicios Sociales SRL, Independencia 1185, S. S. de Jujuy, Tel. 4228433, cel. 388154177373.en su memora<\/p>\n","protected":false},"excerpt":{"rendered":"<p>Falleci\u00f3 el d\u00eda 12 de agosto de 2018, a hs. 06:00. C.A.S.R. y B.P. a la edad de 80 a\u00f1os. Sus hijos: Liliana, Teresa, Nora, Anibal y Viviana, sus nietos: Diego, Gustavo, Mart\u00edn, Eliana, Guillermo, Nadia, Florencia, Leonidas, Milagro, Victoria, Ezequiel, Leandro, Martina, Clara, Julieta, Valentina, Thiago, Ornella, Antonella, Felipe, Amelie, Morita, Tomas, Federica, Francisco [&hellip;]<\/p>\n","protected":false},"author":5,"featured_media":130005,"comment_status":"open","ping_status":"open","sticky":false,"template":"","format":"standard","meta":{"_stopmodifiedupdate":false,"_modified_date":"","inline_featured_image":false,"spay_email":"","jetpack_publicize_message":""},"categories":[523],"tags":[],"jetpack_featured_media_url":"https:\/\/notinor.com\/jujuy\/wp-content\/uploads\/2017\/08\/Obituarios-1.jpg","jetpack_publicize_connections":[],"_links":{"self":[{"href":"https:\/\/notinor.com\/jujuy\/wp-json\/wp\/v2\/posts\/187066"}],"collection":[{"href":"https:\/\/notinor.com\/jujuy\/wp-json\/wp\/v2\/posts"}],"about":[{"href":"https:\/\/notinor.com\/jujuy\/wp-json\/wp\/v2\/types\/post"}],"author":[{"embeddable":true,"href":"https:\/\/notinor.com\/jujuy\/wp-json\/wp\/v2\/users\/5"}],"replies":[{"embeddable":true,"href":"https:\/\/notinor.com\/jujuy\/wp-json\/wp\/v2\/comments?post=187066"}],"version-history":[{"count":1,"href":"https:\/\/notinor.com\/jujuy\/wp-json\/wp\/v2\/posts\/187066\/revisions"}],"predecessor-version":[{"id":187075,"href":"https:\/\/notinor.com\/jujuy\/wp-json\/wp\/v2\/posts\/187066\/revisions\/187075"}],"wp:featuredmedia":[{"embeddable":true,"href":"https:\/\/notinor.com\/jujuy\/wp-json\/wp\/v2\/media\/130005"}],"wp:attachment":[{"href":"https:\/\/notinor.com\/jujuy\/wp-json\/wp\/v2\/media?parent=187066"}],"wp:term":[{"taxonomy":"category","embeddable":true,"href":"https:\/\/notinor.com\/jujuy\/wp-json\/wp\/v2\/categories?post=187066"},{"taxonomy":"post_tag","embeddable":true,"href":"https:\/\/notinor.com\/jujuy\/wp-json\/wp\/v2\/tags?post=187066"}],"curies":[{"name":"wp","href":"https:\/\/api.w.org\/{rel}","templated":true}]}}