{"id":187058,"date":"2018-08-13T11:08:10","date_gmt":"2018-08-13T14:08:10","guid":{"rendered":"http:\/\/notinor.com\/jujuy\/?p=187058"},"modified":"2018-08-13T11:08:10","modified_gmt":"2018-08-13T14:08:10","slug":"atletico-tucuman-racing-superliga-horario-tv-y-formaciones","status":"publish","type":"post","link":"https:\/\/notinor.com\/jujuy\/atletico-tucuman-racing-superliga-horario-tv-y-formaciones\/","title":{"rendered":"Atl\u00e9tico Tucum\u00e1n-Racing, Superliga: horario, TV y formaciones"},"content":{"rendered":"<p><a href=\"http:\/\/notinor.com\/jujuy\/atletico-tucuman-racing-superliga-horario-tv-y-formaciones\/1-3159\/\" rel=\"attachment wp-att-187059\"><img decoding=\"async\" loading=\"lazy\" class=\"alignnone size-large wp-image-187059\" src=\"http:\/\/notinor.com\/jujuy\/wp-content\/uploads\/2018\/08\/1-10-678x480.jpg\" alt=\"\" width=\"678\" height=\"480\" srcset=\"https:\/\/notinor.com\/jujuy\/wp-content\/uploads\/2018\/08\/1-10-678x480.jpg 678w, https:\/\/notinor.com\/jujuy\/wp-content\/uploads\/2018\/08\/1-10-515x365.jpg 515w, https:\/\/notinor.com\/jujuy\/wp-content\/uploads\/2018\/08\/1-10-120x86.jpg 120w, https:\/\/notinor.com\/jujuy\/wp-content\/uploads\/2018\/08\/1-10.jpg 727w\" sizes=\"(max-width: 678px) 100vw, 678px\" \/><\/a><\/p>\n<p>&nbsp;<\/p>\n<ul class=\"lista\">\n<li><b>Atl\u00e9tico Tucuman:<\/b>\u00a0Cristian Lucchetti; Jos\u00e9 San Rom\u00e1n, Bruno Bianchi, Yonathan Cabral, Gabriel Risso Patr\u00f3n; Guillermo Acosta, Juan Mercier, Rodrigo Aliendro, Ricardo Noir; Leandro Diaz y Luis Rodr\u00edguez o Mauro Matos. DT: Ricardo Zielinski.<\/li>\n<li><b>Racing Club:<\/b>\u00a0Gabriel Arias; Renzo Saravia, Leonardo Sigali, Lucas Orban, Alexis Soto; Nery Dom\u00ednguez, Mat\u00edas Zaracho, Neri Cardozo y Ricardo Centuri\u00f3n; Gustavo Bou y Lisandro L\u00f3pez. DT: Eduardo Coudet.<\/li>\n<li><b>\u00c1rbitro:<\/b>\u00a0N\u00e9stor Pitana<\/li>\n<li><b>Estadio:<\/b>\u00a0Jos\u00e9 Fierro (San Miguel de Tucum\u00e1n).<\/li>\n<li><b>Hora:<\/b>\u00a021<\/li>\n<li><b>TV:<\/b>\u00a0Fox Sports Premium<\/li>\n<\/ul>\n<p>&nbsp;<\/p>\n","protected":false},"excerpt":{"rendered":"<p>&nbsp; Atl\u00e9tico Tucuman:\u00a0Cristian Lucchetti; Jos\u00e9 San Rom\u00e1n, Bruno Bianchi, Yonathan Cabral, Gabriel Risso Patr\u00f3n; Guillermo Acosta, Juan Mercier, Rodrigo Aliendro, Ricardo Noir; Leandro Diaz y Luis Rodr\u00edguez o Mauro Matos. DT: Ricardo Zielinski. Racing Club:\u00a0Gabriel Arias; Renzo Saravia, Leonardo Sigali, Lucas Orban, Alexis Soto; Nery Dom\u00ednguez, Mat\u00edas Zaracho, Neri Cardozo y Ricardo Centuri\u00f3n; Gustavo Bou [&hellip;]<\/p>\n","protected":false},"author":1,"featured_media":187059,"comment_status":"open","ping_status":"open","sticky":false,"template":"","format":"standard","meta":{"_stopmodifiedupdate":false,"_modified_date":"","inline_featured_image":false,"spay_email":"","jetpack_publicize_message":""},"categories":[7],"tags":[],"jetpack_featured_media_url":"https:\/\/notinor.com\/jujuy\/wp-content\/uploads\/2018\/08\/1-10.jpg","jetpack_publicize_connections":[],"_links":{"self":[{"href":"https:\/\/notinor.com\/jujuy\/wp-json\/wp\/v2\/posts\/187058"}],"collection":[{"href":"https:\/\/notinor.com\/jujuy\/wp-json\/wp\/v2\/posts"}],"about":[{"href":"https:\/\/notinor.com\/jujuy\/wp-json\/wp\/v2\/types\/post"}],"author":[{"embeddable":true,"href":"https:\/\/notinor.com\/jujuy\/wp-json\/wp\/v2\/users\/1"}],"replies":[{"embeddable":true,"href":"https:\/\/notinor.com\/jujuy\/wp-json\/wp\/v2\/comments?post=187058"}],"version-history":[{"count":3,"href":"https:\/\/notinor.com\/jujuy\/wp-json\/wp\/v2\/posts\/187058\/revisions"}],"predecessor-version":[{"id":187062,"href":"https:\/\/notinor.com\/jujuy\/wp-json\/wp\/v2\/posts\/187058\/revisions\/187062"}],"wp:featuredmedia":[{"embeddable":true,"href":"https:\/\/notinor.com\/jujuy\/wp-json\/wp\/v2\/media\/187059"}],"wp:attachment":[{"href":"https:\/\/notinor.com\/jujuy\/wp-json\/wp\/v2\/media?parent=187058"}],"wp:term":[{"taxonomy":"category","embeddable":true,"href":"https:\/\/notinor.com\/jujuy\/wp-json\/wp\/v2\/categories?post=187058"},{"taxonomy":"post_tag","embeddable":true,"href":"https:\/\/notinor.com\/jujuy\/wp-json\/wp\/v2\/tags?post=187058"}],"curies":[{"name":"wp","href":"https:\/\/api.w.org\/{rel}","templated":true}]}}