{"id":187020,"date":"2018-08-13T11:03:14","date_gmt":"2018-08-13T14:03:14","guid":{"rendered":"http:\/\/notinor.com\/jujuy\/?p=187020"},"modified":"2018-08-13T11:03:14","modified_gmt":"2018-08-13T14:03:14","slug":"es-oficial-juan-martin-del-potro-es-el-numero-tres-del-ranking-atp","status":"publish","type":"post","link":"https:\/\/notinor.com\/jujuy\/es-oficial-juan-martin-del-potro-es-el-numero-tres-del-ranking-atp\/","title":{"rendered":"Es oficial: Juan Mart\u00edn del Potro es el n\u00famero tres del ranking ATP"},"content":{"rendered":"<p><a href=\"http:\/\/notinor.com\/jujuy\/es-oficial-juan-martin-del-potro-es-el-numero-tres-del-ranking-atp\/1-3158\/\" rel=\"attachment wp-att-187053\"><img decoding=\"async\" loading=\"lazy\" src=\"http:\/\/notinor.com\/jujuy\/wp-content\/uploads\/2018\/08\/1-9.jpg\" alt=\"\" width=\"604\" height=\"332\" \/><\/a><\/p>\n<p>&nbsp;<\/p>\n<div>\n<div>\n<p>Como cada lunes, la\u00a0ATP\u00a0public\u00f3 su ranking actualizado y el argentino\u00a0Juan Mart\u00edn del Potroaparece en el\u00a0tercer puesto. Se trata de\u00a0la mejor posici\u00f3n que ha logrado en toda su carrerael tenista nacido en Tandil.<\/p>\n<\/div>\n<\/div>\n<div>\n<div>\n<p>\"La Torre\" suma\u00a05410 puntos\u00a0y se ubica solo por detr\u00e1s del espa\u00f1ol\u00a0Rafael Nadal\u00a0(10220) y del suizo\u00a0Roger Federer\u00a0(6480), los n\u00famero uno y dos del mundo, respectivamente.<\/p>\n<div>\n<div>\n<p>\"La Torre\" alcanz\u00f3 el podio del escalaf\u00f3n a pesar de haberse ausentado la semana pasada del\u00a0Masters 1000 de Toronto, tras\u00a0acusar una molestia en su mu\u00f1eca izquierda.\u00a0Las derrotas prematuras del alem\u00e1n\u00a0Alexander Zverev\u00a0(que no pudo defender el t\u00edtulo y baj\u00f3 al puesto n\u00famero 4) y del b\u00falgaro\u00a0Grigor Dimitrov\u00a0le permitieron ascender un escal\u00f3n en la clasificaci\u00f3n mundial.<\/p>\n<\/div>\n<\/div>\n<div>\n<div>\n<p>Se espera que Del Potro haga su reaparici\u00f3n en el circuito esta semana en el\u00a0Masters 1000 de Cincinnati, en Estados Unidos. All\u00ed estrenar\u00eda el flamante n\u00famero tres del ranking.<\/p>\n<p>Si se recupera de la lesi\u00f3n en su mu\u00f1eca izquierda (aquella que se oper\u00f3 tres veces entre 2014 y 2015) y confirma su participaci\u00f3n en el certamen de Ohio, el tandilense debutar\u00e1 en segunda ronda ante el ganador del duelo entre el coreano\u00a0Hyeon Chung\u00a0(23\u00b0) y el estadounidense\u00a0Jack Sock\u00a0(19\u00b0).<\/p>\n<\/div>\n<\/div>\n<div>\n<figure>\n<div>\n<div>\n<div data-url=\"https:\/\/www.infobae.com\/deportes-2\/2018\/08\/13\/es-oficial-juan-martin-del-potro-es-el-numero-tres-del-ranking-atp\/%23DCTS74CJWBHKHB46AADATVHLNI\" data-original=\"https:\/\/s3.amazonaws.com\/arc-wordpress-client-uploads\/infobae-wp\/wp-content\/uploads\/2018\/08\/12162523\/Entrenamiento-del-potro-1.jpg\"><\/div>\n<\/div>\n<\/div>\n<\/figure>\n<\/div>\n<\/div>\n<\/div>\n","protected":false},"excerpt":{"rendered":"<p>&nbsp; Como cada lunes, la\u00a0ATP\u00a0public\u00f3 su ranking actualizado y el argentino\u00a0Juan Mart\u00edn del Potroaparece en el\u00a0tercer puesto. Se trata de\u00a0la mejor posici\u00f3n que ha logrado en toda su carrerael tenista nacido en Tandil. \"La Torre\" suma\u00a05410 puntos\u00a0y se ubica solo por detr\u00e1s del espa\u00f1ol\u00a0Rafael Nadal\u00a0(10220) y del suizo\u00a0Roger Federer\u00a0(6480), los n\u00famero uno y dos del [&hellip;]<\/p>\n","protected":false},"author":1,"featured_media":187053,"comment_status":"open","ping_status":"open","sticky":false,"template":"","format":"standard","meta":{"_stopmodifiedupdate":false,"_modified_date":"","inline_featured_image":false,"spay_email":"","jetpack_publicize_message":""},"categories":[7],"tags":[],"jetpack_featured_media_url":"https:\/\/notinor.com\/jujuy\/wp-content\/uploads\/2018\/08\/1-9.jpg","jetpack_publicize_connections":[],"_links":{"self":[{"href":"https:\/\/notinor.com\/jujuy\/wp-json\/wp\/v2\/posts\/187020"}],"collection":[{"href":"https:\/\/notinor.com\/jujuy\/wp-json\/wp\/v2\/posts"}],"about":[{"href":"https:\/\/notinor.com\/jujuy\/wp-json\/wp\/v2\/types\/post"}],"author":[{"embeddable":true,"href":"https:\/\/notinor.com\/jujuy\/wp-json\/wp\/v2\/users\/1"}],"replies":[{"embeddable":true,"href":"https:\/\/notinor.com\/jujuy\/wp-json\/wp\/v2\/comments?post=187020"}],"version-history":[{"count":2,"href":"https:\/\/notinor.com\/jujuy\/wp-json\/wp\/v2\/posts\/187020\/revisions"}],"predecessor-version":[{"id":187057,"href":"https:\/\/notinor.com\/jujuy\/wp-json\/wp\/v2\/posts\/187020\/revisions\/187057"}],"wp:featuredmedia":[{"embeddable":true,"href":"https:\/\/notinor.com\/jujuy\/wp-json\/wp\/v2\/media\/187053"}],"wp:attachment":[{"href":"https:\/\/notinor.com\/jujuy\/wp-json\/wp\/v2\/media?parent=187020"}],"wp:term":[{"taxonomy":"category","embeddable":true,"href":"https:\/\/notinor.com\/jujuy\/wp-json\/wp\/v2\/categories?post=187020"},{"taxonomy":"post_tag","embeddable":true,"href":"https:\/\/notinor.com\/jujuy\/wp-json\/wp\/v2\/tags?post=187020"}],"curies":[{"name":"wp","href":"https:\/\/api.w.org\/{rel}","templated":true}]}}