{"id":18680,"date":"2015-03-07T00:23:01","date_gmt":"2015-03-07T03:23:01","guid":{"rendered":"http:\/\/notinor.com\/jujuy\/?p=18680"},"modified":"2015-03-07T00:23:01","modified_gmt":"2015-03-07T03:23:01","slug":"jenefes-destaco-el-rol-de-las-mujeres-como-protagonistas-del-pasado-presente-y-futuro-de-jujuy","status":"publish","type":"post","link":"https:\/\/notinor.com\/jujuy\/jenefes-destaco-el-rol-de-las-mujeres-como-protagonistas-del-pasado-presente-y-futuro-de-jujuy\/","title":{"rendered":"Jenefes destac\u00f3 el rol de las mujeres como protagonistas del pasado, presente y futuro de Jujuy"},"content":{"rendered":"<p><span lang=\"ES\">En el marco del D\u00eda Internacional de la Mujer a celebrarse este domingo 8 de marzo, la Legislatura de Jujuy homenaje\u00f3 a empleadas de todas las jefaturas, direcciones y bloques de las distintas bancadas pol\u00edticas en una ceremonia desarrollada en las escalinatas y en el hall de la sede parlamentaria.<\/span><\/p>\n<p><span lang=\"ES\">El agasajo fue encabezado por el Vicegobernador Guillermo Jenefes acompa\u00f1ado por su esposa, Sra. Eulalia Quevedo de Jenefes, diputados provinciales, los secretarios administrativo y parlamentario; CPN Fabio Fabiani y Dr. Jorge Rodr\u00edguez, respectivamente. Adem\u00e1s de los miembros de Asociaci\u00f3n Gaucha \u201cLa Gauchita\u201d.<\/span><\/p>\n<p><span lang=\"ES\">En uso de la palabra, Jenefes destac\u00f3 esta ceremonia \u00a0como un \u201creconocimiento para la mujer que es tan importante para nosotros como madre, profesional, militante, ama de casa, quienes apoyan de manera constante a muchos hombres para que puedan logar el \u00e9xito en cada una de las funciones que cumplen \u201cofreci\u00f3 un sincero agradecimiento a la labor de la mujer ya que \u201cconstituyen la columna vertebral del pasado, presente y el futuro de nuestra provincia\u201d record\u00f3 adem\u00e1s a la Dra. Patricia Arach como \u201cuna gran luchadora y de destacada labor en la C\u00e1mara de Diputados\u201d.<\/span><\/p>\n<p><span lang=\"ES\">Remarc\u00f3 que la mujer realiz\u00f3 un avance importante en la conquista de sus derechos logrando ocupar funciones \u00a0vitales en la sociedad \u201ctal as\u00ed que tenemos una presidenta y otras mujeres que ocupan cargos importantes a cargo de ministerios, y como gobernadoras de provincias (Catamarca, Santiago del Estero), hoy hay una plena igualdad de derechos y oportunidades\u201d, remarc\u00f3. \u00a0<\/span><\/p>\n<p><span lang=\"ES\">Tambi\u00e9n hizo uso de la palabra la Prof. Lilian batallanos, Jefa del Archivo Hist\u00f3rico, quien traz\u00f3 una l\u00ednea del tiempo que reflej\u00f3 el avance de la mujer hasta nuestros tiempos, poniendo en relieve la lucha y conquista derechos que le son propios. Destacando el desprendimiento de la tutela familiar para constituirse de manera integral como un miembro activo de la sociedad.<\/span><\/p>\n<p><span lang=\"ES\">A su turno la legisladora provincial, Lic. Eva Cruz, destac\u00f3 el camino transcurrido por la mujer a trav\u00e9s de la historia y resalt\u00f3 el trabajo que realizan en la C\u00e1mara de Diputados. Cito una m\u00e1xima de Eva Per\u00f3n, \u201cse ha terminado el tiempo del tutelaje civil hacia la mujer\u201d, y a partir de ah\u00ed comenzaba el largo camino de abrir paso en la lucha por nuestros derechos y por la defensa de lo que cre\u00edamos justo\u201d, remarc\u00f3.<\/span><\/p>\n<p style=\"text-align: center;\"><span lang=\"ES\">\u00a0<a href=\"http:\/\/notinor.com\/jujuy\/wp-content\/uploads\/2015\/03\/DSC_1920.jpg\"><img decoding=\"async\" loading=\"lazy\" class=\"alignnone size-full wp-image-18681\" src=\"http:\/\/notinor.com\/jujuy\/wp-content\/uploads\/2015\/03\/DSC_1920.jpg\" alt=\"DSC_1920\" width=\"900\" height=\"753\" srcset=\"https:\/\/notinor.com\/jujuy\/wp-content\/uploads\/2015\/03\/DSC_1920.jpg 900w, https:\/\/notinor.com\/jujuy\/wp-content\/uploads\/2015\/03\/DSC_1920-300x251.jpg 300w\" sizes=\"(max-width: 900px) 100vw, 900px\" \/><\/a><\/span><\/p>\n<p><b><span lang=\"ES\">EL ACTO<\/span><\/b><\/p>\n<p><span lang=\"ES\">En una primera instancia se procedi\u00f3 al izamiento de la Bandera Nacional a cargo del Presidente del Poder Legislativo, Dr. Guillermo Jenefes, las diputadas; Alejandra Cejas, Mirna Abregu y la jefa de Archivo, Sra. Dora Cejas. En tanto Izaron la Bandera Nacional de la Libertad Civil las legisladoras Patricia Armella, Eva Cruz y la empleada Lina Soto. Posteriormente con el acompa\u00f1amiento de la Banda de M\u00fasica de la Polic\u00eda de la provincia se entonaron las estrofas del Himno Nacional Argentino.<\/span><\/p>\n<p><span lang=\"ES\">Luego de las palabras de homenaje se invito a los presentes a disfrutar de un recital a cargo de la Banda de M\u00fasica de la Polic\u00eda de la Provincia quienes ejecutaron diversas piezas musicales dedicadas a las damas presentes.<\/span><\/p>\n<div class=\"yj6qo ajU\">\n<div id=\":114\" class=\"ajR\" tabindex=\"0\" data-tooltip=\"Muestra el contenido reducido\"><img decoding=\"async\" class=\"ajT\" src=\"https:\/\/ssl.gstatic.com\/ui\/v1\/icons\/mail\/images\/cleardot.gif\" alt=\"\" \/><\/div>\n<\/div>\n","protected":false},"excerpt":{"rendered":"<p>En el marco del D\u00eda Internacional de la Mujer a celebrarse este domingo 8 de marzo, la Legislatura de Jujuy homenaje\u00f3 a empleadas de todas las jefaturas, direcciones y bloques de las distintas bancadas pol\u00edticas en una ceremonia desarrollada en las escalinatas y en el hall de la sede parlamentaria. El agasajo fue encabezado por [&hellip;]<\/p>\n","protected":false},"author":1,"featured_media":18681,"comment_status":"open","ping_status":"open","sticky":false,"template":"","format":"standard","meta":{"_stopmodifiedupdate":false,"_modified_date":"","inline_featured_image":false},"categories":[2],"tags":[],"jetpack_featured_media_url":"https:\/\/notinor.com\/jujuy\/wp-content\/uploads\/2015\/03\/DSC_1920.jpg","_links":{"self":[{"href":"https:\/\/notinor.com\/jujuy\/wp-json\/wp\/v2\/posts\/18680"}],"collection":[{"href":"https:\/\/notinor.com\/jujuy\/wp-json\/wp\/v2\/posts"}],"about":[{"href":"https:\/\/notinor.com\/jujuy\/wp-json\/wp\/v2\/types\/post"}],"author":[{"embeddable":true,"href":"https:\/\/notinor.com\/jujuy\/wp-json\/wp\/v2\/users\/1"}],"replies":[{"embeddable":true,"href":"https:\/\/notinor.com\/jujuy\/wp-json\/wp\/v2\/comments?post=18680"}],"version-history":[{"count":1,"href":"https:\/\/notinor.com\/jujuy\/wp-json\/wp\/v2\/posts\/18680\/revisions"}],"predecessor-version":[{"id":18682,"href":"https:\/\/notinor.com\/jujuy\/wp-json\/wp\/v2\/posts\/18680\/revisions\/18682"}],"wp:featuredmedia":[{"embeddable":true,"href":"https:\/\/notinor.com\/jujuy\/wp-json\/wp\/v2\/media\/18681"}],"wp:attachment":[{"href":"https:\/\/notinor.com\/jujuy\/wp-json\/wp\/v2\/media?parent=18680"}],"wp:term":[{"taxonomy":"category","embeddable":true,"href":"https:\/\/notinor.com\/jujuy\/wp-json\/wp\/v2\/categories?post=18680"},{"taxonomy":"post_tag","embeddable":true,"href":"https:\/\/notinor.com\/jujuy\/wp-json\/wp\/v2\/tags?post=18680"}],"curies":[{"name":"wp","href":"https:\/\/api.w.org\/{rel}","templated":true}]}}