{"id":18674,"date":"2015-03-07T00:14:55","date_gmt":"2015-03-07T03:14:55","guid":{"rendered":"http:\/\/notinor.com\/jujuy\/?p=18674"},"modified":"2015-03-07T00:14:55","modified_gmt":"2015-03-07T03:14:55","slug":"desmalezamiento-en-barrio-coronel-arias","status":"publish","type":"post","link":"https:\/\/notinor.com\/jujuy\/desmalezamiento-en-barrio-coronel-arias\/","title":{"rendered":"Desmalezamiento en Barrio Coronel Arias"},"content":{"rendered":"<p>El Municipio capitalino, a trav\u00e9s de la Direcci\u00f3n de Espacios Verdes, desmaleza algunos predios, que si bien dicho mantenimiento no es de jurisdicci\u00f3n municipal, se realiza en el marco de la seguridad de la comunidad, tal el caso a la vera del Canal Alvarado, a lo largo del recorrido en Barrio Coronel Arias, en proximidades de sectores habitacionales.<\/p>\n<p>En este sentido, desde la Direcci\u00f3n de Espacios Verdes, \u00e1rea dependiente de la Secretar\u00eda de Servicios P\u00fablicos, se avanza en la recuperaci\u00f3n de distintos espacios verdes de la ciudad, tal el caso del Canal Alvarado, desde proximidades a un hipermercado, hasta Alberdi.<\/p>\n<p>Paralelamente otros equipos accionan en sectores verdes de Barrios Cuyaya, Moreno, Gorriti, Acceso Sur, San Mart\u00edn, Belgrano, V\u00edas Avenida Fascio y Santib\u00e1\u00f1ez, Barrio Norte, Platabandas: Avenidas Corrientes, Tello, P\u00e1rroco Marshke, Eva Per\u00f3n, Presidente Per\u00f3n.<\/p>\n<p>En la semana venidera se retomar\u00e1 en Barrios Coronel Arias, Los Perales, Chijra, La Vi\u00f1a e Higuerilla.<\/p>\n<p>Sobre estas tareas, el Director de Espacios Verdes, Ing. Juan Casasco afirm\u00f3 \u201cen la presente jornada continuamos desmalezando en las orillas del Canal Alvarado, en el tramo de Barrio Coronel Arias, tarea de varios d\u00edas, por la proliferaci\u00f3n de malezas\u201d.<\/p>\n<p style=\"text-align: center;\"><a href=\"http:\/\/notinor.com\/jujuy\/wp-content\/uploads\/2015\/03\/Juan-Casasco-Desmalezamiento-oriillas-canal-Alvarado.jpg\"><img decoding=\"async\" loading=\"lazy\" class=\"alignnone size-full wp-image-18675\" src=\"http:\/\/notinor.com\/jujuy\/wp-content\/uploads\/2015\/03\/Juan-Casasco-Desmalezamiento-oriillas-canal-Alvarado.jpg\" alt=\"Juan Casasco Desmalezamiento oriillas canal Alvarado\" width=\"900\" height=\"597\" srcset=\"https:\/\/notinor.com\/jujuy\/wp-content\/uploads\/2015\/03\/Juan-Casasco-Desmalezamiento-oriillas-canal-Alvarado.jpg 900w, https:\/\/notinor.com\/jujuy\/wp-content\/uploads\/2015\/03\/Juan-Casasco-Desmalezamiento-oriillas-canal-Alvarado-300x199.jpg 300w\" sizes=\"(max-width: 900px) 100vw, 900px\" \/><\/a><\/p>\n<p>\u201cEn los recorridos que realizan el Intendente de nuestra ciudad, Arq. Ra\u00fal Jorge y el Secretario de Servicios P\u00fablicos, Guillermo Marenco, se detectan sectores como estos, que no son jurisdicci\u00f3n del municipio, los desmaleza la Direcci\u00f3n de Espacios Verdes, respondiendo a la solicitud de los vecinos\u201d.<\/p>\n<p>En el marco de la seguridad ciudadana, el funcionario aclar\u00f3 \u201cel hecho de despejar sectores, con el circuito de desmalezamiento, disminuye la peligrosidad, resguardando la integridad de los vecinos, evitando tambi\u00e9n la proliferaci\u00f3n de alima\u00f1as\u201d.<\/p>\n<p>Por otra parte, el profesional hizo hincapi\u00e9 en la permanente colaboraci\u00f3n de operarios de la dependencia a su cargo \u201ca pesar de las eventuales medidas de fuerza, de origen gremial, contamos con un grupo de empleados que colaboran con la tarea diaria, en beneficio de la comunidad\u201d.<\/p>\n","protected":false},"excerpt":{"rendered":"<p>El Municipio capitalino, a trav\u00e9s de la Direcci\u00f3n de Espacios Verdes, desmaleza algunos predios, que si bien dicho mantenimiento no es de jurisdicci\u00f3n municipal, se realiza en el marco de la seguridad de la comunidad, tal el caso a la vera del Canal Alvarado, a lo largo del recorrido en Barrio Coronel Arias, en proximidades [&hellip;]<\/p>\n","protected":false},"author":1,"featured_media":18675,"comment_status":"open","ping_status":"open","sticky":false,"template":"","format":"standard","meta":{"_stopmodifiedupdate":false,"_modified_date":"","inline_featured_image":false},"categories":[2],"tags":[],"jetpack_featured_media_url":"https:\/\/notinor.com\/jujuy\/wp-content\/uploads\/2015\/03\/Juan-Casasco-Desmalezamiento-oriillas-canal-Alvarado.jpg","_links":{"self":[{"href":"https:\/\/notinor.com\/jujuy\/wp-json\/wp\/v2\/posts\/18674"}],"collection":[{"href":"https:\/\/notinor.com\/jujuy\/wp-json\/wp\/v2\/posts"}],"about":[{"href":"https:\/\/notinor.com\/jujuy\/wp-json\/wp\/v2\/types\/post"}],"author":[{"embeddable":true,"href":"https:\/\/notinor.com\/jujuy\/wp-json\/wp\/v2\/users\/1"}],"replies":[{"embeddable":true,"href":"https:\/\/notinor.com\/jujuy\/wp-json\/wp\/v2\/comments?post=18674"}],"version-history":[{"count":1,"href":"https:\/\/notinor.com\/jujuy\/wp-json\/wp\/v2\/posts\/18674\/revisions"}],"predecessor-version":[{"id":18676,"href":"https:\/\/notinor.com\/jujuy\/wp-json\/wp\/v2\/posts\/18674\/revisions\/18676"}],"wp:featuredmedia":[{"embeddable":true,"href":"https:\/\/notinor.com\/jujuy\/wp-json\/wp\/v2\/media\/18675"}],"wp:attachment":[{"href":"https:\/\/notinor.com\/jujuy\/wp-json\/wp\/v2\/media?parent=18674"}],"wp:term":[{"taxonomy":"category","embeddable":true,"href":"https:\/\/notinor.com\/jujuy\/wp-json\/wp\/v2\/categories?post=18674"},{"taxonomy":"post_tag","embeddable":true,"href":"https:\/\/notinor.com\/jujuy\/wp-json\/wp\/v2\/tags?post=18674"}],"curies":[{"name":"wp","href":"https:\/\/api.w.org\/{rel}","templated":true}]}}