{"id":18671,"date":"2015-03-07T00:03:47","date_gmt":"2015-03-07T03:03:47","guid":{"rendered":"http:\/\/notinor.com\/jujuy\/?p=18671"},"modified":"2015-03-06T22:11:17","modified_gmt":"2015-03-07T01:11:17","slug":"siguen-los-rumores-de-devaluacion-cuando-el-rio-suena","status":"publish","type":"post","link":"https:\/\/notinor.com\/jujuy\/siguen-los-rumores-de-devaluacion-cuando-el-rio-suena\/","title":{"rendered":"Siguen los rumores de devaluaci\u00f3n; cuando el r\u00edo suena..."},"content":{"rendered":"<p>El presidente del Banco Central (BCRA), Alejandro Vanoli, advirti\u00f3 hoy que \"no es negocio apostar\" a una devaluaci\u00f3n abrupta y pronostic\u00f3 que \"se va a seguir reduciendo la brecha\" entre el d\u00f3lar oficial y el paralelo porque se va a \"acotar la volatilidad cambiaria\" para \"mantener un nivel de reservas confortable\" para la econom\u00eda.<\/p>\n<p>En declaraciones a Radio Am\u00e9rica, Vanoli sostuvo tambi\u00e9n que \"en las pr\u00f3ximas semanas\" la depreciaci\u00f3n que tuvo el real \"se va a atenuar significativamente\", porque el Banco Central brasile\u00f1o \"tiene reservas significativas\".<\/p>\n<p>El titular de la autoridad monetaria vaticin\u00f3 tambi\u00e9n que \"a lo largo del a\u00f1o, se va a producir la liquidaci\u00f3n de la cosecha\" de soja, porque \"estamos generando las condiciones para que la retenci\u00f3n (en silobolsas de los productores) no sea negocio\".<\/p>\n<p>Adem\u00e1s destac\u00f3 que los ahorristas van a poder seguir comprando d\u00f3lares para atesoramiento y que \"la vocaci\u00f3n (del Banco Central) es normalizar todo el sistema monetario y cambiario, preservando la estabilidad\".<\/p>\n<p>El funcionario subray\u00f3 tambi\u00e9n que \"no est\u00e1n dadas las condiciones para una devaluaci\u00f3n abrupta\" y que \"no es negocio apostar a eso\".<\/p>\n<p>Vanoli sostuvo que \"la tendencia de convergencia entre el tipo de cambio (oficial) y los impl\u00edcitos financieros (d\u00f3lar Blue) se va a seguir reduciendo en las pr\u00f3ximas semanas\" y \"vamos a acotar la volatilidad cambiaria, manteniendo la flotaci\u00f3n administrada\" porque \"tenemos reservas suficientes y vamos a mantenerlas en un nivel confortable\" para sostener la estabilidad.<\/p>\n<h2><strong>TIPO DE CAMBIO COMPETITIVO<\/strong><\/h2>\n<p>\"Vamos a tener un tipo de cambio competitivo para los sectores productivos, pero que no comprometa la estabilidad financiera y monetaria\", afirm\u00f3 el titular de la Autoridad Monetaria, quien destac\u00f3 el \"aumento de los dep\u00f3sitos, de los cr\u00e9ditos y del crecimiento (econ\u00f3mico) y la baja de la inflaci\u00f3n\".<\/p>\n<p>Para Vanoli, la Argentina tuvo en los \u00faltimos meses \"viento de frente en todos los planos\", provocado, entre otras cosas, por el fallo del juez neoyorquino Thomas Griesa contra la Argentina y por la ca\u00edda del precio de los commodities, pero \"la Argentina tuvo la capacidad de resistir todos los embates que quer\u00edan generar condiciones de inestabilidad\".<\/p>\n<p>\"Superamos esta prueba de resistencia y hoy mejoran las cotizaciones de los bonos, baja el riesgo pa\u00eds y hay intenciones de inversi\u00f3n\", expres\u00f3 el funcionario, quien, consultado sobre si esa situaci\u00f3n no se deb\u00eda a la proximidad del cambio de Gobierno, sostuvo que \"si realmente hubiera mala praxis, no habr\u00eda futuro posible\".<\/p>\n<p>En cuanto a la situaci\u00f3n de Brasil, Vanoli expres\u00f3 su confianza \"en que la econom\u00eda brasile\u00f1a va a pasar este tr\u00e1nsito, va a reducir la volatilidad y retomar la senda de crecimiento\".<\/p>\n<p>\"En las pr\u00f3ximas semanas, esta depreciaci\u00f3n (del real) se va a atenuar significativamente\" porque \"no hay fundamentos para que la econom\u00eda brasile\u00f1a tenga mayores sobresaltos\", se\u00f1al\u00f3 el titular del BCRA, quien puntualiz\u00f3 que \"no est\u00e1n dadas las condiciones para que Brasil tenga un spread mayor, porque el gobierno (de ese pa\u00eds) tiene los instrumentos para reducir la volatilidad\".<\/p>\n<p>Por otra parte, y en cuanto al nivel de tasas de inter\u00e9s en la Argentina, Vanoli se\u00f1al\u00f3 que \"es importante que la tasa de inter\u00e9s en pesos para los ahorristas supere la variaci\u00f3n del tipo de cambio\", que es, seg\u00fan \u00e9l, \"lo que permiti\u00f3 la recuperaci\u00f3n de los dep\u00f3sitos\" en moneda local en el sistema bancario.<\/p>\n<p>Tambi\u00e9n destac\u00f3 la \"buena coordinaci\u00f3n (de la entidad que encabeza) con el Ministerio de Econom\u00eda y la muy buena con los organismos de control en lo que tiene que ver con actividades il\u00edcitas\", en referencia a las inspecciones en cuevas en donde se comercializaba el d\u00f3lar blue.<\/p>\n<p>Agencia DyN<\/p>\n","protected":false},"excerpt":{"rendered":"<p>El presidente del Banco Central (BCRA), Alejandro Vanoli, advirti\u00f3 hoy que \"no es negocio apostar\" a una devaluaci\u00f3n abrupta y pronostic\u00f3 que \"se va a seguir reduciendo la brecha\" entre el d\u00f3lar oficial y el paralelo porque se va a \"acotar la volatilidad cambiaria\" para \"mantener un nivel de reservas confortable\" para la econom\u00eda. En [&hellip;]<\/p>\n","protected":false},"author":1,"featured_media":18672,"comment_status":"open","ping_status":"open","sticky":false,"template":"","format":"standard","meta":{"_stopmodifiedupdate":false,"_modified_date":"","inline_featured_image":false},"categories":[5],"tags":[],"jetpack_featured_media_url":"https:\/\/notinor.com\/jujuy\/wp-content\/uploads\/2015\/03\/vanoli-devaluacion.jpg","_links":{"self":[{"href":"https:\/\/notinor.com\/jujuy\/wp-json\/wp\/v2\/posts\/18671"}],"collection":[{"href":"https:\/\/notinor.com\/jujuy\/wp-json\/wp\/v2\/posts"}],"about":[{"href":"https:\/\/notinor.com\/jujuy\/wp-json\/wp\/v2\/types\/post"}],"author":[{"embeddable":true,"href":"https:\/\/notinor.com\/jujuy\/wp-json\/wp\/v2\/users\/1"}],"replies":[{"embeddable":true,"href":"https:\/\/notinor.com\/jujuy\/wp-json\/wp\/v2\/comments?post=18671"}],"version-history":[{"count":1,"href":"https:\/\/notinor.com\/jujuy\/wp-json\/wp\/v2\/posts\/18671\/revisions"}],"predecessor-version":[{"id":18673,"href":"https:\/\/notinor.com\/jujuy\/wp-json\/wp\/v2\/posts\/18671\/revisions\/18673"}],"wp:featuredmedia":[{"embeddable":true,"href":"https:\/\/notinor.com\/jujuy\/wp-json\/wp\/v2\/media\/18672"}],"wp:attachment":[{"href":"https:\/\/notinor.com\/jujuy\/wp-json\/wp\/v2\/media?parent=18671"}],"wp:term":[{"taxonomy":"category","embeddable":true,"href":"https:\/\/notinor.com\/jujuy\/wp-json\/wp\/v2\/categories?post=18671"},{"taxonomy":"post_tag","embeddable":true,"href":"https:\/\/notinor.com\/jujuy\/wp-json\/wp\/v2\/tags?post=18671"}],"curies":[{"name":"wp","href":"https:\/\/api.w.org\/{rel}","templated":true}]}}