{"id":185049,"date":"2018-07-27T23:59:48","date_gmt":"2018-07-28T02:59:48","guid":{"rendered":"http:\/\/notinor.com\/jujuy\/?p=185049"},"modified":"2018-07-27T20:46:05","modified_gmt":"2018-07-27T23:46:05","slug":"jujuy-vive-la-9-expo-policial-2","status":"publish","type":"post","link":"https:\/\/notinor.com\/jujuy\/jujuy-vive-la-9-expo-policial-2\/","title":{"rendered":"Jujuy vive la 9\u00b0 expo policial"},"content":{"rendered":"<p>La 9na. Expo Policial estar\u00e1 hasta ma\u00f1ana a las 20, en la ex Estaci\u00f3n de Trenes. La finalidad es lograr una mayor integraci\u00f3n y cercan\u00eda entre la Polic\u00eda y la comunidad. Las actividades se desarrollan en el marco del 173 aniversario de la instituci\u00f3n policial.<\/p>\n<figure id=\"attachment_40457\" class=\"wp-caption aligncenter\"><img decoding=\"async\" loading=\"lazy\" class=\"size-full wp-image-40457\" src=\"http:\/\/prensa.jujuy.gob.ar\/wp-content\/uploads\/sites\/37\/2018\/07\/IMG-20180727-WA0071.jpg\" sizes=\"(max-width: 1280px) 100vw, 1280px\" srcset=\"http:\/\/prensa.jujuy.gob.ar\/wp-content\/uploads\/sites\/37\/2018\/07\/IMG-20180727-WA0071.jpg 1280w, http:\/\/prensa.jujuy.gob.ar\/wp-content\/uploads\/sites\/37\/2018\/07\/IMG-20180727-WA0071-300x200.jpg 300w, http:\/\/prensa.jujuy.gob.ar\/wp-content\/uploads\/sites\/37\/2018\/07\/IMG-20180727-WA0071-768x512.jpg 768w, http:\/\/prensa.jujuy.gob.ar\/wp-content\/uploads\/sites\/37\/2018\/07\/IMG-20180727-WA0071-1024x682.jpg 1024w, http:\/\/prensa.jujuy.gob.ar\/wp-content\/uploads\/sites\/37\/2018\/07\/IMG-20180727-WA0071-600x400.jpg 600w, http:\/\/prensa.jujuy.gob.ar\/wp-content\/uploads\/sites\/37\/2018\/07\/IMG-20180727-WA0071-1140x760.jpg 1140w, http:\/\/prensa.jujuy.gob.ar\/wp-content\/uploads\/sites\/37\/2018\/07\/IMG-20180727-WA0071-480x320.jpg 480w, http:\/\/prensa.jujuy.gob.ar\/wp-content\/uploads\/sites\/37\/2018\/07\/IMG-20180727-WA0071-960x640.jpg 960w\" alt=\"9na Expo policial\" width=\"1280\" height=\"853\" \/><figcaption class=\"wp-caption-text\">9na Expo policial<\/figcaption><\/figure>\n<p>La apertura de dicha exposici\u00f3n fue realizada por el Ministro de Seguridad de la Provincia, Ekel Meyer; el Secretario de Seguridad P\u00fablica, Guillermo Tejerina; y el jefe de Polic\u00eda, Guillermo Corro, adem\u00e1s de otros funcionarios del \u00e1rea de Seguridad y personal policial.<\/p>\n<p>Desde ayer y hasta ma\u00f1ana s\u00e1bado, de 10 a 20, los juje\u00f1os pueden visitar los stands de las diferentes \u00e1reas de la fuerza y participar de las distintas actividades, como las exhibiciones, pruebas de tiro y operativos. Los ni\u00f1os disfrutaron de las experiencias acompa\u00f1ados por los mismos polic\u00edas que se encuentran en el lugar.<\/p>\n<p>Esta tarde, el ministro de Seguridad, Ekel Meyer, volver\u00e1 a recorrer los stands, recalcando que \u201ces importante la cercan\u00eda de la fuerza con los vecinos, con las familias, ya que el servicio es para ellos. Los juje\u00f1os tienen la posibilidad de conocer y vivenciar algunas de las tareas que tienen nuestros polic\u00edas y deben respetar a todo el personal policial, el respeto debe ser mutuo\u201d.<\/p>\n<p>Entre los stands se encuentran las divisiones de Canes, CEOP, Bomberos, Comando de Prevenci\u00f3n y Seguridad Comunitaria, Criminal\u00edstica, Violencia de G\u00e9nero, Seguridad Vial, Infanter\u00eda, Narcotr\u00e1fico, Investigaciones, el Jard\u00edn de la Polic\u00eda y Medicina Legal.<\/p>\n<p><strong>Programa de la semana de la Polic\u00eda:<\/strong><\/p>\n<p>S\u00e1bado 28<\/p>\n<p>20 horas. Cierre de la Expo Policial<\/p>\n<p>Domingo 29<\/p>\n<p>10 horas. Marat\u00f3n Policial (Avenida Santiba\u00f1ez N\u00b01372)<\/p>\n<p>Lunes 30<\/p>\n<p>20 horas. Concierto de la Banda de M\u00fasica \u201cTacita de Plata\u201d (Teatro Mitre)<\/p>\n<p>Martes 31<\/p>\n<p>11 horas. Acto homenaje\u00a0 a los polic\u00edas ca\u00eddos en el cumplimiento de su deber (Central de Polic\u00eda)<\/p>\n<p>Mi\u00e9rcoles 1 de agosto<\/p>\n<p>9.30 horas. Acto central. Dispositivo de Desfile (Avenida Forestal)<\/p>\n<p>&nbsp;<\/p>\n","protected":false},"excerpt":{"rendered":"<p>La 9na. Expo Policial estar\u00e1 hasta ma\u00f1ana a las 20, en la ex Estaci\u00f3n de Trenes. La finalidad es lograr una mayor integraci\u00f3n y cercan\u00eda entre la Polic\u00eda y la comunidad. Las actividades se desarrollan en el marco del 173 aniversario de la instituci\u00f3n policial. 9na Expo policial La apertura de dicha exposici\u00f3n fue realizada [&hellip;]<\/p>\n","protected":false},"author":1,"featured_media":185050,"comment_status":"open","ping_status":"open","sticky":false,"template":"","format":"standard","meta":{"_stopmodifiedupdate":false,"_modified_date":"","inline_featured_image":false,"spay_email":"","jetpack_publicize_message":""},"categories":[2],"tags":[],"jetpack_featured_media_url":"https:\/\/notinor.com\/jujuy\/wp-content\/uploads\/2018\/07\/EXPO-POLICIAL.jpg","jetpack_publicize_connections":[],"_links":{"self":[{"href":"https:\/\/notinor.com\/jujuy\/wp-json\/wp\/v2\/posts\/185049"}],"collection":[{"href":"https:\/\/notinor.com\/jujuy\/wp-json\/wp\/v2\/posts"}],"about":[{"href":"https:\/\/notinor.com\/jujuy\/wp-json\/wp\/v2\/types\/post"}],"author":[{"embeddable":true,"href":"https:\/\/notinor.com\/jujuy\/wp-json\/wp\/v2\/users\/1"}],"replies":[{"embeddable":true,"href":"https:\/\/notinor.com\/jujuy\/wp-json\/wp\/v2\/comments?post=185049"}],"version-history":[{"count":1,"href":"https:\/\/notinor.com\/jujuy\/wp-json\/wp\/v2\/posts\/185049\/revisions"}],"predecessor-version":[{"id":185051,"href":"https:\/\/notinor.com\/jujuy\/wp-json\/wp\/v2\/posts\/185049\/revisions\/185051"}],"wp:featuredmedia":[{"embeddable":true,"href":"https:\/\/notinor.com\/jujuy\/wp-json\/wp\/v2\/media\/185050"}],"wp:attachment":[{"href":"https:\/\/notinor.com\/jujuy\/wp-json\/wp\/v2\/media?parent=185049"}],"wp:term":[{"taxonomy":"category","embeddable":true,"href":"https:\/\/notinor.com\/jujuy\/wp-json\/wp\/v2\/categories?post=185049"},{"taxonomy":"post_tag","embeddable":true,"href":"https:\/\/notinor.com\/jujuy\/wp-json\/wp\/v2\/tags?post=185049"}],"curies":[{"name":"wp","href":"https:\/\/api.w.org\/{rel}","templated":true}]}}