{"id":185044,"date":"2018-07-28T00:00:43","date_gmt":"2018-07-28T03:00:43","guid":{"rendered":"http:\/\/notinor.com\/jujuy\/?p=185044"},"modified":"2018-07-27T20:34:56","modified_gmt":"2018-07-27T23:34:56","slug":"finalmente-el-parque-lineal-xibi-xibi-se-inaugura-el-martes","status":"publish","type":"post","link":"https:\/\/notinor.com\/jujuy\/finalmente-el-parque-lineal-xibi-xibi-se-inaugura-el-martes\/","title":{"rendered":"Finalmente el Parque Lineal Xibi Xibi se inaugura el martes"},"content":{"rendered":"<p><img decoding=\"async\" loading=\"lazy\" class=\"alignnone wp-image-170103 size-full\" src=\"http:\/\/notinor.com\/jujuy\/wp-content\/uploads\/2018\/04\/parque-3.jpg\" alt=\"\" width=\"960\" height=\"637\" srcset=\"https:\/\/notinor.com\/jujuy\/wp-content\/uploads\/2018\/04\/parque-3.jpg 960w, https:\/\/notinor.com\/jujuy\/wp-content\/uploads\/2018\/04\/parque-3-550x365.jpg 550w, https:\/\/notinor.com\/jujuy\/wp-content\/uploads\/2018\/04\/parque-3-768x510.jpg 768w, https:\/\/notinor.com\/jujuy\/wp-content\/uploads\/2018\/04\/parque-3-723x480.jpg 723w, https:\/\/notinor.com\/jujuy\/wp-content\/uploads\/2018\/04\/parque-3-400x266.jpg 400w\" sizes=\"(max-width: 960px) 100vw, 960px\" \/><\/p>\n<p>Cabe recordar que \u00a0el gobierno provincial decret\u00f3 que el mi\u00e9rcoles 1\u00b0 de agosto habr\u00e1 asueto administrativo y escolar para todos los niveles en toda la provincia con motivo de la celebraci\u00f3n del D\u00eda de la Pachamama y tambien porque muchas familias realizan el ritual a la madre tierra dicho d\u00eda.<\/p>\n<p>Por este motivo desde la Municipalidad de San Salvador decidieron adelantar la inauguraci\u00f3n del Parque Lineal Xibi Xibi para el d\u00eda martes 31 a las 18:00 horas.<\/p>\n","protected":false},"excerpt":{"rendered":"<p>Cabe recordar que \u00a0el gobierno provincial decret\u00f3 que el mi\u00e9rcoles 1\u00b0 de agosto habr\u00e1 asueto administrativo y escolar para todos los niveles en toda la provincia con motivo de la celebraci\u00f3n del D\u00eda de la Pachamama y tambien porque muchas familias realizan el ritual a la madre tierra dicho d\u00eda. Por este motivo desde la [&hellip;]<\/p>\n","protected":false},"author":1,"featured_media":170103,"comment_status":"open","ping_status":"open","sticky":false,"template":"","format":"standard","meta":{"_stopmodifiedupdate":false,"_modified_date":"","inline_featured_image":false,"spay_email":"","jetpack_publicize_message":""},"categories":[2],"tags":[],"jetpack_featured_media_url":"https:\/\/notinor.com\/jujuy\/wp-content\/uploads\/2018\/04\/parque-3.jpg","jetpack_publicize_connections":[],"_links":{"self":[{"href":"https:\/\/notinor.com\/jujuy\/wp-json\/wp\/v2\/posts\/185044"}],"collection":[{"href":"https:\/\/notinor.com\/jujuy\/wp-json\/wp\/v2\/posts"}],"about":[{"href":"https:\/\/notinor.com\/jujuy\/wp-json\/wp\/v2\/types\/post"}],"author":[{"embeddable":true,"href":"https:\/\/notinor.com\/jujuy\/wp-json\/wp\/v2\/users\/1"}],"replies":[{"embeddable":true,"href":"https:\/\/notinor.com\/jujuy\/wp-json\/wp\/v2\/comments?post=185044"}],"version-history":[{"count":1,"href":"https:\/\/notinor.com\/jujuy\/wp-json\/wp\/v2\/posts\/185044\/revisions"}],"predecessor-version":[{"id":185045,"href":"https:\/\/notinor.com\/jujuy\/wp-json\/wp\/v2\/posts\/185044\/revisions\/185045"}],"wp:featuredmedia":[{"embeddable":true,"href":"https:\/\/notinor.com\/jujuy\/wp-json\/wp\/v2\/media\/170103"}],"wp:attachment":[{"href":"https:\/\/notinor.com\/jujuy\/wp-json\/wp\/v2\/media?parent=185044"}],"wp:term":[{"taxonomy":"category","embeddable":true,"href":"https:\/\/notinor.com\/jujuy\/wp-json\/wp\/v2\/categories?post=185044"},{"taxonomy":"post_tag","embeddable":true,"href":"https:\/\/notinor.com\/jujuy\/wp-json\/wp\/v2\/tags?post=185044"}],"curies":[{"name":"wp","href":"https:\/\/api.w.org\/{rel}","templated":true}]}}