{"id":18494,"date":"2015-03-06T00:05:18","date_gmt":"2015-03-06T03:05:18","guid":{"rendered":"http:\/\/notinor.com\/jujuy\/?p=18494"},"modified":"2015-03-06T00:05:18","modified_gmt":"2015-03-06T03:05:18","slug":"san-pedro-anses-sigue-entregando-jubilaciones","status":"publish","type":"post","link":"https:\/\/notinor.com\/jujuy\/san-pedro-anses-sigue-entregando-jubilaciones\/","title":{"rendered":"San Pedro: Anses sigue entregando jubilaciones"},"content":{"rendered":"<p><strong>ANSES SIGUE ENTREGANDO JUBILACIONES<\/strong><\/p>\n<p>En la ma\u00f1ana del mi\u00e9rcoles con un acto realizado en la Casa de la Cultura, se procedi\u00f3 a la entrega de m\u00e1s jubilaciones dentro del programa nacional lanzado por la Presidencia de la Naci\u00f3n.<\/p>\n<p>Con respecto a esta entrega Silvina Villada dijo \"les agradezco su paciencia, les estamos entregando las resoluciones para que puedan cobrar su primer haber jubilatorio. Estamos trabajando en forma conjunta con el municipio, como equipo de trabajo estamos muy contentos porque superamos las 600 jubilaciones, en donde el 80% pertenece a nuestra ciudad y el haber jubilatorio oscila entre 3000 y 3200 pesos. Hay que aclarar que estas jubilaciones est\u00e1n contempladas dentro de la nueva Ley de Jubilaci\u00f3n Previsional. Aparte de esto en el d\u00eda de ayer entregamos 40 jubilaciones a quienes hacen su aporte, les cuento esto para que sepan que en San Pedro estamos entregando unas 120 jubilaciones mensuales. Para esto hay que hacer bien los tramites, para que los expedientes no vuelvan y ustedes en un mes o tal vez menos puedan gozar de este beneficio.\"<\/p>\n<p>Por su parte el Intendente Julio Mois\u00e9s destaco que \"esto ocurre siempre que un gobierno peronista llega al poder, el peronismo siempre trato de llevar un poco m\u00e1s de bienestar a los argentinos pero en este caso es para los que menos tienen, a los que padecen de problemas econ\u00f3micos. Esto la hace una presidenta que tanto difaman los medios de comunicaci\u00f3n, pero seguramente cuando a alguien lo difaman tanto es porque a tocado intereses muy altos. Ustedes saben que soy peronista que defiendo a Nestor y Cristina, porque estoy convencido que despu\u00e9s de Juan Per\u00f3n, este gobierno fue el\u00a0 que m\u00e1s hizo por lo que menos tienen. Nosotros lo llamamos en esta nueva d\u00e9cada inclusi\u00f3n social, ustedes saben que el Gobierno Nacional no les regala nada, sino que ustedes no se pod\u00edan jubilar porque les faltaba aportes.\"<\/p>\n<p>Despu\u00e9s continuo diciendo \"ahora est\u00e1n recibiendo con el nuevo aumento un haber de m\u00e1s de 3000 pesos, merecidos por cierto y esto es gracias a que el Gobierno de Nestor y Cristina estatizo las AFJP, esto significo sacarle a estas empresas privadas las ganancias que les sacaban a todos<\/p>\n<p>los trabajadores argentinos. Lo que hoy comienzan a recibir va a llevar un poco m\u00e1s de bienestar a sus hogares, por eso hay que ser agradecidos y defender a Cristina. Nosotros los sanpedre\u00f1os debemos ser muy agradecidos con Cristina, porque a trav\u00e9s de nuestras gestiones y con su aprobaci\u00f3n pudimos descentralizar ANSES y traerlo a nuestra ciudad.\" Finalizo.<\/p>\n<p><strong>CULTURA CONVOCA A ESPECTACULOS INFANTILES<\/strong><\/p>\n<p>El Ministerio de Cultura de la Naci\u00f3n abre la convocatoria para formar parte del programa <a href=\"http:\/\/www.cultura.gob.ar\/acciones\/cultura-e-infancia-1\/\">Cultura e Infancia<\/a>. Se podr\u00e1n presentar proyectos de espect\u00e1culos infantiles de circo, m\u00fasica, clown, teatro, magia y t\u00edteres de todo el pa\u00eds, que ser\u00e1n programados en el marco de la acci\u00f3n Chocolate Cultura, en aquellos puntos del territorio nacional que cuentan con menos recursos para acceder a este tipo de actividades<\/p>\n<p>Convocatoria para Elencos de todo el pa\u00eds que ser\u00e1n integrados al Programa Chocolate Cultura durante el 2015.<\/p>\n<p>La idea de esta Convocatoria es, principalmente, aumentar el n\u00famero de elencos de las provincias para Federalizar el Programa en su m\u00e1xima posibilidad<\/p>\n<p>Los interesados tienen tiempo para postularse hasta el 23 de marzo.<\/p>\n<p>Los requisitos no excluyentes con los que deber\u00e1n contar los espect\u00e1culos son: cualidades adaptables a diversos espacios, elenco de hasta cinco integrantes, movilidad propia y sonido para realizar las funciones. Adem\u00e1s, el responsable del grupo deber\u00e1 poseer mono tributo al d\u00eda y contar con una cuenta bancaria.<\/p>\n<p>Los interesados deber\u00e1n enviar informaci\u00f3n, hasta el 23 de marzo inclusive, al correo electr\u00f3nico <a href=\"mailto:infancia@cultura.gob.ar\">infancia@cultura.gob.ar<\/a>, detallando:<\/p>\n<p>Nombre del elenco<\/p>\n<p>Cantidad de integrantes<\/p>\n<p>Tipo de movilidad y sonido<\/p>\n<p>Duraci\u00f3n del espect\u00e1culo<\/p>\n<p>Alcance (m\u00e1ximo de personas que pueden apreciarlo)<\/p>\n<p>Cachet<\/p>\n<p>Carpeta digitalizada adjunta, con link a registro f\u00edlmico del espect\u00e1culo.<\/p>\n<p>Por m\u00e1s informaci\u00f3n podr\u00e1n dirigirse a la Casa de la Cultura de esta municipalidad.<\/p>\n<p><strong>PRESENCIA DEL INTENDENTE MOIS\u00c9S EN EL BARRIO CRISTINA KIRCHNER<\/strong><\/p>\n<p>En la tarde del ultimo martes, se present\u00f3 el Intendente de nuestra ciudad Julio Mois\u00e9s con el fin de dialogar con vecinos de ese barrio, lamentablemente la reuni\u00f3n no pudo finalizar porque interrumpi\u00f3 la misma, la presencia agresiva de un grupo de vecinos liderados por Silvana Alfaro.<\/p>\n<p>Los hechos se desencadenaron mientras Julio Mois\u00e9s se dirig\u00eda a los vecinos presentes cuando se acerc\u00f3 un grupo de personas, entre ellos la auto-proclamada presidenta del barrio Silvana Alfaro que doblego el pobre accionar policial y los vecinos comenzaron a agredirse verbal y f\u00edsicamente, en algunos casos. En esos momentos Mois\u00e9s entre otros conceptos les dec\u00eda a los vecinos presentes \"el medidor comunitario lo paga la Municipalidad, esto no es de una familia, el agua va a llegar a este barrio ahora est\u00e1n trabajando en el sector este de la ciudad.\"<\/p>\n<p>Luego de una tensa calma instalada en el lugar se pudo conversar con Adriana Portal, Secretaria de Desarrollo y Acci\u00f3n Social del municipio sanpedre\u00f1o, quien dijo \"cuando me presentaron la nota por el ca\u00f1o comunitario en diciembre yo le hab\u00eda pedido a la se\u00f1orita Silvana Alfaro, un poco de paciencia para hacer una obra real en este sector barrial y no continuar con la improvisaci\u00f3n ya que estamos tratando de erradicar todo lo que sea comunitario. Desgraciadamente esto lleva tiempo y las empresas est\u00e1n ocupadas en la zona este de la ciudad, estamos trabajando para traer la obra, algo que quede para toda la vida. Si bien instalamos un medidor para la luz comunitaria, a fines del a\u00f1o pasado, no todos la tienen porque les est\u00e1n cobrando una considerable suma de dinero que todos pueden pagarla.\"<\/p>\n<p>Al referirse a los terrenos Portal acoto \"venimos muy atrasados con la informaci\u00f3n en este barrio porque siempre que venimos nos ponen obst\u00e1culos. Reci\u00e9n en octubre del a\u00f1o pasado pudimos hacer un\u00a0 primer relevamiento, por eso hoy trajimos la gente de vivienda para dialogar con el vecino, no con una comisi\u00f3n, quer\u00edamos un dialogo sin condiciones. Quer\u00edamos conversar con el vecino para explicarle cuales son las problem\u00e1ticas reales y porque el municipio no entro antes. A mas tardar el jueves tendremos una reuni\u00f3n con el Ministro de Vivienda para darle un corte definitivo a este problema.\"<\/p>\n<p>En cuanto a la situaci\u00f3n planteada por la presencia de dos comisiones de vecinos, La Secretaria de Desarrollo Social fue muy clara y dijo \"esto es una problem\u00e1tica que debe plantearse en la Coordinaci\u00f3n de Relaciones Institucionales, en lo que a m\u00ed me corresponde yo recibo a todos los vecinos, a Alfaro y a cualquier otro.\" Subrayo.<\/p>\n<p>Finalmente la funcionaria municipal expreso \"evidentemente hay internas en el barrio pero a m\u00ed eso no me corresponde, lo que yo s\u00ed puedo asegurar es que este barrio a esta altura ya deber\u00eda estar brillando y todav\u00eda no pasa nada. Nosotros vamos a avanzar con las obras, con la regularizaci\u00f3n de terrenos, hasta que cada vecino tenga su oblea correspondiente.\"<\/p>\n","protected":false},"excerpt":{"rendered":"<p>ANSES SIGUE ENTREGANDO JUBILACIONES En la ma\u00f1ana del mi\u00e9rcoles con un acto realizado en la Casa de la Cultura, se procedi\u00f3 a la entrega de m\u00e1s jubilaciones dentro del programa nacional lanzado por la Presidencia de la Naci\u00f3n. Con respecto a esta entrega Silvina Villada dijo \"les agradezco su paciencia, les estamos entregando las resoluciones [&hellip;]<\/p>\n","protected":false},"author":1,"featured_media":18495,"comment_status":"open","ping_status":"open","sticky":false,"template":"","format":"standard","meta":{"_stopmodifiedupdate":false,"_modified_date":"","inline_featured_image":false,"spay_email":"","jetpack_publicize_message":""},"categories":[490],"tags":[],"jetpack_featured_media_url":"https:\/\/notinor.com\/jujuy\/wp-content\/uploads\/2015\/03\/20150303_204315_LLS.jpg","jetpack_publicize_connections":[],"_links":{"self":[{"href":"https:\/\/notinor.com\/jujuy\/wp-json\/wp\/v2\/posts\/18494"}],"collection":[{"href":"https:\/\/notinor.com\/jujuy\/wp-json\/wp\/v2\/posts"}],"about":[{"href":"https:\/\/notinor.com\/jujuy\/wp-json\/wp\/v2\/types\/post"}],"author":[{"embeddable":true,"href":"https:\/\/notinor.com\/jujuy\/wp-json\/wp\/v2\/users\/1"}],"replies":[{"embeddable":true,"href":"https:\/\/notinor.com\/jujuy\/wp-json\/wp\/v2\/comments?post=18494"}],"version-history":[{"count":1,"href":"https:\/\/notinor.com\/jujuy\/wp-json\/wp\/v2\/posts\/18494\/revisions"}],"predecessor-version":[{"id":18496,"href":"https:\/\/notinor.com\/jujuy\/wp-json\/wp\/v2\/posts\/18494\/revisions\/18496"}],"wp:featuredmedia":[{"embeddable":true,"href":"https:\/\/notinor.com\/jujuy\/wp-json\/wp\/v2\/media\/18495"}],"wp:attachment":[{"href":"https:\/\/notinor.com\/jujuy\/wp-json\/wp\/v2\/media?parent=18494"}],"wp:term":[{"taxonomy":"category","embeddable":true,"href":"https:\/\/notinor.com\/jujuy\/wp-json\/wp\/v2\/categories?post=18494"},{"taxonomy":"post_tag","embeddable":true,"href":"https:\/\/notinor.com\/jujuy\/wp-json\/wp\/v2\/tags?post=18494"}],"curies":[{"name":"wp","href":"https:\/\/api.w.org\/{rel}","templated":true}]}}