{"id":18491,"date":"2015-03-05T23:58:33","date_gmt":"2015-03-06T02:58:33","guid":{"rendered":"http:\/\/notinor.com\/jujuy\/?p=18491"},"modified":"2015-03-05T23:58:33","modified_gmt":"2015-03-06T02:58:33","slug":"jenefes-a-jujuy-lo-construimos-entre-todos","status":"publish","type":"post","link":"https:\/\/notinor.com\/jujuy\/jenefes-a-jujuy-lo-construimos-entre-todos\/","title":{"rendered":"Jenefes: \"A Jujuy lo construimos entre todos\""},"content":{"rendered":"<p>JENEFES RESALT\u00d2 EL NORMAL DESARROLLO DE TAREAS EN LAS ESCUELAS DE TODA\u00a0 LA PROVINCIA<\/p>\n<p>Mostr\u00f3 su satisfacci\u00f3n de poder llegar a los establecimientos en el tercer d\u00eda del inicio del ciclo lectivo y ver que \"todo se desarrolla de manera absolutamente normal lo que logramos sobre la base del dialogo entre el Estado Provincial y los distintos gremios docentes\".<\/p>\n<p><a href=\"http:\/\/notinor.com\/jujuy\/wp-content\/uploads\/2015\/03\/Notinor.-jenefes.png\"><img decoding=\"async\" loading=\"lazy\" class=\"alignnone size-full wp-image-18492\" src=\"http:\/\/notinor.com\/jujuy\/wp-content\/uploads\/2015\/03\/Notinor.-jenefes.png\" alt=\"Notinor. jenefes\" width=\"641\" height=\"496\" srcset=\"https:\/\/notinor.com\/jujuy\/wp-content\/uploads\/2015\/03\/Notinor.-jenefes.png 641w, https:\/\/notinor.com\/jujuy\/wp-content\/uploads\/2015\/03\/Notinor.-jenefes-300x232.png 300w\" sizes=\"(max-width: 641px) 100vw, 641px\" \/><\/a><\/p>\n<p>Asegur\u00f3 que ese ejercicio de acuerdo \"debe ser la principal herramienta para poder construir un Jujuy con progreso y desarrollo, sobre la base del respeto, entendiendo que la tarea no es de uno s\u00f3lo sino de todos\".<\/p>\n<p>\"Salir a visitar escuelas en cualquier punto de la Provincia nos permite tener un contacto directo con la gente, sus necesidades y sue\u00f1os, nos pone de cara a la realidad y nos permiten escuchar de la propia gente sus problem\u00e1ticas, lo que nos ayuda a generar las pol\u00edticas que lleven efectiva soluci\u00f3n a sus necesidades\".<\/p>\n<p>Respecto de la entrega de elementos sostuvo una vez m\u00e1s, que la tarea responde a una pol\u00edtica de asistencia paralela a la labor del ministerio de Educaci\u00f3n, con la sola intenci\u00f3n de fortalecer las escuelas p\u00fablicas tal cual lo establece el gobierno nacional y provincial, con respaldo desde la Legislatura.<\/p>\n<p>Las entregas<\/p>\n<p>En primer t\u00e9rmino Jenefes junto al intendente de Caimancito Pedro Torres puso en manos de la comunidad educativa de la Escuela N\u00ba 310 \"Aeron\u00e1utica Argentina\", una cocina industrial, la que viene a reemplazar la vieja cocina a le\u00f1as del establecimiento que cumplir\u00e1 100 a\u00f1os en 2016 y que atiende a una poblaci\u00f3n escolar de 470 alumnos.<\/p>\n<p>Durante la misma ceremonia, directivos del Bachillerato Provincial N\u00ba 8 \"Salvador Mazza\" de esa localidad fueron beneficiados con una fotocopiadora que ser\u00e1 incorporada por la biblioteca escolar.<\/p>\n<p>El \u00fatil, no s\u00f3lo dar\u00e1 respuesta al \u00e1mbito administrativo, sino que fundamentalmente, a todo lo vinculado con la actividad did\u00e1ctico \u2013 pr\u00e1ctico, y como medio para la producci\u00f3n de materiales que se espera impacten de manera positiva en los procesos de ense\u00f1anza \u2013 aprendizaje.<\/p>\n<p>Siguiendo el recorrido y ya en la localidad de El Talar, el Vicegobernador, puso en manos de la Directora de la Escuela N\u00ba 66 \"Mart\u00edn Miguel de G\u00fcemes\", profesora Graciela Narv\u00e1ez, un equipo de audio, amplificador, bafles y una pantalla de proyecci\u00f3n, la que ser\u00e1 utilizada, seg\u00fan anticip\u00f3 la docente, para la actividades del Sal\u00f3n de Usos M\u00faltiples del establecimiento.<\/p>\n<p>Durante la misma ceremonia se puso a disposici\u00f3n de directivos del Bachillerato Provincial N\u00ba 9, de un equipo de audio, amplificador y bafles, como as\u00ed tambi\u00e9n 50 juegos de tazas y platos para la atenci\u00f3n del comedor escolar. Antes de concluir su vista Jenefes visit\u00f3 el comedor comunitario de la iglesia \"San Francisco de As\u00eds\", donde entreg\u00f2 una cocina de hierro a le\u00f1a.<\/p>\n<p>Finalmente cumpli\u00f3 una visita a la comunidad educativa de la Escuela Especial N\u00ba 13 de Palma Sola, donde fue recibido por padres, docentes y alumnos, quienes se\u00f1alaron como de gran necesidad las dos sillas de ruedas, el frezzer, los ventiladores de techo y los elementos de cocina que llegaron en calidad de colaboraci\u00f3n para esa escuela. La recorrida a la localidad palmasole\u00f1a, concluy\u00f3 con la entrega de un equipo de sonido, amplificador, bafles, micr\u00f3fonos de pie; libros de texto y diccionarios de Ingles \u2013 Espa\u00f1ol para los alumnos del Bachillerato Provincial N\u00ba 5.<\/p>\n<p>La comitiva estuvo integrada por los diputados provinciales Antonio Mele; Arraya, Manuel Soler, Guillermo Snopek, Eva Cruz y Alejandra Cejas; vocales y concejales de las localidades visitadas y directivos de los establecimientos beneficiados.<\/p>\n","protected":false},"excerpt":{"rendered":"<p>JENEFES RESALT\u00d2 EL NORMAL DESARROLLO DE TAREAS EN LAS ESCUELAS DE TODA\u00a0 LA PROVINCIA Mostr\u00f3 su satisfacci\u00f3n de poder llegar a los establecimientos en el tercer d\u00eda del inicio del ciclo lectivo y ver que \"todo se desarrolla de manera absolutamente normal lo que logramos sobre la base del dialogo entre el Estado Provincial y [&hellip;]<\/p>\n","protected":false},"author":1,"featured_media":18492,"comment_status":"open","ping_status":"open","sticky":false,"template":"","format":"standard","meta":{"_stopmodifiedupdate":false,"_modified_date":"","inline_featured_image":false,"spay_email":"","jetpack_publicize_message":""},"categories":[485],"tags":[],"jetpack_featured_media_url":"https:\/\/notinor.com\/jujuy\/wp-content\/uploads\/2015\/03\/Notinor.-jenefes.png","jetpack_publicize_connections":[],"_links":{"self":[{"href":"https:\/\/notinor.com\/jujuy\/wp-json\/wp\/v2\/posts\/18491"}],"collection":[{"href":"https:\/\/notinor.com\/jujuy\/wp-json\/wp\/v2\/posts"}],"about":[{"href":"https:\/\/notinor.com\/jujuy\/wp-json\/wp\/v2\/types\/post"}],"author":[{"embeddable":true,"href":"https:\/\/notinor.com\/jujuy\/wp-json\/wp\/v2\/users\/1"}],"replies":[{"embeddable":true,"href":"https:\/\/notinor.com\/jujuy\/wp-json\/wp\/v2\/comments?post=18491"}],"version-history":[{"count":1,"href":"https:\/\/notinor.com\/jujuy\/wp-json\/wp\/v2\/posts\/18491\/revisions"}],"predecessor-version":[{"id":18493,"href":"https:\/\/notinor.com\/jujuy\/wp-json\/wp\/v2\/posts\/18491\/revisions\/18493"}],"wp:featuredmedia":[{"embeddable":true,"href":"https:\/\/notinor.com\/jujuy\/wp-json\/wp\/v2\/media\/18492"}],"wp:attachment":[{"href":"https:\/\/notinor.com\/jujuy\/wp-json\/wp\/v2\/media?parent=18491"}],"wp:term":[{"taxonomy":"category","embeddable":true,"href":"https:\/\/notinor.com\/jujuy\/wp-json\/wp\/v2\/categories?post=18491"},{"taxonomy":"post_tag","embeddable":true,"href":"https:\/\/notinor.com\/jujuy\/wp-json\/wp\/v2\/tags?post=18491"}],"curies":[{"name":"wp","href":"https:\/\/api.w.org\/{rel}","templated":true}]}}