{"id":18445,"date":"2015-03-05T03:36:30","date_gmt":"2015-03-05T06:36:30","guid":{"rendered":"http:\/\/notinor.com\/jujuy\/?p=18445"},"modified":"2015-03-05T10:53:07","modified_gmt":"2015-03-05T13:53:07","slug":"el-frente-renovador-inauguro-nueva-sede-en-libertador-general-san-martin","status":"publish","type":"post","link":"https:\/\/notinor.com\/jujuy\/el-frente-renovador-inauguro-nueva-sede-en-libertador-general-san-martin\/","title":{"rendered":"El Frente Renovador inaugur\u00f3 nueva sede en Libertador General San Mart\u00edn"},"content":{"rendered":"<p>Este mi\u00e9rcoles, Encuentro Juje\u00f1o, partido integrante de la mesa nacional y provincial del Frente Renovador, inaugur\u00f3 una nueva sede partidaria en Libertador General San Mart\u00edn,\u00a0ubicada en Avenida Presidente Per\u00f3n 2652, ante una multitud de militantes y simpatizantes que ovacion\u00f3 a los referentes massistas provinciales y locales que acompa\u00f1aron al precandidato peronista Marcelo Nasif.<\/p>\n<p><a href=\"http:\/\/notinor.com\/jujuy\/wp-content\/uploads\/2015\/03\/nasif-libertador-3.jpg\"><img decoding=\"async\" loading=\"lazy\" class=\" wp-image-18448 aligncenter\" src=\"http:\/\/notinor.com\/jujuy\/wp-content\/uploads\/2015\/03\/nasif-libertador-3-300x149.jpg\" alt=\"nasif libertador 3\" width=\"477\" height=\"237\" srcset=\"https:\/\/notinor.com\/jujuy\/wp-content\/uploads\/2015\/03\/nasif-libertador-3-300x149.jpg 300w, https:\/\/notinor.com\/jujuy\/wp-content\/uploads\/2015\/03\/nasif-libertador-3.jpg 740w\" sizes=\"(max-width: 477px) 100vw, 477px\" \/><\/a><\/p>\n<p>Como en otras ocasiones similares, acompa\u00f1aron al lider de Encuentro Juje\u00f1o figuras del massismo local y provincial, quienes compartieron el escenario y dirigieron discursos al p\u00fablico presente festejando el nuevo punto de encuentro para los massistas ledesmenses.<\/p>\n<p>El acto inici\u00f3 con el tradicional corte de cintas.<\/p>\n<p><a href=\"http:\/\/notinor.com\/jujuy\/wp-content\/uploads\/2015\/03\/basif-libertador-2.jpg\"><img decoding=\"async\" loading=\"lazy\" class=\" wp-image-18447 aligncenter\" src=\"http:\/\/notinor.com\/jujuy\/wp-content\/uploads\/2015\/03\/basif-libertador-2-300x187.jpg\" alt=\"basif libertador 2\" width=\"541\" height=\"337\" srcset=\"https:\/\/notinor.com\/jujuy\/wp-content\/uploads\/2015\/03\/basif-libertador-2-300x187.jpg 300w, https:\/\/notinor.com\/jujuy\/wp-content\/uploads\/2015\/03\/basif-libertador-2.jpg 697w\" sizes=\"(max-width: 541px) 100vw, 541px\" \/><\/a><\/p>\n<p>De esta manera, acompa\u00f1aron a Nasif, y al precandidato a intendente Jos\u00e9 Zakhour, los Integrantes de la juventud renovadora Nolasco Rodriguez y Marecelo Burgos, quienes hicieron entrega de un presente a Zakhour.<\/p>\n<p>A su turno fueron haciendo uso de la palabra, Omar Iraola, Ver\u00f3nica Puca, Jorge Leis, Susana Vazquez, y \u00a0Carlos Cantero. Cada uno de ellos se\u00f1alando inquietudes de la juventud, la rama femenina, y problemas cotidianos que particularmente aquejan a los vecinos de Libertador General San Mart\u00edn, debido a la falta de obras y la ausencia del Estado en la salud, la seguridad y la educaci\u00f3n.<\/p>\n<p>La inauguraci\u00f3n de la nueva sede, cont\u00f3 tambi\u00e9n con la presencia del dirigente peronista Fernando \"Toto\" Arnedo, de Uni\u00f3n Popular, quien tambi\u00e9n hizo uso de la palabra agradeciendo la invitaci\u00f3n, e inst\u00f3 a continuar por el mismo rumbo de unidad y trabajo.<\/p>\n<p>El precandidato Jos\u00e9 Zakhour apel\u00f3 al p\u00fablico ledesmense a recuperar el municipio para volver a atender a los vecinos y atender problem\u00e1ticas que un gran n\u00famero de vecinos expresa preocupaci\u00f3n ante la ausencia del Estado, tanto municipal como provincial. \u00a0Zhakour subray\u00f3 especialmente la problem\u00e1tica las adicciones, y la falta de trabajo que flagela especialmente a la juventud<\/p>\n<p><a href=\"http:\/\/notinor.com\/jujuy\/wp-content\/uploads\/2015\/03\/zakhour-1.jpg\"><img decoding=\"async\" loading=\"lazy\" class=\"alignnone  wp-image-18451\" src=\"http:\/\/notinor.com\/jujuy\/wp-content\/uploads\/2015\/03\/zakhour-1-300x190.jpg\" alt=\"zakhour 1\" width=\"366\" height=\"232\" srcset=\"https:\/\/notinor.com\/jujuy\/wp-content\/uploads\/2015\/03\/zakhour-1-300x190.jpg 300w, https:\/\/notinor.com\/jujuy\/wp-content\/uploads\/2015\/03\/zakhour-1.jpg 724w\" sizes=\"(max-width: 366px) 100vw, 366px\" \/><\/a>\u00a0\u00a0<a href=\"http:\/\/notinor.com\/jujuy\/wp-content\/uploads\/2015\/03\/zakhour-2.jpg\"><img decoding=\"async\" loading=\"lazy\" class=\"alignnone  wp-image-18452\" src=\"http:\/\/notinor.com\/jujuy\/wp-content\/uploads\/2015\/03\/zakhour-2-300x161.jpg\" alt=\"zakhour 2\" width=\"431\" height=\"231\" srcset=\"https:\/\/notinor.com\/jujuy\/wp-content\/uploads\/2015\/03\/zakhour-2-300x161.jpg 300w, https:\/\/notinor.com\/jujuy\/wp-content\/uploads\/2015\/03\/zakhour-2.jpg 753w\" sizes=\"(max-width: 431px) 100vw, 431px\" \/><\/a><\/p>\n<p>Finalmente hizo su alocusi\u00f3n el precandidato de Encuentro Juje\u00f1o, Marcelo Nasif, haciendo un llamado a la unidad de los renovadores para poder impulsar el proyecto Sergio Massa presidente 2015. Subray\u00f3 la necesidad de volver a retomar el camino de trabajo y esfuerzo que legaron nuestros antepasados que construyeron la Argentina bajo los lineamientos justicialistas del General Per\u00f3n y su compa\u00f1era Evita.<\/p>\n<p>Cabe destacar que, siguiendo las recientes definiciones de Sergio Massa, Nasif asegur\u00f3 que en la Argentina que viene no se eliminar\u00e1n los planes sociales, como aseguran algunos malintencionados que pretenden atemorizar a los beneficiarios para que no voten con libertad y conciencia.<\/p>\n<p>En este sentido, el lider renovador hizo especial \u00e9nfasis en que se trata de derechos adquiridos, y no de d\u00e1divas que dependen de la buena voluntad de alg\u00fan dirigente, y asegur\u00f3 que permanecer\u00e1n vigentes hasta que, mediante la nueva pol\u00edtica, \u00a0se logre la creaci\u00f3n de trabajo genuino y la inserci\u00f3n laboral, con sueldo digno y todos los beneficios sociales, de todos los argentinos y juje\u00f1os que hoy son beneficiarios de esos planes.<\/p>\n<p><a href=\"http:\/\/notinor.com\/jujuy\/wp-content\/uploads\/2015\/03\/nasif-libertador-9.jpg\"><img decoding=\"async\" loading=\"lazy\" class=\" wp-image-18450 aligncenter\" src=\"http:\/\/notinor.com\/jujuy\/wp-content\/uploads\/2015\/03\/nasif-libertador-9-300x146.jpg\" alt=\"nasif libertador 9\" width=\"516\" height=\"251\" srcset=\"https:\/\/notinor.com\/jujuy\/wp-content\/uploads\/2015\/03\/nasif-libertador-9-300x146.jpg 300w, https:\/\/notinor.com\/jujuy\/wp-content\/uploads\/2015\/03\/nasif-libertador-9-1024x499.jpg 1024w, https:\/\/notinor.com\/jujuy\/wp-content\/uploads\/2015\/03\/nasif-libertador-9.jpg 1128w\" sizes=\"(max-width: 516px) 100vw, 516px\" \/><\/a><\/p>\n<p>Nasif finaliz\u00f3 el acto de inauguraci\u00f3n haciendo un llamado a los presentes a no bajar los brazos y a dar pelea en las elecciones que se aproximan para que la Argentina retome el rumbo que le ha deparado el destino.<\/p>\n","protected":false},"excerpt":{"rendered":"<p>Este mi\u00e9rcoles, Encuentro Juje\u00f1o, partido integrante de la mesa nacional y provincial del Frente Renovador, inaugur\u00f3 una nueva sede partidaria en Libertador General San Mart\u00edn,\u00a0ubicada en Avenida Presidente Per\u00f3n 2652, ante una multitud de militantes y simpatizantes que ovacion\u00f3 a los referentes massistas provinciales y locales que acompa\u00f1aron al precandidato peronista Marcelo Nasif. Como en [&hellip;]<\/p>\n","protected":false},"author":1,"featured_media":18446,"comment_status":"open","ping_status":"open","sticky":false,"template":"","format":"standard","meta":{"_stopmodifiedupdate":false,"_modified_date":"","inline_featured_image":false,"spay_email":"","jetpack_publicize_message":""},"categories":[490],"tags":[],"jetpack_featured_media_url":"https:\/\/notinor.com\/jujuy\/wp-content\/uploads\/2015\/03\/nasif-libertador-1.jpg","jetpack_publicize_connections":[],"_links":{"self":[{"href":"https:\/\/notinor.com\/jujuy\/wp-json\/wp\/v2\/posts\/18445"}],"collection":[{"href":"https:\/\/notinor.com\/jujuy\/wp-json\/wp\/v2\/posts"}],"about":[{"href":"https:\/\/notinor.com\/jujuy\/wp-json\/wp\/v2\/types\/post"}],"author":[{"embeddable":true,"href":"https:\/\/notinor.com\/jujuy\/wp-json\/wp\/v2\/users\/1"}],"replies":[{"embeddable":true,"href":"https:\/\/notinor.com\/jujuy\/wp-json\/wp\/v2\/comments?post=18445"}],"version-history":[{"count":6,"href":"https:\/\/notinor.com\/jujuy\/wp-json\/wp\/v2\/posts\/18445\/revisions"}],"predecessor-version":[{"id":18468,"href":"https:\/\/notinor.com\/jujuy\/wp-json\/wp\/v2\/posts\/18445\/revisions\/18468"}],"wp:featuredmedia":[{"embeddable":true,"href":"https:\/\/notinor.com\/jujuy\/wp-json\/wp\/v2\/media\/18446"}],"wp:attachment":[{"href":"https:\/\/notinor.com\/jujuy\/wp-json\/wp\/v2\/media?parent=18445"}],"wp:term":[{"taxonomy":"category","embeddable":true,"href":"https:\/\/notinor.com\/jujuy\/wp-json\/wp\/v2\/categories?post=18445"},{"taxonomy":"post_tag","embeddable":true,"href":"https:\/\/notinor.com\/jujuy\/wp-json\/wp\/v2\/tags?post=18445"}],"curies":[{"name":"wp","href":"https:\/\/api.w.org\/{rel}","templated":true}]}}