{"id":18442,"date":"2015-03-05T02:15:37","date_gmt":"2015-03-05T05:15:37","guid":{"rendered":"http:\/\/notinor.com\/jujuy\/?p=18442"},"modified":"2015-03-05T19:02:09","modified_gmt":"2015-03-05T22:02:09","slug":"recital-de-piano-y-flauta-en-culturarte","status":"publish","type":"post","link":"https:\/\/notinor.com\/jujuy\/recital-de-piano-y-flauta-en-culturarte\/","title":{"rendered":"Recital de piano y flauta en CulturArte"},"content":{"rendered":"<p>Se denomina \u201cImpresiones\u201d y est\u00e1 a cargo de Karina Churquina y Fabiana Barraza, y se desarrollar\u00e1 esta noche, a partir de las 21:30 horas en el Centro Cultural Culturarte.<\/p>\n<p>&nbsp;<\/p>\n<p>En este espect\u00e1culo, que se enmarca en el programa \u201cJujuy Suena\u201d y su ciclo \u201cM\u00fasico Hacedor\u201d,\u00a0 la pianista Karina Churquina Miranda y Fabiana Barraza (flauta traversa), interpretar\u00e1n piezas de Claude Debussy, explorando colores y armon\u00edas del per\u00edodo impresionista. Adem\u00e1s sumar\u00e1n en este recital, m\u00fasica de\u00a0 Philippe Gaubert y Bela Bartok, productores de un amplio repertorio de composiciones para la flauta traversa; y del director de la \u00d3pera de Paris que han compuesto varias sinfon\u00edas y m\u00fasica de c\u00e1mara, consideradas como compasiones rom\u00e1nticas.<\/p>\n<p>&nbsp;<\/p>\n<p style=\"text-align: center;\">En\u00a0 referencia a este concierto e invitando a los juje\u00f1os, Fabiana Barraza expres\u00f3 que \u201cpresentaremos un amplio repertorio rom\u00e1ntico. Es por eso que invitamos a la gente a que nos acompa\u00f1e para disfrutar de los colores arm\u00f3nicos que se escuchar\u00e1n, y del dulce entrelazado entre el di\u00e1logo de la flauta y piano\u201d.<a href=\"http:\/\/notinor.com\/jujuy\/wp-content\/uploads\/2015\/03\/040315-cultura-01_16451.jpg\"><img decoding=\"async\" loading=\"lazy\" class=\"alignnone size-full wp-image-18443\" src=\"http:\/\/notinor.com\/jujuy\/wp-content\/uploads\/2015\/03\/040315-cultura-01_16451.jpg\" alt=\"040315-cultura-01_16451\" width=\"800\" height=\"600\" srcset=\"https:\/\/notinor.com\/jujuy\/wp-content\/uploads\/2015\/03\/040315-cultura-01_16451.jpg 800w, https:\/\/notinor.com\/jujuy\/wp-content\/uploads\/2015\/03\/040315-cultura-01_16451-300x225.jpg 300w\" sizes=\"(max-width: 800px) 100vw, 800px\" \/><\/a><\/p>\n","protected":false},"excerpt":{"rendered":"<p>Se denomina \u201cImpresiones\u201d y est\u00e1 a cargo de Karina Churquina y Fabiana Barraza, y se desarrollar\u00e1 esta noche, a partir de las 21:30 horas en el Centro Cultural Culturarte. &nbsp; En este espect\u00e1culo, que se enmarca en el programa \u201cJujuy Suena\u201d y su ciclo \u201cM\u00fasico Hacedor\u201d,\u00a0 la pianista Karina Churquina Miranda y Fabiana Barraza (flauta [&hellip;]<\/p>\n","protected":false},"author":1,"featured_media":18443,"comment_status":"open","ping_status":"open","sticky":false,"template":"","format":"standard","meta":{"_stopmodifiedupdate":false,"_modified_date":"","inline_featured_image":false,"spay_email":"","jetpack_publicize_message":""},"categories":[21,489],"tags":[],"jetpack_featured_media_url":"https:\/\/notinor.com\/jujuy\/wp-content\/uploads\/2015\/03\/040315-cultura-01_16451.jpg","jetpack_publicize_connections":[],"_links":{"self":[{"href":"https:\/\/notinor.com\/jujuy\/wp-json\/wp\/v2\/posts\/18442"}],"collection":[{"href":"https:\/\/notinor.com\/jujuy\/wp-json\/wp\/v2\/posts"}],"about":[{"href":"https:\/\/notinor.com\/jujuy\/wp-json\/wp\/v2\/types\/post"}],"author":[{"embeddable":true,"href":"https:\/\/notinor.com\/jujuy\/wp-json\/wp\/v2\/users\/1"}],"replies":[{"embeddable":true,"href":"https:\/\/notinor.com\/jujuy\/wp-json\/wp\/v2\/comments?post=18442"}],"version-history":[{"count":1,"href":"https:\/\/notinor.com\/jujuy\/wp-json\/wp\/v2\/posts\/18442\/revisions"}],"predecessor-version":[{"id":18444,"href":"https:\/\/notinor.com\/jujuy\/wp-json\/wp\/v2\/posts\/18442\/revisions\/18444"}],"wp:featuredmedia":[{"embeddable":true,"href":"https:\/\/notinor.com\/jujuy\/wp-json\/wp\/v2\/media\/18443"}],"wp:attachment":[{"href":"https:\/\/notinor.com\/jujuy\/wp-json\/wp\/v2\/media?parent=18442"}],"wp:term":[{"taxonomy":"category","embeddable":true,"href":"https:\/\/notinor.com\/jujuy\/wp-json\/wp\/v2\/categories?post=18442"},{"taxonomy":"post_tag","embeddable":true,"href":"https:\/\/notinor.com\/jujuy\/wp-json\/wp\/v2\/tags?post=18442"}],"curies":[{"name":"wp","href":"https:\/\/api.w.org\/{rel}","templated":true}]}}