{"id":18428,"date":"2015-03-05T02:12:57","date_gmt":"2015-03-05T05:12:57","guid":{"rendered":"http:\/\/notinor.com\/jujuy\/?p=18428"},"modified":"2015-03-05T02:12:57","modified_gmt":"2015-03-05T05:12:57","slug":"la-corte-suprema-emitio-un-comunicado-sobre-el-atentado-a-la-embajada-de-israel","status":"publish","type":"post","link":"https:\/\/notinor.com\/jujuy\/la-corte-suprema-emitio-un-comunicado-sobre-el-atentado-a-la-embajada-de-israel\/","title":{"rendered":"La Corte Suprema emiti\u00f3 un comunicado sobre el atentado a la embajada de Israel"},"content":{"rendered":"<p>En un comunicado, la Corte Suprema de Justicia aclar\u00f3 \u00a0los dichos de Ricardo Lorenzetti . sobre el estado de la causa que investiga el atentado a la embajada de Israel , ocurrido en 1992.<\/p>\n<p>Durante la apertura del a\u00f1o judicial, el titular de la Corte Suprema hab\u00eda dicho que en la causa \"hubo una sentencia de 1999, muy anterior a la conformaci\u00f3n de la Corte actual, que hall\u00f3 culpable a un grupo del Hezbollah\". \"La sentencia est\u00e1 notificada, publicada y no podemos modificarla\", sostuvo.<\/p>\n<p>Estas palabras generaron cr\u00edticas de parte del Gobierno. \"Lo asesoraron mal en el tema de la embajada de Israel. Dice el doctor Lorenzetti que hay una sentencia de 1999. Disiento que sea cosa juzgada, porque para que exista debe haber una persona indagada, sometida a proceso y condenada\", dijo el jefe de Gabinete, An\u00edbal Fern\u00e1ndez .<\/p>\n<p>En el escrito, publicado en el Centro de Informaci\u00f3n Judicial, el M\u00e1ximo Tribunal explica los detalles de la investigaci\u00f3n llevada a cabo. \"La Corte tuvo por probado que el hecho fue causado por la explosi\u00f3n de una carga de pentrita y trinitrotolueno que hab\u00eda sido acondicionada en la parte posterior derecha del interior de una camioneta\", sostiene el informe.<\/p>\n<p>Adem\u00e1s, aclaran que la Corte se expidi\u00f3 sobre la responsabilidad en el atentado \"atribuy\u00e9ndosela al grupo terrorista denominado Jihad Isl\u00e1mica, brazo armado del Hezbollah\". \"Para ello tuvo en cuenta distintos cables de la Embajada Argentina en el L\u00edbano de febrero de 1992 referidos a las repercusiones de la muerte violenta de Abbas Musawi, secretario del Hezbollah, su esposa y un hijo de ambos\", detalla el comunicado.<\/p>\n<p>\"Asimismo se valor\u00f3 que la propia agrupaci\u00f3n se hab\u00eda atribuido la responsabilidad en el hecho al d\u00eda siguiente de ocurrido mediante la publicaci\u00f3n de una solicitada en el diario An Nahar de Beirut, El L\u00edbano\", sostiene la Corte.<\/p>\n<p>El informe dice tambi\u00e9n que \"el Tribunal entendi\u00f3 que se hab\u00eda creado un estado de sospecha suficiente como para disponer el procesamiento de Imad Mughniyah y en consecuencia recibirle declaraci\u00f3n indagatoria, libr\u00e1ndose la consecuente orden de captura internacional a su respecto\".<\/p>\n<p>Por otra parte a\u00f1aden que durante la investigaci\u00f3n \"se pudieron establecer v\u00ednculos entre el Hezbollah y personas sospechosas que desarrollaban actividades supuestamente comerciales en la zona conocida como \"Triple Frontera\"\".<\/p>\n<p>Adem\u00e1s indican que \"el 20 de diciembre de 2006 se reiteraron las \u00f3rdenes de captura internacional de Imad Mughniyah y Jos\u00e9 Salman El Reda\"<\/p>\n<p>\"Est\u00e1 probada la materialidad de los hechos -c\u00f3mo ocurri\u00f3 el atentado- y tambi\u00e9n se\u00f1alada la responsabilidad penal de sus autores. Es en esta l\u00ednea que el Sr. Presidente de la Corte Suprema de Justicia de la Naci\u00f3n inform\u00f3 que ambas circunstancias (pilares de la investigaci\u00f3n) han sido consentidas por las partes, y que sobre esa base firme se contin\u00faa con la pertinente investigaci\u00f3n, para lo cual se ha solicitado la necesaria colaboraci\u00f3n internacional\", concluye el informe.<\/p>\n","protected":false},"excerpt":{"rendered":"<p>En un comunicado, la Corte Suprema de Justicia aclar\u00f3 \u00a0los dichos de Ricardo Lorenzetti . sobre el estado de la causa que investiga el atentado a la embajada de Israel , ocurrido en 1992. Durante la apertura del a\u00f1o judicial, el titular de la Corte Suprema hab\u00eda dicho que en la causa \"hubo una sentencia [&hellip;]<\/p>\n","protected":false},"author":1,"featured_media":18277,"comment_status":"open","ping_status":"open","sticky":false,"template":"","format":"standard","meta":{"_stopmodifiedupdate":false,"_modified_date":"","inline_featured_image":false,"spay_email":"","jetpack_publicize_message":""},"categories":[5],"tags":[],"jetpack_featured_media_url":"https:\/\/notinor.com\/jujuy\/wp-content\/uploads\/2015\/03\/LORENZETTI-APERTURA.jpg","jetpack_publicize_connections":[],"_links":{"self":[{"href":"https:\/\/notinor.com\/jujuy\/wp-json\/wp\/v2\/posts\/18428"}],"collection":[{"href":"https:\/\/notinor.com\/jujuy\/wp-json\/wp\/v2\/posts"}],"about":[{"href":"https:\/\/notinor.com\/jujuy\/wp-json\/wp\/v2\/types\/post"}],"author":[{"embeddable":true,"href":"https:\/\/notinor.com\/jujuy\/wp-json\/wp\/v2\/users\/1"}],"replies":[{"embeddable":true,"href":"https:\/\/notinor.com\/jujuy\/wp-json\/wp\/v2\/comments?post=18428"}],"version-history":[{"count":1,"href":"https:\/\/notinor.com\/jujuy\/wp-json\/wp\/v2\/posts\/18428\/revisions"}],"predecessor-version":[{"id":18429,"href":"https:\/\/notinor.com\/jujuy\/wp-json\/wp\/v2\/posts\/18428\/revisions\/18429"}],"wp:featuredmedia":[{"embeddable":true,"href":"https:\/\/notinor.com\/jujuy\/wp-json\/wp\/v2\/media\/18277"}],"wp:attachment":[{"href":"https:\/\/notinor.com\/jujuy\/wp-json\/wp\/v2\/media?parent=18428"}],"wp:term":[{"taxonomy":"category","embeddable":true,"href":"https:\/\/notinor.com\/jujuy\/wp-json\/wp\/v2\/categories?post=18428"},{"taxonomy":"post_tag","embeddable":true,"href":"https:\/\/notinor.com\/jujuy\/wp-json\/wp\/v2\/tags?post=18428"}],"curies":[{"name":"wp","href":"https:\/\/api.w.org\/{rel}","templated":true}]}}