{"id":18361,"date":"2015-03-04T22:52:58","date_gmt":"2015-03-05T01:52:58","guid":{"rendered":"http:\/\/notinor.com\/jujuy\/?p=18361"},"modified":"2015-03-04T22:53:42","modified_gmt":"2015-03-05T01:53:42","slug":"jornadas-del-inta-en-manejo-de-quinoa","status":"publish","type":"post","link":"https:\/\/notinor.com\/jujuy\/jornadas-del-inta-en-manejo-de-quinoa\/","title":{"rendered":"Jornadas del INTA en manejo de Quinoa"},"content":{"rendered":"<p><strong>EXPERIENCIAS EN EL MANEJO\u00a0 DE CULTIVO DE QUINOA<\/strong><\/p>\n<p>La Jornada tuvo como objetivo compartir y discutir con los productores participantes diversos criterios de manejo: siembra, sanidad y cosecha de quinoa, a partir de las experiencias que el INTA AbraPampa desarrolla a trav\u00e9s de ensayos\u00a0 para la multiplicaci\u00f3n y selecci\u00f3n de semillas de calidad\u00a0 para distintos ambientes.<\/p>\n<p>La producci\u00f3n de quinoa es una actividad de creciente inter\u00e9s, como tambi\u00e9n es cada vez mayor su demanda como alimento mundial, por lo que el INTA ha incluido en sus programas de investigaci\u00f3n y desarrollo esta producci\u00f3n como estrat\u00e9gica no solo para los ambientes andinos sino para otros territorios, incluso a nivel del mar.<\/p>\n<p>As\u00ed el programa de cultivos industriales, incluye a la quinoa como uno de sus m\u00f3dulos de investigaci\u00f3n, a partir del cual investigadores de todo el pa\u00eds se encuentran abocados a la tarea de generar propuestas tecnol\u00f3gicas sobre diferentes aspectos productivos, de transformaci\u00f3n y de comercializaci\u00f3n.<\/p>\n<p>Los ensayos llevados a cabo por el INTA Abra Pampa se iniciaron en el a\u00f1o 2012 a partir de poblaciones provenientes del Banco de Germoplasma del NOA \u2013 BANOA. Desde entonces, se est\u00e1 trabajando en la selecci\u00f3n de poblaciones y se identifican caracteres de inter\u00e9s entre ellos: rendimiento, tolerancias y resistencia a diversos aspectos desfavorables, comportamiento a diferentes ambientes, para contar en el futuro y a mediano plazo con materiales de propagaci\u00f3n de origen nacional y de calidad certificada.<\/p>\n<p>La Jornada, que se llev\u00f3 a cabo el jueves pasado durante toda la jornada, comenz\u00f3 en horas de la ma\u00f1ana con actividades expositivas a cargo profesionales especialistas y concluy\u00f3 en horas de la tarde con la visita a parcelas de cultivo y una din\u00e1mica de demostraci\u00f3n de trilla mec\u00e1nica de quinoa. Los productores asistentes, algunos de ellos de larga tradici\u00f3n agr\u00edcola, valoraron la posibilidad de intercambiar experiencia y conocimientos en torno a este cultivo -que al decir de todos- si bien es ancestral, todav\u00eda se plantea como un desaf\u00edo ya que son muchos los aspectos desconocidos de su manejo. Sin embargo todos rescatan la plasticidad de la semilla, su adaptabilidad a diferentes ambientes, y por supuesto sus propiedades nutricionales que la ubican en una ascendente cadena de comercializaci\u00f3n y consumo.<\/p>\n<p>&nbsp;<\/p>\n","protected":false},"excerpt":{"rendered":"<p>EXPERIENCIAS EN EL MANEJO\u00a0 DE CULTIVO DE QUINOA La Jornada tuvo como objetivo compartir y discutir con los productores participantes diversos criterios de manejo: siembra, sanidad y cosecha de quinoa, a partir de las experiencias que el INTA AbraPampa desarrolla a trav\u00e9s de ensayos\u00a0 para la multiplicaci\u00f3n y selecci\u00f3n de semillas de calidad\u00a0 para distintos [&hellip;]<\/p>\n","protected":false},"author":1,"featured_media":18362,"comment_status":"open","ping_status":"open","sticky":false,"template":"","format":"standard","meta":{"_stopmodifiedupdate":false,"_modified_date":"","inline_featured_image":false,"spay_email":"","jetpack_publicize_message":""},"categories":[4],"tags":[],"jetpack_featured_media_url":"https:\/\/notinor.com\/jujuy\/wp-content\/uploads\/2015\/03\/QUINOA1.bmp","jetpack_publicize_connections":[],"_links":{"self":[{"href":"https:\/\/notinor.com\/jujuy\/wp-json\/wp\/v2\/posts\/18361"}],"collection":[{"href":"https:\/\/notinor.com\/jujuy\/wp-json\/wp\/v2\/posts"}],"about":[{"href":"https:\/\/notinor.com\/jujuy\/wp-json\/wp\/v2\/types\/post"}],"author":[{"embeddable":true,"href":"https:\/\/notinor.com\/jujuy\/wp-json\/wp\/v2\/users\/1"}],"replies":[{"embeddable":true,"href":"https:\/\/notinor.com\/jujuy\/wp-json\/wp\/v2\/comments?post=18361"}],"version-history":[{"count":1,"href":"https:\/\/notinor.com\/jujuy\/wp-json\/wp\/v2\/posts\/18361\/revisions"}],"predecessor-version":[{"id":18363,"href":"https:\/\/notinor.com\/jujuy\/wp-json\/wp\/v2\/posts\/18361\/revisions\/18363"}],"wp:featuredmedia":[{"embeddable":true,"href":"https:\/\/notinor.com\/jujuy\/wp-json\/wp\/v2\/media\/18362"}],"wp:attachment":[{"href":"https:\/\/notinor.com\/jujuy\/wp-json\/wp\/v2\/media?parent=18361"}],"wp:term":[{"taxonomy":"category","embeddable":true,"href":"https:\/\/notinor.com\/jujuy\/wp-json\/wp\/v2\/categories?post=18361"},{"taxonomy":"post_tag","embeddable":true,"href":"https:\/\/notinor.com\/jujuy\/wp-json\/wp\/v2\/tags?post=18361"}],"curies":[{"name":"wp","href":"https:\/\/api.w.org\/{rel}","templated":true}]}}