{"id":18354,"date":"2015-03-04T22:48:21","date_gmt":"2015-03-05T01:48:21","guid":{"rendered":"http:\/\/notinor.com\/jujuy\/?p=18354"},"modified":"2015-03-04T22:48:21","modified_gmt":"2015-03-05T01:48:21","slug":"actividades-universitarias-en-san-pedro","status":"publish","type":"post","link":"https:\/\/notinor.com\/jujuy\/actividades-universitarias-en-san-pedro\/","title":{"rendered":"Actividades Universitarias en San Pedro"},"content":{"rendered":"<p><strong><em>Las actividades universitarias comenzar\u00e1n el mes de abril<\/em><\/strong><\/p>\n<p>M\u00e1s de 300 j\u00f3venes ya se inscribieron en las diferentes carreras universitarias que se dictar\u00e1n en este primer a\u00f1o en la sede universitaria. As\u00ed lo revel\u00f3 el Rector de la UNJU Rodolfo Tecchi.<\/p>\n<p>En este sentido el titular de la UNJU expres\u00f3 \u201cestamos trabajando junto con la UCAR para potenciar la educaci\u00f3n universitaria en esta localidad y particularmente en lo que va ser la sede definitiva de la carrera de Ciencias Agrarias para lo cual estamos trabajando en las tareas de adecuaci\u00f3n de las instalaciones de una sala del Ingenio la Esperanza y terrenos para un campo experimental\u201d, destac\u00f3.<\/p>\n<p>Tambi\u00e9n \u201chemos establecido un acuerdo con el club Tiro y Gimnasia donde se van a realizar obras durante este a\u00f1o para el acondicionamiento de aulas y el sector administrativo de lo que ser\u00e1 el centro universitario\u201d. Asimismo \u201cel Obispado nos facilitar\u00e1 mientras tanto en determinados horarios las instalaciones del Populorum Progresium que tiene en San Pedro\u201d, indic\u00f3.<\/p>\n<p>La reapertura de la sede universitaria despu\u00e9s de 40 a\u00f1os \u201cnaturalmente implica el esfuerzo de muchas instituciones, como el apoyo de la municipalidad, del obispado, la sociedad civil sanpedre\u00f1a, la UCAR y el esfuerzo de la universidad\u201d. De esta manera \u201centre todos vamos a poder lograr el funcionamiento adecuado y gradual de la sede en San Pedro que seguramente luego se podr\u00e1 extender al resto de las localidades del ramal\u201d, manifest\u00f3 Tecchi.<\/p>\n<p>Respecto al inicio de clases, se\u00f1al\u00f3 \u201cya contamos con m\u00e1s de 300 inscriptos en las distintas carreras lo cual denota un dato muy importante sobre la respuesta de la comunidad sanpedre\u00f1a\u201d. Por esta raz\u00f3n \u201ca m\u00e1s tardar tenemos previsto comenzar el 15 de abril con las actividades tanto de la carrera de agronom\u00eda como la de tecnicatura en producci\u00f3n lechera\u201d. Asimismo \u201ccon las carreras de la facultad de humanidades como son las de ciencia de la educaci\u00f3n y educador sanitario\u201d. Tambi\u00e9n \u201cestamos avanzando con la facultad de Ingenier\u00eda donde tambi\u00e9n se tiene previsto la incorporaci\u00f3n a la sede la de analista programador universitario que hace varios a\u00f1os tiene como extensi\u00f3n esta facultad en esta localidad\u201d, asegur\u00f3.<\/p>\n<p><strong>\u00c9NFASIS EN LA EDUCACI\u00d3N <\/strong><\/p>\n<p>Con el prop\u00f3sito de recuperar las instituciones educativas y fortalecer los institutos de educaci\u00f3n t\u00e9cnica en la Micro Regi\u00f3n de San Pedro y la Esperanza, la UCAR adem\u00e1s del convenio firmado con la UNJU, tambi\u00e9n articula el accionar de diversas instituciones acad\u00e9micas y culturales. En este sentido el a\u00f1o pasado firm\u00f3 un convenio con el Fondo Nacional de las Artes para el dictado de talleres de capacitaci\u00f3n art\u00edstica y cultural sobre m\u00fasica, cine, literatura y artes pl\u00e1sticas, entre otras, a los fines de que la poblaci\u00f3n pueda desarrollarse en su m\u00e1ximo potencial y forjar una salida laboral, siempre con atenci\u00f3n a las tradiciones y cultura local, que en el primer a\u00f1o cont\u00f3 con una gran convocatoria. Tambi\u00e9n la formulaci\u00f3n de proyectos de tecnicaturas junto al Instituto Nacional de Educaci\u00f3n Tecnol\u00f3gica (INET) y el Ministerio de Educaci\u00f3n de la Provincia, orientadas al riego y a las producciones de az\u00facar, foresto-industrial y de alimentos. Asimismo un Proyecto de un Museo y Centro de Interpretaci\u00f3n de las Yungas La obra se proyecta a partir de la recuperaci\u00f3n del edificio del Club Social de La Esperanza, de enorme valor patrimonial.<\/p>\n<p>\u201cHay una decisi\u00f3n pol\u00edtica muy importante de la Presidenta de la Naci\u00f3n y del Gobernador de Jujuy para ayudar a reconstruir el tejido social y productivo de la regi\u00f3n. Para ello conjugamos esfuerzos, con el objetivo primordial de proporcionar un nuevo horizonte a la poblaci\u00f3n y especialmente a los j\u00f3venes, un futuro con diversas oportunidades\u201d, aseguran desde la UCAR.<\/p>\n<p>&nbsp;<\/p>\n<p>&nbsp;<\/p>\n<p>&nbsp;<\/p>\n<p>&nbsp;<\/p>\n<p>&nbsp;<\/p>\n","protected":false},"excerpt":{"rendered":"<p>Las actividades universitarias comenzar\u00e1n el mes de abril M\u00e1s de 300 j\u00f3venes ya se inscribieron en las diferentes carreras universitarias que se dictar\u00e1n en este primer a\u00f1o en la sede universitaria. As\u00ed lo revel\u00f3 el Rector de la UNJU Rodolfo Tecchi. En este sentido el titular de la UNJU expres\u00f3 \u201cestamos trabajando junto con la [&hellip;]<\/p>\n","protected":false},"author":1,"featured_media":18358,"comment_status":"open","ping_status":"open","sticky":false,"template":"","format":"standard","meta":{"_stopmodifiedupdate":false,"_modified_date":"","inline_featured_image":false,"spay_email":"","jetpack_publicize_message":""},"categories":[4],"tags":[],"jetpack_featured_media_url":"https:\/\/notinor.com\/jujuy\/wp-content\/uploads\/2015\/03\/san-pedro.jpg","jetpack_publicize_connections":[],"_links":{"self":[{"href":"https:\/\/notinor.com\/jujuy\/wp-json\/wp\/v2\/posts\/18354"}],"collection":[{"href":"https:\/\/notinor.com\/jujuy\/wp-json\/wp\/v2\/posts"}],"about":[{"href":"https:\/\/notinor.com\/jujuy\/wp-json\/wp\/v2\/types\/post"}],"author":[{"embeddable":true,"href":"https:\/\/notinor.com\/jujuy\/wp-json\/wp\/v2\/users\/1"}],"replies":[{"embeddable":true,"href":"https:\/\/notinor.com\/jujuy\/wp-json\/wp\/v2\/comments?post=18354"}],"version-history":[{"count":1,"href":"https:\/\/notinor.com\/jujuy\/wp-json\/wp\/v2\/posts\/18354\/revisions"}],"predecessor-version":[{"id":18360,"href":"https:\/\/notinor.com\/jujuy\/wp-json\/wp\/v2\/posts\/18354\/revisions\/18360"}],"wp:featuredmedia":[{"embeddable":true,"href":"https:\/\/notinor.com\/jujuy\/wp-json\/wp\/v2\/media\/18358"}],"wp:attachment":[{"href":"https:\/\/notinor.com\/jujuy\/wp-json\/wp\/v2\/media?parent=18354"}],"wp:term":[{"taxonomy":"category","embeddable":true,"href":"https:\/\/notinor.com\/jujuy\/wp-json\/wp\/v2\/categories?post=18354"},{"taxonomy":"post_tag","embeddable":true,"href":"https:\/\/notinor.com\/jujuy\/wp-json\/wp\/v2\/tags?post=18354"}],"curies":[{"name":"wp","href":"https:\/\/api.w.org\/{rel}","templated":true}]}}