{"id":183480,"date":"2018-07-16T19:01:30","date_gmt":"2018-07-16T22:01:30","guid":{"rendered":"http:\/\/notinor.com\/jujuy\/?p=183480"},"modified":"2018-07-16T19:01:30","modified_gmt":"2018-07-16T22:01:30","slug":"seguimos-apostando-a-la-descentralizacion-municipal","status":"publish","type":"post","link":"https:\/\/notinor.com\/jujuy\/seguimos-apostando-a-la-descentralizacion-municipal\/","title":{"rendered":"\"Seguimos apostando a la descentralizaci\u00f3n municipal\""},"content":{"rendered":"<p style=\"font-weight: 400;\">En este orden, las autoridades cubrieron cargos que se encontraban vacantes en la Direcci\u00f3n de Pol\u00edticas Sociales de Alto Comedero, Rosa Saenz; la Coordinadora Social de la Direcci\u00f3n General\u00a0\u00a0de Descentralizaci\u00f3n y Calidad y Gesti\u00f3n;\u00a0\u00a0Silvia Beatriz Cruz; el Coordinador del Centro Cultural \"H\u00e9ctor Tiz\u00f3n\" Joaqu\u00edn\u00a0\u00a0Eduardo L\u00f3pez y Coordinador \u00c1rea de Comunicaciones, Carlos Zambrana.<\/p>\n<p style=\"font-weight: 400;\">Luego de la entrega de los decretos de designaci\u00f3n, el Arq. \"Chuli\" Jorge manifest\u00f3 que la restructuraci\u00f3n municipal \"significa\u00a0\u00a0nuevos desaf\u00edos porque seguimos creyendo firmemente en la descentralizaci\u00f3n municipal\", refiri\u00e9ndose a la generaci\u00f3n de nuevos espacios en el coraz\u00f3n de sectores barriales de la ciudad, como Campo Verde, Cuyaya y 150 hect\u00e1reas.<\/p>\n<p style=\"font-weight: 400;\">Destac\u00f3 la posibilidad de tener una estructura m\u00e1s concentrada\u00a0por una cuesti\u00f3n de rotaci\u00f3n que no modifica el erario municipal; y a la vez\u00a0coordinar de otra manera los centros de participaci\u00f3n vecinal, para lo cual hay un gran desaf\u00edo en Alto Comedero, \"fortalecer las comunicaciones, centros culturales que han sido una de las pol\u00edticas de descentralizaci\u00f3n m\u00e1s efectivas que ha tenido el municipio\".<\/p>\n<p style=\"font-weight: 400;\">En este sentido, Joaqu\u00edn L\u00f3pez al ser consultado por las expectativas a desarrollar en el Centro Cultural H\u00e9ctor Tiz\u00f3n, enfatiz\u00f3 que \"es una nueva apuesta, una posibilidad de seguir generando espacios, destinado fundamentalmente a la belleza que podemos crear los seres humanos, que el arte puede hacer esa conexi\u00f3n con nosotros mismos, con la participaci\u00f3n amplia porque es un centro que est\u00e1 abierto para todas las personas\".<\/p>\n<p style=\"font-weight: 400;\">En cuanto a las nuevos proyectos hizo alusi\u00f3n a \"poder incrementar las propuestas art\u00edsticas, pensando en abrir espacios para la formaci\u00f3n de artistas, para los que nunca subieron a un escenario y que el Centro Cultural Tiz\u00f3n sea un espacio para poder aprender y en lo que es escritura, pintura, hay muchas ideas que se concretar\u00e1n a partir de este momento\".<\/p>\n<p style=\"font-weight: 400;\">\n","protected":false},"excerpt":{"rendered":"<p>En este orden, las autoridades cubrieron cargos que se encontraban vacantes en la Direcci\u00f3n de Pol\u00edticas Sociales de Alto Comedero, Rosa Saenz; la Coordinadora Social de la Direcci\u00f3n General\u00a0\u00a0de Descentralizaci\u00f3n y Calidad y Gesti\u00f3n;\u00a0\u00a0Silvia Beatriz Cruz; el Coordinador del Centro Cultural \"H\u00e9ctor Tiz\u00f3n\" Joaqu\u00edn\u00a0\u00a0Eduardo L\u00f3pez y Coordinador \u00c1rea de Comunicaciones, Carlos Zambrana. Luego de la [&hellip;]<\/p>\n","protected":false},"author":5,"featured_media":183482,"comment_status":"open","ping_status":"open","sticky":false,"template":"","format":"standard","meta":{"_stopmodifiedupdate":false,"_modified_date":"","inline_featured_image":false},"categories":[490],"tags":[],"jetpack_featured_media_url":"https:\/\/notinor.com\/jujuy\/wp-content\/uploads\/2018\/07\/asuncion-funcionarios-1.jpg","_links":{"self":[{"href":"https:\/\/notinor.com\/jujuy\/wp-json\/wp\/v2\/posts\/183480"}],"collection":[{"href":"https:\/\/notinor.com\/jujuy\/wp-json\/wp\/v2\/posts"}],"about":[{"href":"https:\/\/notinor.com\/jujuy\/wp-json\/wp\/v2\/types\/post"}],"author":[{"embeddable":true,"href":"https:\/\/notinor.com\/jujuy\/wp-json\/wp\/v2\/users\/5"}],"replies":[{"embeddable":true,"href":"https:\/\/notinor.com\/jujuy\/wp-json\/wp\/v2\/comments?post=183480"}],"version-history":[{"count":2,"href":"https:\/\/notinor.com\/jujuy\/wp-json\/wp\/v2\/posts\/183480\/revisions"}],"predecessor-version":[{"id":183483,"href":"https:\/\/notinor.com\/jujuy\/wp-json\/wp\/v2\/posts\/183480\/revisions\/183483"}],"wp:featuredmedia":[{"embeddable":true,"href":"https:\/\/notinor.com\/jujuy\/wp-json\/wp\/v2\/media\/183482"}],"wp:attachment":[{"href":"https:\/\/notinor.com\/jujuy\/wp-json\/wp\/v2\/media?parent=183480"}],"wp:term":[{"taxonomy":"category","embeddable":true,"href":"https:\/\/notinor.com\/jujuy\/wp-json\/wp\/v2\/categories?post=183480"},{"taxonomy":"post_tag","embeddable":true,"href":"https:\/\/notinor.com\/jujuy\/wp-json\/wp\/v2\/tags?post=183480"}],"curies":[{"name":"wp","href":"https:\/\/api.w.org\/{rel}","templated":true}]}}