{"id":18285,"date":"2015-03-04T00:00:24","date_gmt":"2015-03-04T03:00:24","guid":{"rendered":"http:\/\/notinor.com\/jujuy\/?p=18285"},"modified":"2015-03-04T10:50:13","modified_gmt":"2015-03-04T13:50:13","slug":"por-el-agua-y-el-fuego-ocho-provincias-estan-en-alerta","status":"publish","type":"post","link":"https:\/\/notinor.com\/jujuy\/por-el-agua-y-el-fuego-ocho-provincias-estan-en-alerta\/","title":{"rendered":"Por el agua y el fuego, ocho provincias est\u00e1n en alerta"},"content":{"rendered":"<p>Por el agua, por el fuego y por la ceniza. Los desastres naturales pusieron en alerta a ocho provincias y hasta anoche hab\u00eda m\u00e1s de 5.000 evacuados en todo el pa\u00eds.<\/p>\n<p>En C\u00f3rdoba la situaci\u00f3n es desesperante: ayer volvi\u00f3 a llover y la provincia est\u00e1 bajo alerta m\u00e1xima. Jes\u00fas Mar\u00eda qued\u00f3 aislada y otras ciudades, como Balnearia e Idiaz\u00e1bal, est\u00e1n muy complicadas. M\u00e1s de 2.000 personas debieron dejar sus casas y hay cortes en 10 rutas. El gobernador De la Sota defini\u00f3 la situaci\u00f3n de la provincia como \u201cla mayor cat\u00e1strofe clim\u00e1tica de los \u00faltimos 50 a\u00f1os\u201d y prometi\u00f3 ayuda para las zonas afectadas.<\/p>\n<p>Hace dos semanas, las lluvias en las Sierras Chicas, al norte de la capital provincial, dejaron las cuencas saturadas y en la zona se esperan precipitaciones hasta el viernes. Al sur de Villa Mar\u00eda, los campos, los tambos y las f\u00e1bricas est\u00e1n bajo el agua, lo que pone en jaque la producci\u00f3n de leche en la zona. Adem\u00e1s, el temporal de C\u00f3rdoba provoc\u00f3 serios problemas de comunicaci\u00f3n por un corte en dos l\u00edneas de fibra \u00f3ptica. Amplias zonas de Catamarca, Salta y Tucum\u00e1n quedaron sin tel\u00e9fono e Internet casi todo el d\u00eda.<\/p>\n<p>Tambi\u00e9n la lluvia hizo colapsar a la ciudad de Santa Fe. En pocas horas cayeron m\u00e1s de 100 mil\u00edmetros que provocaron la inundaci\u00f3n de viviendas, anegamientos de calles y avenidas troncales, como as\u00ed tambi\u00e9n la autopista Santa Fe-Rosario, a la altura de Coronda, cortada al tr\u00e1nsito. En la \u00faltima semana cayeron 400 mil\u00edmetros y por eso unas 200 personas permanecen en los centros de evacuaci\u00f3n. Ante esta situaci\u00f3n, ayer la ciudad vivi\u00f3 un feriado obligado: por orden de la Municipalidad no hubo transporte urbano y se deslig\u00f3 a los empleados p\u00fablicos concurrir a trabajar. El gobernador Antonio Bonfatti cre\u00f3 un comit\u00e9 de Contingencia pero se\u00f1al\u00f3 que \u201cno es necesario declarar la emergencia h\u00eddrica\u201d. Y agreg\u00f3 que la situaci\u00f3n \u201cno es de extrema gravedad, pero estamos alertas\u201d. Adem\u00e1s hubo intento de saqueos tres supermercados. Los vecinos de los barrios m\u00e1s perjudicados \u2013en especial los del cord\u00f3n noroeste de la ciudad\u2013, le dijeron a Clar\u00edn que esto ya es habitual. \u201cCaen dos gotas y pasa siempre lo mismo. Tuve que mandar a mi mujer y a mi hija a la casa de una hermana porque yo me quedo ac\u00e1 por miedo a que me roben\u201d, cont\u00f3 Luis, del barrio Don Bosco, uno de los m\u00e1s afectados.<\/p>\n<p>Adem\u00e1s de las ciudades, los campos de la regi\u00f3n est\u00e1n sufriendo los avatares de la lluvia. Este fen\u00f3meno clim\u00e1tico tiene a maltraer a m\u00e1s de un mill\u00f3n de hect\u00e1reas y peligran las producciones tamberas, ganaderas, hort\u00edcolas y a los cultivos de soja y ma\u00edz.<\/p>\n<p>La lluvia en los departamentos del este de Catamarca (El Alto, Santa Rosa y La Paz) se extendi\u00f3 desde el lunes a la ma\u00f1ana hasta ayer. Las autoridades estiman que cayeron unos 300 mil\u00edmetros, cuando la media anual para el Valle Central de Catamarca es de 450 mil\u00edmetros, es decir que all\u00ed llovi\u00f3 en un d\u00eda casi lo que un a\u00f1o en la capital provincial. Crecieron 5 cursos de agua en la zona, caracterizada por el desmonte para la plantaci\u00f3n de soja. Sin posibilidad de escurrir, el agua aneg\u00f3 las riberas y despu\u00e9s fue avanzando sobre el terreno, que se qued\u00f3 sin capacidad de absorber. Ba\u00f1ado de Ovanta es la poblaci\u00f3n m\u00e1s afectada, con un metro de agua dentro de las viviendas. Est\u00e1 aislada porque se cort\u00f3 el cruce por el r\u00edo El Abra, que la comunica por la Ruta Nacional N\u00ba 64. Alijil\u00e1n y Manantiales son otras dos localidades qeu se quedaron sin que la gente pueda ni ingresar a dar asistencia ni salir. En total hay 1.000 evacuados.<\/p>\n<p>La situaci\u00f3n en Santiago del Estero es similar: hay unas 900 personas evacuadas por la tormenta que dur\u00f3 m\u00e1s de 5 horas. A las 8.30 de la ma\u00f1ana de ayer, el gobierno debi\u00f3 decretar el asueto administrativo y escolar en toda la provincia. Se estima que en 3 horas cayeron 200 mil\u00edmetros. Mientras, la Subsecretar\u00eda de Defensa Civil inform\u00f3 que ya hay m\u00e1s de 900 familias con problemas, especialmente en zonas del interior como en Los Jur\u00edes, Bandera, Tom\u00e1s Young, Ica\u00f1o (al sur), San Pedro de Guasay\u00e1n, Lavalle, Fr\u00edas, Tapso (oeste), El Aspirante, Campo Toledo, Mail\u00edn, Real Sayana, entre otras.<\/p>\n<p>En San Luis, ya hay mil afectados, entre evacuados y autoevacuados. Omar Terc, jefe del programa San Luis Solidario evalu\u00f3: \u201cLo m\u00e1s complicado hasta el momento es Lafinur. Los evacuados est\u00e1n en la escuela de Los Cajones. Hay 30 cent\u00edmetros de agua que cubren el pueblo. Estuvieron con la intendenta Gladis Cornejo se les llev\u00f3 asistencia para la atenci\u00f3n primaria, tambi\u00e9n a Santa Rosa\u201d.<\/p>\n<p>El fuego, en tanto, mantiene en vilo a la Patagonia, donde la gran sequ\u00eda complica la situaci\u00f3n en varias localidades de R\u00edo Negro y Chubut. Los incendios siguen fuera de control en Cholila, donde ya quem\u00f3 m\u00e1s de 34 mil hect\u00e1reas. A eso se sum\u00f3 ayer la erupci\u00f3n del volc\u00e1n Villarrica, en Chile, que despidi\u00f3 un kil\u00f3metro de lava y tres de humo, y puso en alerta a todas las poblaciones del lado argentino, en especial a Bariloche, San Mart\u00edn de los Andes<\/p>\n","protected":false},"excerpt":{"rendered":"<p>Por el agua, por el fuego y por la ceniza. Los desastres naturales pusieron en alerta a ocho provincias y hasta anoche hab\u00eda m\u00e1s de 5.000 evacuados en todo el pa\u00eds. En C\u00f3rdoba la situaci\u00f3n es desesperante: ayer volvi\u00f3 a llover y la provincia est\u00e1 bajo alerta m\u00e1xima. Jes\u00fas Mar\u00eda qued\u00f3 aislada y otras ciudades, [&hellip;]<\/p>\n","protected":false},"author":1,"featured_media":18288,"comment_status":"open","ping_status":"open","sticky":false,"template":"","format":"standard","meta":{"_stopmodifiedupdate":false,"_modified_date":"","inline_featured_image":false,"spay_email":"","jetpack_publicize_message":""},"categories":[5],"tags":[],"jetpack_featured_media_url":"https:\/\/notinor.com\/jujuy\/wp-content\/uploads\/2015\/03\/bajo-agua.jpg","jetpack_publicize_connections":[],"_links":{"self":[{"href":"https:\/\/notinor.com\/jujuy\/wp-json\/wp\/v2\/posts\/18285"}],"collection":[{"href":"https:\/\/notinor.com\/jujuy\/wp-json\/wp\/v2\/posts"}],"about":[{"href":"https:\/\/notinor.com\/jujuy\/wp-json\/wp\/v2\/types\/post"}],"author":[{"embeddable":true,"href":"https:\/\/notinor.com\/jujuy\/wp-json\/wp\/v2\/users\/1"}],"replies":[{"embeddable":true,"href":"https:\/\/notinor.com\/jujuy\/wp-json\/wp\/v2\/comments?post=18285"}],"version-history":[{"count":1,"href":"https:\/\/notinor.com\/jujuy\/wp-json\/wp\/v2\/posts\/18285\/revisions"}],"predecessor-version":[{"id":18289,"href":"https:\/\/notinor.com\/jujuy\/wp-json\/wp\/v2\/posts\/18285\/revisions\/18289"}],"wp:featuredmedia":[{"embeddable":true,"href":"https:\/\/notinor.com\/jujuy\/wp-json\/wp\/v2\/media\/18288"}],"wp:attachment":[{"href":"https:\/\/notinor.com\/jujuy\/wp-json\/wp\/v2\/media?parent=18285"}],"wp:term":[{"taxonomy":"category","embeddable":true,"href":"https:\/\/notinor.com\/jujuy\/wp-json\/wp\/v2\/categories?post=18285"},{"taxonomy":"post_tag","embeddable":true,"href":"https:\/\/notinor.com\/jujuy\/wp-json\/wp\/v2\/tags?post=18285"}],"curies":[{"name":"wp","href":"https:\/\/api.w.org\/{rel}","templated":true}]}}