{"id":182694,"date":"2018-07-10T18:02:50","date_gmt":"2018-07-10T21:02:50","guid":{"rendered":"http:\/\/notinor.com\/jujuy\/?p=182694"},"modified":"2018-07-10T18:03:00","modified_gmt":"2018-07-10T21:03:00","slug":"jujuy-sera-sede-del-festival-de-la-luz","status":"publish","type":"post","link":"https:\/\/notinor.com\/jujuy\/jujuy-sera-sede-del-festival-de-la-luz\/","title":{"rendered":"Jujuy ser\u00e1 sede del Festival de la Luz"},"content":{"rendered":"<p style=\"font-weight: 400;\">El pr\u00f3ximo 8 de agosto inaugura oficialmente el Festival de la Luz, que en esta edici\u00f3n festeja sus 30 a\u00f1os en la escena de la fotograf\u00eda internacional. Con la participaci\u00f3n de 350 artistas de 30 pa\u00edses, el festival m\u00e1s importante de fotograf\u00eda de Latinoam\u00e9rica presenta 140 muestras en 90 espacios, de 36 ciudades de Argentina.<\/p>\n<p style=\"font-weight: 400;\">El Festival de la Luz difunde la fotograf\u00eda argentina al mundo, busca descubrir talentos emergentes, ratifica la vigencia de los artistas ya consagrados y confronta las diversas tendencias dominantes en el campo de la fotograf\u00eda art\u00edstica.<\/p>\n<p style=\"font-weight: 400;\">En este marco, desde la Secretar\u00eda de Cultura y Turismo del municipio capitalino, se inform\u00f3 que durante el mes de agosto Jujuy ser\u00e1 sede del Festival junto a la provincia de San Juan. Por lo tanto, y en este marco art\u00edstico, el jueves 2 de agosto se inaugurar\u00e1 la muestra \"Paisaje\" de Clovis Dariano, en el Cine Teatro Municipal Select sito en Alvear 665, a las 20hs. Mientras que el viernes 3 de agosto, a las 21hs, ser\u00e1 el turno de las muestras de Santiago Echaniz (Argentina) \"El Fuego\" y Heath Mckenny \"No soy granjero\" de EE.UU.<\/p>\n<p style=\"font-weight: 400;\">San Salvador de Jujuy recibir\u00e1 a un sin n\u00famero de artistas dispuestos a nutrirse y enriquecer su conocimiento junto a sus pares que provienen de distintas partes del mundo, con exposiciones, talleres y actividades.<\/p>\n<p style=\"font-weight: 400;\">La agenda contin\u00faa el viernes 10 de agosto, a las 20hs., con una Charla a cargo de Alan Humerose, proveniente de Suiza, en el Cine Teatro Municipal Select. En el mismo lugar y a la misma hora pero del d\u00eda 17 de agosto ser\u00e1 el turno del canadiense Frank Rodick.<\/p>\n<p>Para m\u00e1s informaci\u00f3n pueden dirigirse a:\u00a0<a href=\"http:\/\/www.festivaldelaluz.es\/\">www.festivaldelaluz.es\/<\/a>\u00a0\u00f3 por Facebook a FESTIVAL DE LA LUZ - ENCUENTROS ABIERTOS \u00f3 bien por mail a:<a href=\"mailto:festivaldelaluz.sedejujuy@gmail.com\">festivaldelaluz.sedejujuy@gmail.com<\/a><\/p>\n","protected":false},"excerpt":{"rendered":"<p>El pr\u00f3ximo 8 de agosto inaugura oficialmente el Festival de la Luz, que en esta edici\u00f3n festeja sus 30 a\u00f1os en la escena de la fotograf\u00eda internacional. Con la participaci\u00f3n de 350 artistas de 30 pa\u00edses, el festival m\u00e1s importante de fotograf\u00eda de Latinoam\u00e9rica presenta 140 muestras en 90 espacios, de 36 ciudades de Argentina. [&hellip;]<\/p>\n","protected":false},"author":5,"featured_media":182696,"comment_status":"open","ping_status":"open","sticky":false,"template":"","format":"standard","meta":{"_stopmodifiedupdate":false,"_modified_date":"","inline_featured_image":false},"categories":[490],"tags":[],"jetpack_featured_media_url":"https:\/\/notinor.com\/jujuy\/wp-content\/uploads\/2018\/07\/festival-de-la-luz.png","_links":{"self":[{"href":"https:\/\/notinor.com\/jujuy\/wp-json\/wp\/v2\/posts\/182694"}],"collection":[{"href":"https:\/\/notinor.com\/jujuy\/wp-json\/wp\/v2\/posts"}],"about":[{"href":"https:\/\/notinor.com\/jujuy\/wp-json\/wp\/v2\/types\/post"}],"author":[{"embeddable":true,"href":"https:\/\/notinor.com\/jujuy\/wp-json\/wp\/v2\/users\/5"}],"replies":[{"embeddable":true,"href":"https:\/\/notinor.com\/jujuy\/wp-json\/wp\/v2\/comments?post=182694"}],"version-history":[{"count":2,"href":"https:\/\/notinor.com\/jujuy\/wp-json\/wp\/v2\/posts\/182694\/revisions"}],"predecessor-version":[{"id":182697,"href":"https:\/\/notinor.com\/jujuy\/wp-json\/wp\/v2\/posts\/182694\/revisions\/182697"}],"wp:featuredmedia":[{"embeddable":true,"href":"https:\/\/notinor.com\/jujuy\/wp-json\/wp\/v2\/media\/182696"}],"wp:attachment":[{"href":"https:\/\/notinor.com\/jujuy\/wp-json\/wp\/v2\/media?parent=182694"}],"wp:term":[{"taxonomy":"category","embeddable":true,"href":"https:\/\/notinor.com\/jujuy\/wp-json\/wp\/v2\/categories?post=182694"},{"taxonomy":"post_tag","embeddable":true,"href":"https:\/\/notinor.com\/jujuy\/wp-json\/wp\/v2\/tags?post=182694"}],"curies":[{"name":"wp","href":"https:\/\/api.w.org\/{rel}","templated":true}]}}