{"id":182683,"date":"2018-07-10T17:50:53","date_gmt":"2018-07-10T20:50:53","guid":{"rendered":"http:\/\/notinor.com\/jujuy\/?p=182683"},"modified":"2018-07-10T17:50:53","modified_gmt":"2018-07-10T20:50:53","slug":"1er-encuentro-de-talleres-municipales","status":"publish","type":"post","link":"https:\/\/notinor.com\/jujuy\/1er-encuentro-de-talleres-municipales\/","title":{"rendered":"1er Encuentro de Talleres municipales"},"content":{"rendered":"<p><img decoding=\"async\" loading=\"lazy\" class=\"size-medium wp-image-182686 aligncenter\" src=\"http:\/\/notinor.com\/jujuy\/wp-content\/uploads\/2018\/07\/talleres-municipales-2-551x365.jpg\" alt=\"\" width=\"551\" height=\"365\" srcset=\"https:\/\/notinor.com\/jujuy\/wp-content\/uploads\/2018\/07\/talleres-municipales-2-551x365.jpg 551w, https:\/\/notinor.com\/jujuy\/wp-content\/uploads\/2018\/07\/talleres-municipales-2-724x480.jpg 724w, https:\/\/notinor.com\/jujuy\/wp-content\/uploads\/2018\/07\/talleres-municipales-2-400x266.jpg 400w, https:\/\/notinor.com\/jujuy\/wp-content\/uploads\/2018\/07\/talleres-municipales-2.jpg 750w\" sizes=\"(max-width: 551px) 100vw, 551px\" \/><\/p>\n<p style=\"font-weight: 400;\">Talleres de diversas danzas, instrumentos musicales, de expresi\u00f3n art\u00edstica fueron entre otras las presentaciones que se dieron a lugar en una colorida tarde en el Centro Cultural Jorge Cafrune del barrio Alto comedero.<\/p>\n<p style=\"font-weight: 400;\">Con un positivo balance y conforme con los trabajos realizados el director de Pol\u00edticas Socioculturales, Gabriel Ruiz destac\u00f3 que esta es una primera muestra donde \"podemos presenciar talleres que brindan diversos CPV e instituciones del barrio\".<\/p>\n<p style=\"font-weight: 400;\">\"Es muy importante mostrar el compromiso que tienen los profesores junto al municipio lo que permite que se acerque la familia mostrando todo el arte que se desarrolla en Alto Comedero .Quiero destacar que le Jorge Cafrune es un espacio cultural donde se realizan diferentes actividades culturales para todos\".<\/p>\n<p>A todos los interesados se los invita a acercarse a ser part\u00edcipe de las diversas opciones que propone el Centro Cultural Jorge Cafrune y tambi\u00e9n la Direcci\u00f3n de Pol\u00edticas Socioculturales que se encuentra en el Centro Cultural Manuel Belgrano (ex vieja Estaci\u00f3n.)<\/p>\n<p><img decoding=\"async\" loading=\"lazy\" class=\"alignnone size-medium wp-image-182687 aligncenter\" src=\"http:\/\/notinor.com\/jujuy\/wp-content\/uploads\/2018\/07\/talleres-municipales-3-551x365.jpg\" alt=\"\" width=\"551\" height=\"365\" srcset=\"https:\/\/notinor.com\/jujuy\/wp-content\/uploads\/2018\/07\/talleres-municipales-3-551x365.jpg 551w, https:\/\/notinor.com\/jujuy\/wp-content\/uploads\/2018\/07\/talleres-municipales-3-724x480.jpg 724w, https:\/\/notinor.com\/jujuy\/wp-content\/uploads\/2018\/07\/talleres-municipales-3-400x266.jpg 400w, https:\/\/notinor.com\/jujuy\/wp-content\/uploads\/2018\/07\/talleres-municipales-3.jpg 750w\" sizes=\"(max-width: 551px) 100vw, 551px\" \/><\/p>\n","protected":false},"excerpt":{"rendered":"<p>Talleres de diversas danzas, instrumentos musicales, de expresi\u00f3n art\u00edstica fueron entre otras las presentaciones que se dieron a lugar en una colorida tarde en el Centro Cultural Jorge Cafrune del barrio Alto comedero. Con un positivo balance y conforme con los trabajos realizados el director de Pol\u00edticas Socioculturales, Gabriel Ruiz destac\u00f3 que esta es una [&hellip;]<\/p>\n","protected":false},"author":5,"featured_media":182685,"comment_status":"open","ping_status":"open","sticky":false,"template":"","format":"standard","meta":{"_stopmodifiedupdate":false,"_modified_date":"","inline_featured_image":false},"categories":[490],"tags":[],"jetpack_featured_media_url":"https:\/\/notinor.com\/jujuy\/wp-content\/uploads\/2018\/07\/talleres-municipales-4.jpg","_links":{"self":[{"href":"https:\/\/notinor.com\/jujuy\/wp-json\/wp\/v2\/posts\/182683"}],"collection":[{"href":"https:\/\/notinor.com\/jujuy\/wp-json\/wp\/v2\/posts"}],"about":[{"href":"https:\/\/notinor.com\/jujuy\/wp-json\/wp\/v2\/types\/post"}],"author":[{"embeddable":true,"href":"https:\/\/notinor.com\/jujuy\/wp-json\/wp\/v2\/users\/5"}],"replies":[{"embeddable":true,"href":"https:\/\/notinor.com\/jujuy\/wp-json\/wp\/v2\/comments?post=182683"}],"version-history":[{"count":2,"href":"https:\/\/notinor.com\/jujuy\/wp-json\/wp\/v2\/posts\/182683\/revisions"}],"predecessor-version":[{"id":182688,"href":"https:\/\/notinor.com\/jujuy\/wp-json\/wp\/v2\/posts\/182683\/revisions\/182688"}],"wp:featuredmedia":[{"embeddable":true,"href":"https:\/\/notinor.com\/jujuy\/wp-json\/wp\/v2\/media\/182685"}],"wp:attachment":[{"href":"https:\/\/notinor.com\/jujuy\/wp-json\/wp\/v2\/media?parent=182683"}],"wp:term":[{"taxonomy":"category","embeddable":true,"href":"https:\/\/notinor.com\/jujuy\/wp-json\/wp\/v2\/categories?post=182683"},{"taxonomy":"post_tag","embeddable":true,"href":"https:\/\/notinor.com\/jujuy\/wp-json\/wp\/v2\/tags?post=182683"}],"curies":[{"name":"wp","href":"https:\/\/api.w.org\/{rel}","templated":true}]}}