{"id":182679,"date":"2018-07-10T17:42:10","date_gmt":"2018-07-10T20:42:10","guid":{"rendered":"http:\/\/notinor.com\/jujuy\/?p=182679"},"modified":"2018-07-10T17:42:10","modified_gmt":"2018-07-10T20:42:10","slug":"detenido-y-secuestro-de-arma-blanca","status":"publish","type":"post","link":"https:\/\/notinor.com\/jujuy\/detenido-y-secuestro-de-arma-blanca\/","title":{"rendered":"Detenido y secuestro de arma blanca"},"content":{"rendered":"<p style=\"font-weight: 400;\">El hecho, se registr\u00f3 cerca de las 20:30 horas, en circunstancias que numerarios del Comando, realizaban recorridos de prevenci\u00f3n por la zona y al llegar a la altura de calle Humahuaca,visualizaron a un masculino que se encontraba sospechosamente arriba de la caja de una camioneta estacionada, intentando sustraer la rueda de auxilio, previo haber forcejeado al candado de seguridad y tras advertir la presencia policial salto del veh\u00edculo, d\u00e1ndose inmediatamente a la fuga.<\/p>\n<p style=\"font-weight: 400;\">De tal modo, se inici\u00f3 una persecuci\u00f3n que duro pocos minutos, logrando aprehender al inculpado a pocas cuadras en un tramo de la calle El Cha\u00f1i, donde al proceder a practicarle el palpado de armas, se le secuestro entre sus prendas un arma blanca.<\/p>\n<p style=\"font-weight: 400;\">El protagonista, de 45 a\u00f1os de edad con domicilio en el barrio San Cayetano, fue trasladado a la Comisaria Seccional 2\u00b0, donde qued\u00f3 alojado. En tanto, se logr\u00f3 dar con el chofer de la camioneta Amarok color azul, quien se present\u00f3 en la Comisaria a radicar la denuncia correspondiente.<\/p>\n","protected":false},"excerpt":{"rendered":"<p>El hecho, se registr\u00f3 cerca de las 20:30 horas, en circunstancias que numerarios del Comando, realizaban recorridos de prevenci\u00f3n por la zona y al llegar a la altura de calle Humahuaca,visualizaron a un masculino que se encontraba sospechosamente arriba de la caja de una camioneta estacionada, intentando sustraer la rueda de auxilio, previo haber forcejeado [&hellip;]<\/p>\n","protected":false},"author":5,"featured_media":182681,"comment_status":"open","ping_status":"open","sticky":false,"template":"","format":"standard","meta":{"_stopmodifiedupdate":false,"_modified_date":"","inline_featured_image":false},"categories":[3],"tags":[],"jetpack_featured_media_url":"https:\/\/notinor.com\/jujuy\/wp-content\/uploads\/2018\/07\/Foto-secuestro-de-cuchillos-Motorizados.jpg","_links":{"self":[{"href":"https:\/\/notinor.com\/jujuy\/wp-json\/wp\/v2\/posts\/182679"}],"collection":[{"href":"https:\/\/notinor.com\/jujuy\/wp-json\/wp\/v2\/posts"}],"about":[{"href":"https:\/\/notinor.com\/jujuy\/wp-json\/wp\/v2\/types\/post"}],"author":[{"embeddable":true,"href":"https:\/\/notinor.com\/jujuy\/wp-json\/wp\/v2\/users\/5"}],"replies":[{"embeddable":true,"href":"https:\/\/notinor.com\/jujuy\/wp-json\/wp\/v2\/comments?post=182679"}],"version-history":[{"count":2,"href":"https:\/\/notinor.com\/jujuy\/wp-json\/wp\/v2\/posts\/182679\/revisions"}],"predecessor-version":[{"id":182682,"href":"https:\/\/notinor.com\/jujuy\/wp-json\/wp\/v2\/posts\/182679\/revisions\/182682"}],"wp:featuredmedia":[{"embeddable":true,"href":"https:\/\/notinor.com\/jujuy\/wp-json\/wp\/v2\/media\/182681"}],"wp:attachment":[{"href":"https:\/\/notinor.com\/jujuy\/wp-json\/wp\/v2\/media?parent=182679"}],"wp:term":[{"taxonomy":"category","embeddable":true,"href":"https:\/\/notinor.com\/jujuy\/wp-json\/wp\/v2\/categories?post=182679"},{"taxonomy":"post_tag","embeddable":true,"href":"https:\/\/notinor.com\/jujuy\/wp-json\/wp\/v2\/tags?post=182679"}],"curies":[{"name":"wp","href":"https:\/\/api.w.org\/{rel}","templated":true}]}}