{"id":182675,"date":"2018-07-10T17:30:42","date_gmt":"2018-07-10T20:30:42","guid":{"rendered":"http:\/\/notinor.com\/jujuy\/?p=182675"},"modified":"2018-07-10T17:30:42","modified_gmt":"2018-07-10T20:30:42","slug":"demorados-en-estado-de-ebriedad-tras-persecucion","status":"publish","type":"post","link":"https:\/\/notinor.com\/jujuy\/demorados-en-estado-de-ebriedad-tras-persecucion\/","title":{"rendered":"Demorados en estado de ebriedad tras persecuci\u00f3n"},"content":{"rendered":"<p style=\"font-weight: 400;\">El primer procedimiento, tuvo lugar cerca de las 06:30 horas, en momentos que numerarios del Comando proced\u00edan al despeje de veh\u00edculos, en avenida Presidente Per\u00f3n cerca de un conocido supermercado, en esos instantes un autom\u00f3vil Chevrolet Corsa de color beige intent\u00f3 investir el m\u00f3vil policial, d\u00e1ndose seguidamente a la fuga, inici\u00e1ndose una persecuci\u00f3n por ruta nacional 9, finalizando en calle Rep\u00fablica Dominicana del barrio Cerro las Rosas, donde fue interceptado procediendo a la demora de tres masculinos y una femenino, entre 21 y 22 a\u00f1os siendo trasladados a la Comisaria Seccional 30\u00b0.<\/p>\n<p style=\"font-weight: 400;\">Otro hecho, sucedi\u00f3 una hora despu\u00e9s en avenida Ricardo Balb\u00edn, donde un autom\u00f3vil marca Chevrolet Corsa color gris oscuro, transitaba en contramano cruzando los sem\u00e1foros en rojo, poniendo en peligro a transe\u00fantes. Tras persecuci\u00f3n, por puente Senador P\u00e9rez y barrio San Mart\u00edn, fue interceptado en calle Remedios de Escalada, donde previamente hab\u00eda colisionado el lado derecho de la unidad m\u00f3vil perteneciente a la Seccional 44\u00b0, produciendo da\u00f1os materiales. Asimismo se procedi\u00f3 a la demora de un masculino de 28 a\u00f1os, con domicilio en el barrio San Pedrito, siendo trasladado a la Comisar\u00eda Seccional 3ra.<\/p>\n<p style=\"font-weight: 400;\">Los protagonistas, quedaron alojados por averiguaci\u00f3n de antecedentes, siendo examinados dando como resultado positivo en cuanto a ebriedad, quedando a disposici\u00f3n de la fiscal\u00eda interviniente.<\/p>\n","protected":false},"excerpt":{"rendered":"<p>El primer procedimiento, tuvo lugar cerca de las 06:30 horas, en momentos que numerarios del Comando proced\u00edan al despeje de veh\u00edculos, en avenida Presidente Per\u00f3n cerca de un conocido supermercado, en esos instantes un autom\u00f3vil Chevrolet Corsa de color beige intent\u00f3 investir el m\u00f3vil policial, d\u00e1ndose seguidamente a la fuga, inici\u00e1ndose una persecuci\u00f3n por ruta [&hellip;]<\/p>\n","protected":false},"author":5,"featured_media":182677,"comment_status":"open","ping_status":"open","sticky":false,"template":"","format":"standard","meta":{"_stopmodifiedupdate":false,"_modified_date":"","inline_featured_image":false},"categories":[3],"tags":[],"jetpack_featured_media_url":"https:\/\/notinor.com\/jujuy\/wp-content\/uploads\/2018\/07\/detenidos-comando-283x170.jpg","_links":{"self":[{"href":"https:\/\/notinor.com\/jujuy\/wp-json\/wp\/v2\/posts\/182675"}],"collection":[{"href":"https:\/\/notinor.com\/jujuy\/wp-json\/wp\/v2\/posts"}],"about":[{"href":"https:\/\/notinor.com\/jujuy\/wp-json\/wp\/v2\/types\/post"}],"author":[{"embeddable":true,"href":"https:\/\/notinor.com\/jujuy\/wp-json\/wp\/v2\/users\/5"}],"replies":[{"embeddable":true,"href":"https:\/\/notinor.com\/jujuy\/wp-json\/wp\/v2\/comments?post=182675"}],"version-history":[{"count":2,"href":"https:\/\/notinor.com\/jujuy\/wp-json\/wp\/v2\/posts\/182675\/revisions"}],"predecessor-version":[{"id":182678,"href":"https:\/\/notinor.com\/jujuy\/wp-json\/wp\/v2\/posts\/182675\/revisions\/182678"}],"wp:featuredmedia":[{"embeddable":true,"href":"https:\/\/notinor.com\/jujuy\/wp-json\/wp\/v2\/media\/182677"}],"wp:attachment":[{"href":"https:\/\/notinor.com\/jujuy\/wp-json\/wp\/v2\/media?parent=182675"}],"wp:term":[{"taxonomy":"category","embeddable":true,"href":"https:\/\/notinor.com\/jujuy\/wp-json\/wp\/v2\/categories?post=182675"},{"taxonomy":"post_tag","embeddable":true,"href":"https:\/\/notinor.com\/jujuy\/wp-json\/wp\/v2\/tags?post=182675"}],"curies":[{"name":"wp","href":"https:\/\/api.w.org\/{rel}","templated":true}]}}