{"id":182672,"date":"2018-07-10T17:21:05","date_gmt":"2018-07-10T20:21:05","guid":{"rendered":"http:\/\/notinor.com\/jujuy\/?p=182672"},"modified":"2018-07-10T17:21:05","modified_gmt":"2018-07-10T20:21:05","slug":"sujetos-aprehendidos-con-secuestro-de-cuchillos","status":"publish","type":"post","link":"https:\/\/notinor.com\/jujuy\/sujetos-aprehendidos-con-secuestro-de-cuchillos\/","title":{"rendered":"Sujetos aprehendidos con secuestro de cuchillos"},"content":{"rendered":"<p class=\"gmail-MsoNoSpacing\"><span lang=\"ES-AR\">En tanto que el otro conocido en \u00e1mbito delictual intent\u00f3 cometer un il\u00edcito en un sector del barrio Gorriti, raz\u00f3n por lo cual los masculinos fueron trasladados hacia la dependencia policial, donde quedaron alojados preventivamente.\u00a0\u00a0\u00a0\u00a0<\/span><\/p>\n<p class=\"gmail-MsoNoSpacing\"><span lang=\"ES-AR\">\u00a0<\/span><span lang=\"ES-AR\">El primer procedimiento se registr\u00f3 alrededor de las 17:10 (domingo), cuando personal Motorizado efectuaba recorridos preventivos por arterias del barrio Gorriti, fueron alertados por transe\u00fantes que en inmediaciones de las escalinatas un grupo de masculinos se hallaba en actitud sospechosa, aparentemente con intenciones de cometer un il\u00edcito. En tal sentido uno de ellos tras una breve persecuci\u00f3n fue interceptado y demorado en calle Echeverr\u00eda y Republica de Siria, cuando \u00e9ste intentaba ocultarse bajo un veh\u00edculo. Posteriormente en sede policial seccional 2da, se estableci\u00f3 que el sujeto de 27 a\u00f1os, es conocido en \u00e1mbito delictual.<\/span><\/p>\n<p class=\"gmail-MsoNoSpacing\"><span lang=\"ES-AR\">\u00a0<\/span><span lang=\"ES-AR\">Mientras que el segundo procedimiento se realiz\u00f3 cerca de la hora 13:30 (lunes), cuando personal policial en la v\u00eda p\u00fablica individualiz\u00f3 a dos sujetos agredi\u00e9ndose entre s\u00ed, m\u00e1s precisamente en un tramo de la calle El Gorri\u00f3n del barrio Hip\u00f3lito Irigoyen, y tras r\u00e1pida intervenci\u00f3n procedi\u00f3 a la aprehensi\u00f3n de los agresores de 28 y 31 a\u00f1os, siendo los mismos trasladado hacia la comisaria seccional 6ta, donde quedaron alojados por averiguaci\u00f3n de antecedentes.<\/span><\/p>\n<p class=\"gmail-MsoNoSpacing\"><span lang=\"ES-AR\">\u00a0<\/span><span lang=\"ES-AR\">Cabe acotar que en la requisa personal, a cada de uno de los protagonistas se les incaut\u00f3 entre sus pertenencias un arma blanca, ambos cuchillos quedaron depositados en calidad se secuestro preventivo.<\/span><\/p>\n","protected":false},"excerpt":{"rendered":"<p>En tanto que el otro conocido en \u00e1mbito delictual intent\u00f3 cometer un il\u00edcito en un sector del barrio Gorriti, raz\u00f3n por lo cual los masculinos fueron trasladados hacia la dependencia policial, donde quedaron alojados preventivamente.\u00a0\u00a0\u00a0\u00a0 \u00a0El primer procedimiento se registr\u00f3 alrededor de las 17:10 (domingo), cuando personal Motorizado efectuaba recorridos preventivos por arterias del barrio [&hellip;]<\/p>\n","protected":false},"author":5,"featured_media":182673,"comment_status":"open","ping_status":"open","sticky":false,"template":"","format":"standard","meta":{"_stopmodifiedupdate":false,"_modified_date":"","inline_featured_image":false},"categories":[3],"tags":[],"jetpack_featured_media_url":"https:\/\/notinor.com\/jujuy\/wp-content\/uploads\/2018\/07\/Foto-Secuestro-cuchillo-al-intentar-sustraer-rueda.jpg","_links":{"self":[{"href":"https:\/\/notinor.com\/jujuy\/wp-json\/wp\/v2\/posts\/182672"}],"collection":[{"href":"https:\/\/notinor.com\/jujuy\/wp-json\/wp\/v2\/posts"}],"about":[{"href":"https:\/\/notinor.com\/jujuy\/wp-json\/wp\/v2\/types\/post"}],"author":[{"embeddable":true,"href":"https:\/\/notinor.com\/jujuy\/wp-json\/wp\/v2\/users\/5"}],"replies":[{"embeddable":true,"href":"https:\/\/notinor.com\/jujuy\/wp-json\/wp\/v2\/comments?post=182672"}],"version-history":[{"count":1,"href":"https:\/\/notinor.com\/jujuy\/wp-json\/wp\/v2\/posts\/182672\/revisions"}],"predecessor-version":[{"id":182674,"href":"https:\/\/notinor.com\/jujuy\/wp-json\/wp\/v2\/posts\/182672\/revisions\/182674"}],"wp:featuredmedia":[{"embeddable":true,"href":"https:\/\/notinor.com\/jujuy\/wp-json\/wp\/v2\/media\/182673"}],"wp:attachment":[{"href":"https:\/\/notinor.com\/jujuy\/wp-json\/wp\/v2\/media?parent=182672"}],"wp:term":[{"taxonomy":"category","embeddable":true,"href":"https:\/\/notinor.com\/jujuy\/wp-json\/wp\/v2\/categories?post=182672"},{"taxonomy":"post_tag","embeddable":true,"href":"https:\/\/notinor.com\/jujuy\/wp-json\/wp\/v2\/tags?post=182672"}],"curies":[{"name":"wp","href":"https:\/\/api.w.org\/{rel}","templated":true}]}}