{"id":182664,"date":"2018-07-10T14:43:18","date_gmt":"2018-07-10T17:43:18","guid":{"rendered":"http:\/\/notinor.com\/jujuy\/?p=182664"},"modified":"2018-07-10T14:43:18","modified_gmt":"2018-07-10T17:43:18","slug":"se-presento-la-policia-turistica-y-proximamente-inauguraran-oficina","status":"publish","type":"post","link":"https:\/\/notinor.com\/jujuy\/se-presento-la-policia-turistica-y-proximamente-inauguraran-oficina\/","title":{"rendered":"Se present\u00f3 la polic\u00eda tur\u00edstica y pr\u00f3ximamente inaugurar\u00e1n oficina"},"content":{"rendered":"<p><img decoding=\"async\" loading=\"lazy\" class=\"alignnone wp-image-182667 size-large\" src=\"http:\/\/notinor.com\/jujuy\/wp-content\/uploads\/2018\/07\/WhatsApp-Image-2018-07-10-at-2.38.21-PM-840x473.jpeg\" alt=\"\" width=\"840\" height=\"473\" srcset=\"https:\/\/notinor.com\/jujuy\/wp-content\/uploads\/2018\/07\/WhatsApp-Image-2018-07-10-at-2.38.21-PM-840x473.jpeg 840w, https:\/\/notinor.com\/jujuy\/wp-content\/uploads\/2018\/07\/WhatsApp-Image-2018-07-10-at-2.38.21-PM-649x365.jpeg 649w, https:\/\/notinor.com\/jujuy\/wp-content\/uploads\/2018\/07\/WhatsApp-Image-2018-07-10-at-2.38.21-PM-768x432.jpeg 768w, https:\/\/notinor.com\/jujuy\/wp-content\/uploads\/2018\/07\/WhatsApp-Image-2018-07-10-at-2.38.21-PM.jpeg 1280w\" sizes=\"(max-width: 840px) 100vw, 840px\" \/><\/p>\n<p>Seg\u00fan el proyecto se\u00a0 busca acompa\u00f1ar y orientar a los turistas que visitan la provincia, funcionar\u00e1, en una primera etapa, solo en la capital juje\u00f1a para despu\u00e9s extender esta divisi\u00f3n al interior.<\/p>\n<p>La iniciativa, seg\u00fan destacaron los funcionarios, \u00a0busca acompa\u00f1ar el proyecto de gobierno provincial de posicionar a Jujuy dentro\u00a0 del escenario tur\u00edstico mundial.<\/p>\n<p>La divisi\u00f3n de polic\u00eda tur\u00edstica, que depende del comando seguridad y prevenci\u00f3n ciudadana, apunta de esta forma a elevar la calidad de seguridad que se le brinda a los turistas en el contexto de la seguridad p\u00fablica y ciudadana.<\/p>\n<p>Al \u00a0respecto, el ministro de Seguridad Ekel Meyer explic\u00f3 que, adem\u00e1s del equipamiento y de los veh\u00edculos nuevos,\u00a0cada polic\u00eda fue capacitado en tres idiomas, historia, geograf\u00eda \u00a0y otros aspectos que hacen a la atenci\u00f3n al turista.<\/p>\n<p>Refiri\u00f3 adem\u00e1s que cada efectivo cuenta con una tablet preparada para proporcionar informaci\u00f3n tal como gu\u00edas de viaje, lugares en donde comer, sitios hist\u00f3ricos, recorridos, circuitos, mapas entre otros.<\/p>\n<p>Finalmente, Meyer indic\u00f3 \u201cqueremos que el turista se sienta bien atendido, que cada vez que lleguen a Jujuy puedan tener confianza en nuestro personal policial\u201d, concluy\u00f3.<\/p>\n","protected":false},"excerpt":{"rendered":"<p>Seg\u00fan el proyecto se\u00a0 busca acompa\u00f1ar y orientar a los turistas que visitan la provincia, funcionar\u00e1, en una primera etapa, solo en la capital juje\u00f1a para despu\u00e9s extender esta divisi\u00f3n al interior. La iniciativa, seg\u00fan destacaron los funcionarios, \u00a0busca acompa\u00f1ar el proyecto de gobierno provincial de posicionar a Jujuy dentro\u00a0 del escenario tur\u00edstico mundial. La [&hellip;]<\/p>\n","protected":false},"author":1,"featured_media":182666,"comment_status":"open","ping_status":"open","sticky":false,"template":"","format":"standard","meta":{"_stopmodifiedupdate":false,"_modified_date":"","inline_featured_image":false},"categories":[2],"tags":[],"jetpack_featured_media_url":"https:\/\/notinor.com\/jujuy\/wp-content\/uploads\/2018\/07\/POLICIA-TURISTICA.jpg","_links":{"self":[{"href":"https:\/\/notinor.com\/jujuy\/wp-json\/wp\/v2\/posts\/182664"}],"collection":[{"href":"https:\/\/notinor.com\/jujuy\/wp-json\/wp\/v2\/posts"}],"about":[{"href":"https:\/\/notinor.com\/jujuy\/wp-json\/wp\/v2\/types\/post"}],"author":[{"embeddable":true,"href":"https:\/\/notinor.com\/jujuy\/wp-json\/wp\/v2\/users\/1"}],"replies":[{"embeddable":true,"href":"https:\/\/notinor.com\/jujuy\/wp-json\/wp\/v2\/comments?post=182664"}],"version-history":[{"count":2,"href":"https:\/\/notinor.com\/jujuy\/wp-json\/wp\/v2\/posts\/182664\/revisions"}],"predecessor-version":[{"id":182668,"href":"https:\/\/notinor.com\/jujuy\/wp-json\/wp\/v2\/posts\/182664\/revisions\/182668"}],"wp:featuredmedia":[{"embeddable":true,"href":"https:\/\/notinor.com\/jujuy\/wp-json\/wp\/v2\/media\/182666"}],"wp:attachment":[{"href":"https:\/\/notinor.com\/jujuy\/wp-json\/wp\/v2\/media?parent=182664"}],"wp:term":[{"taxonomy":"category","embeddable":true,"href":"https:\/\/notinor.com\/jujuy\/wp-json\/wp\/v2\/categories?post=182664"},{"taxonomy":"post_tag","embeddable":true,"href":"https:\/\/notinor.com\/jujuy\/wp-json\/wp\/v2\/tags?post=182664"}],"curies":[{"name":"wp","href":"https:\/\/api.w.org\/{rel}","templated":true}]}}