{"id":182658,"date":"2018-07-10T11:13:54","date_gmt":"2018-07-10T14:13:54","guid":{"rendered":"http:\/\/notinor.com\/jujuy\/?p=182658"},"modified":"2018-07-10T11:13:55","modified_gmt":"2018-07-10T14:13:55","slug":"el-uso-excesivo-del-calefactor-causa-cuadros-respiratorios","status":"publish","type":"post","link":"https:\/\/notinor.com\/jujuy\/el-uso-excesivo-del-calefactor-causa-cuadros-respiratorios\/","title":{"rendered":"El uso excesivo del calefactor causa cuadros respiratorios"},"content":{"rendered":"<p><a href=\"http:\/\/notinor.com\/jujuy\/el-uso-excesivo-del-calefactor-causa-cuadros-respiratorios\/1-3051\/\" rel=\"attachment wp-att-182659\"><img decoding=\"async\" loading=\"lazy\" src=\"http:\/\/notinor.com\/jujuy\/wp-content\/uploads\/2018\/07\/1-73-699x480.jpg\" alt=\"\" width=\"699\" height=\"480\" \/><\/a><\/p>\n<p>&nbsp;<\/p>\n<p>Esta situaci\u00f3n hace que el sistema sea m\u00e1spropenso al ingreso de virus o bacterias al organismo\u00a0y es el detonante para la aparici\u00f3n decuadros respiratorios.<\/p>\n<p>El uso indebido incide en la aparici\u00f3n de\u00a0infecci\u00f3n respiratoria\u00a0hasta cuadros bronquiales, advierte el doctor Luis Costas Gastiaburo, jefe del Servicio de Otorrinolaringolog\u00eda del Hospital de Cl\u00ednicas.<\/p>\n<p>\u201cEn estos d\u00edas fr\u00edos, mucha gente consulta porque tiene\u00a0problema de garganta, problema de\u00a0congesti\u00f3n nasal, tiene dificultad para respirar y eso es ocasionado y acentuado por el\u00a0abuso del aire acondicionado con temperatura elevada\u201d.<\/p>\n<p>Muchos pacientes, en especial ni\u00f1os, consultan en el Hospital de Cl\u00ednicas por molestias de garganta, otitis y rinitis, que aseguran que usaron\u00a0calefactor.<\/p>\n<p>CONSECUENCIAS. Los dispositivos \u201cmandan aire caliente seco. Las v\u00edas respiratorias en particular funcionan naturalmente\u00a0con humedad. Se produce casi un litro de secreci\u00f3n mucosa para humedecer, filtrar y entibiar el aire que va a los\u00a0pulmones. Ese aire seco, seca las v\u00edas respiratorias mucosas, y se\u00a0forman costras, que despu\u00e9s con la dificultad para eliminar facilita que se\u00a0infecte\u201d.<\/p>\n<p>Es decir, el mecanismo de defensa\u00a0no funciona al secarse\u00a0por lo que se generan los\u00a0cuadros infecciosos. Si se usa el aire a 30 grados por un extenso periodo de tiempo, causa dolor de cabeza, sequedad en los ojos, congesti\u00f3n nasal y tos seca irritativa.<\/p>\n<p>En los pa\u00edses con mucho fr\u00edo se usa calefactores con aceite o gas y no emanan aire seco como los acondicionadores de aire el\u00e9ctricos, se\u00f1al\u00f3 el doctor Costas. En ese sentido, recomend\u00f3 solo usar para\u00a0entibiar\u00a0la habitaci\u00f3n y luego\u00a0apagar.<\/p>\n","protected":false},"excerpt":{"rendered":"<p>&nbsp; Esta situaci\u00f3n hace que el sistema sea m\u00e1spropenso al ingreso de virus o bacterias al organismo\u00a0y es el detonante para la aparici\u00f3n decuadros respiratorios. El uso indebido incide en la aparici\u00f3n de\u00a0infecci\u00f3n respiratoria\u00a0hasta cuadros bronquiales, advierte el doctor Luis Costas Gastiaburo, jefe del Servicio de Otorrinolaringolog\u00eda del Hospital de Cl\u00ednicas. \u201cEn estos d\u00edas fr\u00edos, [&hellip;]<\/p>\n","protected":false},"author":1,"featured_media":182659,"comment_status":"open","ping_status":"open","sticky":false,"template":"","format":"standard","meta":{"_stopmodifiedupdate":false,"_modified_date":"","inline_featured_image":false},"categories":[13],"tags":[],"jetpack_featured_media_url":"https:\/\/notinor.com\/jujuy\/wp-content\/uploads\/2018\/07\/1-73.jpg","_links":{"self":[{"href":"https:\/\/notinor.com\/jujuy\/wp-json\/wp\/v2\/posts\/182658"}],"collection":[{"href":"https:\/\/notinor.com\/jujuy\/wp-json\/wp\/v2\/posts"}],"about":[{"href":"https:\/\/notinor.com\/jujuy\/wp-json\/wp\/v2\/types\/post"}],"author":[{"embeddable":true,"href":"https:\/\/notinor.com\/jujuy\/wp-json\/wp\/v2\/users\/1"}],"replies":[{"embeddable":true,"href":"https:\/\/notinor.com\/jujuy\/wp-json\/wp\/v2\/comments?post=182658"}],"version-history":[{"count":2,"href":"https:\/\/notinor.com\/jujuy\/wp-json\/wp\/v2\/posts\/182658\/revisions"}],"predecessor-version":[{"id":182661,"href":"https:\/\/notinor.com\/jujuy\/wp-json\/wp\/v2\/posts\/182658\/revisions\/182661"}],"wp:featuredmedia":[{"embeddable":true,"href":"https:\/\/notinor.com\/jujuy\/wp-json\/wp\/v2\/media\/182659"}],"wp:attachment":[{"href":"https:\/\/notinor.com\/jujuy\/wp-json\/wp\/v2\/media?parent=182658"}],"wp:term":[{"taxonomy":"category","embeddable":true,"href":"https:\/\/notinor.com\/jujuy\/wp-json\/wp\/v2\/categories?post=182658"},{"taxonomy":"post_tag","embeddable":true,"href":"https:\/\/notinor.com\/jujuy\/wp-json\/wp\/v2\/tags?post=182658"}],"curies":[{"name":"wp","href":"https:\/\/api.w.org\/{rel}","templated":true}]}}