{"id":18265,"date":"2015-03-04T08:17:42","date_gmt":"2015-03-04T11:17:42","guid":{"rendered":"http:\/\/notinor.com\/jujuy\/?p=18265"},"modified":"2015-03-04T08:22:30","modified_gmt":"2015-03-04T11:22:30","slug":"mientras-jujuy-envio-funcionarios-a-ronda-de-negocios-romero-asegura-que-salta-tendra-un-puerto-en-chile","status":"publish","type":"post","link":"https:\/\/notinor.com\/jujuy\/mientras-jujuy-envio-funcionarios-a-ronda-de-negocios-romero-asegura-que-salta-tendra-un-puerto-en-chile\/","title":{"rendered":"Mientras Jujuy dormita, Romero asegura que Salta tendr\u00e1 un puerto en Chile"},"content":{"rendered":"<div id=\"readerZenv65100v1-title\" class=\"title\">\n<p>El gobierno de Eduardo Fellner no fu\u00e9 capaz de abrir alternativas de valor amplias y distributivas, por el contrario, el \u00edndice de empleo industrial en una d\u00e9cada se redujo a la mitad. Las incursiones en litio y miner\u00eda no produjeron el derrame que la provincia necesita para brindar oportunidades de empleo.<\/p>\n<p>En este contexto la gesti\u00f3n comercial que se realiz\u00f3 la semana pasada qued\u00f3 ridiculizada por la capacidad visionaria y emprendedora del candidato a gobernador de Salta Juan Carlos Romero que sin estar al frente de la provincia comprometi\u00f3 la construcci\u00f3n de un puerto de Salta en Chile para liderar la ruta comercial de la costa del Pac\u00edfico y el Asia, dejando en la fila a Jujuy desde ahora.<\/p>\n<p>Para eso, Romero viaj\u00f3 a la ciudad chilena de Antofagasta, donde se reuni\u00f3 con autoridades del puerto local. All\u00ed asegur\u00f3 que \"Salta tendr\u00e1 un puerto en Chile\".<\/p>\n<p>El candidato a gobernador de Salta, Juan Carlos Romero, se comprometi\u00f3 en caso de asumir el tim\u00f3n de la provincia en diciembre pr\u00f3ximo, a impulsar el establecimiento de un puerto en la ciudad chilena de Antofagasta, donde estuvo en los \u00faltimos d\u00edas con autoridades locales.<\/p>\n<p>La iniciativa permitir\u00eda a Salta importar pero, sobre todo, exportar sus productos y materias primas a distintos pa\u00edses de la Costa Pac\u00edfico como a mercados de ultramar.<\/p>\n<p><a href=\"http:\/\/notinor.com\/jujuy\/wp-content\/uploads\/2015\/03\/54f5cfcbf0fd6_660_360.jpg\"><img decoding=\"async\" loading=\"lazy\" class=\"alignnone size-full wp-image-18266\" src=\"http:\/\/notinor.com\/jujuy\/wp-content\/uploads\/2015\/03\/54f5cfcbf0fd6_660_360.jpg\" alt=\"54f5cfcbf0fd6_660_360!\" width=\"660\" height=\"360\" srcset=\"https:\/\/notinor.com\/jujuy\/wp-content\/uploads\/2015\/03\/54f5cfcbf0fd6_660_360.jpg 660w, https:\/\/notinor.com\/jujuy\/wp-content\/uploads\/2015\/03\/54f5cfcbf0fd6_660_360-300x163.jpg 300w\" sizes=\"(max-width: 660px) 100vw, 660px\" \/><\/a><\/p>\n<\/div>\n<div class=\"author-summary\">\n<p>\u201cEsta iniciativa potenciar\u00e1 la comercializaci\u00f3n de nuestros productos mineros y materias primas, pero, lo m\u00e1s importante, implicar\u00e1 la creaci\u00f3n y demanda permanente de miles de puestos de trabajo salte\u00f1os en diversas actividades como las relacionadas al transporte y al comercio exterior y empresas de servicios\u201d, asegur\u00f3.<\/p>\n<p>En ese sentido, ampli\u00f3: \u201cNuestros hijos ya no tendr\u00e1n que migrar a otras provincias en busca de una oportunidad laboral, ya que Salta ser\u00e1 un polo de atracci\u00f3n comercial\u201d.<\/p>\n<p>Para su concreci\u00f3n, Romero propicia la conformaci\u00f3n de un ente binacional integrado por operadores privados chilenos y Salta. A la vez que conf\u00eda en la reactivaci\u00f3n del ramal C14, que une a Salta con Chile.<\/p>\n<p>As\u00ed nuestra provincia podr\u00e1 operar desde el Puerto de Antofagasta, a tan s\u00f3lo 665 kil\u00f3metros de distancia, cuando actualmente lo hace desde el puerto de Rosario, a 1276 kil\u00f3metros, o de Buenos Aires, a 1560 kil\u00f3metros, reduciendo el elevado costo log\u00edstico-vial (fletes mar\u00edtimos, ferroviarios, entre otros) y de almacenamiento de las mercader\u00edas.<\/p>\n<p>&nbsp;<\/p>\n<\/div>\n","protected":false},"excerpt":{"rendered":"<p>El gobierno de Eduardo Fellner no fu\u00e9 capaz de abrir alternativas de valor amplias y distributivas, por el contrario, el \u00edndice de empleo industrial en una d\u00e9cada se redujo a la mitad. Las incursiones en litio y miner\u00eda no produjeron el derrame que la provincia necesita para brindar oportunidades de empleo. En este contexto la [&hellip;]<\/p>\n","protected":false},"author":1,"featured_media":18266,"comment_status":"open","ping_status":"open","sticky":false,"template":"","format":"standard","meta":{"_stopmodifiedupdate":false,"_modified_date":"","inline_featured_image":false,"spay_email":"","jetpack_publicize_message":""},"categories":[485],"tags":[],"jetpack_featured_media_url":"https:\/\/notinor.com\/jujuy\/wp-content\/uploads\/2015\/03\/54f5cfcbf0fd6_660_360.jpg","jetpack_publicize_connections":[],"_links":{"self":[{"href":"https:\/\/notinor.com\/jujuy\/wp-json\/wp\/v2\/posts\/18265"}],"collection":[{"href":"https:\/\/notinor.com\/jujuy\/wp-json\/wp\/v2\/posts"}],"about":[{"href":"https:\/\/notinor.com\/jujuy\/wp-json\/wp\/v2\/types\/post"}],"author":[{"embeddable":true,"href":"https:\/\/notinor.com\/jujuy\/wp-json\/wp\/v2\/users\/1"}],"replies":[{"embeddable":true,"href":"https:\/\/notinor.com\/jujuy\/wp-json\/wp\/v2\/comments?post=18265"}],"version-history":[{"count":4,"href":"https:\/\/notinor.com\/jujuy\/wp-json\/wp\/v2\/posts\/18265\/revisions"}],"predecessor-version":[{"id":18270,"href":"https:\/\/notinor.com\/jujuy\/wp-json\/wp\/v2\/posts\/18265\/revisions\/18270"}],"wp:featuredmedia":[{"embeddable":true,"href":"https:\/\/notinor.com\/jujuy\/wp-json\/wp\/v2\/media\/18266"}],"wp:attachment":[{"href":"https:\/\/notinor.com\/jujuy\/wp-json\/wp\/v2\/media?parent=18265"}],"wp:term":[{"taxonomy":"category","embeddable":true,"href":"https:\/\/notinor.com\/jujuy\/wp-json\/wp\/v2\/categories?post=18265"},{"taxonomy":"post_tag","embeddable":true,"href":"https:\/\/notinor.com\/jujuy\/wp-json\/wp\/v2\/tags?post=18265"}],"curies":[{"name":"wp","href":"https:\/\/api.w.org\/{rel}","templated":true}]}}