{"id":18259,"date":"2015-03-04T07:42:27","date_gmt":"2015-03-04T10:42:27","guid":{"rendered":"http:\/\/notinor.com\/jujuy\/?p=18259"},"modified":"2015-03-04T11:04:23","modified_gmt":"2015-03-04T14:04:23","slug":"ucr-propone-comision-2016-para-investigar-la-corrupcion-de-fellner","status":"publish","type":"post","link":"https:\/\/notinor.com\/jujuy\/ucr-propone-comision-2016-para-investigar-la-corrupcion-de-fellner\/","title":{"rendered":"UCR propone comisi\u00f3n 2016 para investigar la corrupci\u00f3n de Fellner"},"content":{"rendered":"<div id=\"ecxyui_3_16_0_1_1425378377939_8055\" class=\"\" style=\"text-align: justify;\" align=\"center\">El senador nacional Gerardo Morales, precandidato a Gobernador por Jujuy, mantuvo un encuentro informal con trabajadores de prensa de la provincia en el Instituto de Pol\u00edticas P\u00fablicas, -\u00f3rgano t\u00e9cnico que trabaja en la formulaci\u00f3n de un programa alternativo de gobierno. All\u00ed analiz\u00f3 diversos temas de la agenda pol\u00edtica y en particular anticip\u00f3 algunas l\u00edneas del plan de gobierno que el radicalismo y el frente que constituya, propondr\u00e1 a la sociedad en los comicios de octubre. Morales se refiri\u00f3 a temas nodales como la lucha contra la corrupci\u00f3n, la transparencia, la mejora de la justicia, la pol\u00edtica social y la necesidad de generar condiciones para potenciar la producci\u00f3n. Tambi\u00e9n anticip\u00f3 la postura que llevar\u00e1 a la Convenci\u00f3n Nacional de la UCR que se realizar\u00e1 en Gualeguaych\u00fa (Entre R\u00edos) el 14 de este mes y donde el radicalismo deber\u00e1 adoptar una decisi\u00f3n estrat\u00e9gica de cara a los comicios de este a\u00f1o.<\/div>\n<div class=\"\"><span class=\"\"><span class=\"\">\u00a0<\/span><\/span><\/div>\n<div class=\"\"><b class=\"\"><span class=\"\">CORRUPCI\u00d3N<\/span><\/b><\/div>\n<div class=\"\"><b class=\"\"><span class=\"\">HACIA UNA COMISION INVESTIGADORA<\/span><\/b><\/div>\n<div class=\"\"><span class=\"\">\u00a0<\/span><\/div>\n<div id=\"ecxyui_3_16_0_1_1425378377939_10185\" class=\"\"><span id=\"ecxyui_3_16_0_1_1425378377939_10184\" class=\"\">\u201cSi nos toca gobernar, vamos a ver cosas que hoy no vemos. Y todo lo que est\u00e9 mal lo vamos a poner a consideraci\u00f3n de la justicia\u201d sentenci\u00f3 el l\u00eder radical y habl\u00f3 de la urgencia que tiene el combate contra la corrupci\u00f3n y la generaci\u00f3n de mecanismos de transparencia para habilitar el control ciudadano sobre la gesti\u00f3n p\u00fablica.<\/span><\/div>\n<div id=\"ecxyui_3_16_0_1_1425378377939_10674\" class=\"\"><span id=\"ecxyui_3_16_0_1_1425378377939_10673\" class=\"\">\u201cMuchos dicen que no hay que mirar para atr\u00e1s. Yo creo que hay que mirar a todos lados, atr\u00e1s, adelante y a los costados\u201d asever\u00f3 a la prensa y se\u00f1al\u00f3 que de acceder a la Gobernaci\u00f3n, promover\u00e1 la investigaci\u00f3n de todas las irregularidades de los actos que pudieren haber afectado el correcto manejo de los fondos p\u00fablicos. Para ello, precis\u00f3, propondr\u00e1 laceraci\u00f3n de una Comisi\u00f3n Investigadora ad hoc constituida por personas notables y expertas \u2013independientes de los partidos pol\u00edticos- que puedan llevar delante un trabajo preliminar de investigaci\u00f3n para elevar los resultados a la justicia.<\/span><\/div>\n<div id=\"ecxyui_3_16_0_1_1425378377939_7900\" class=\"\"><span id=\"ecxyui_3_16_0_1_1425378377939_10675\" class=\"\">\u201cDebe ser una comisi\u00f3n independiente, para aventar cualquier sospecha de persecuci\u00f3n y de parcialidad. Pero adem\u00e1s debe ser una comisi\u00f3n prestigiosa que trabaje para analizar situaciones y eventualmente derivarlas a la justicia\u201d agreg\u00f3 Morales.<\/span><\/div>\n<div id=\"ecxyui_3_16_0_1_1425378377939_10677\" class=\"\"><span id=\"ecxyui_3_16_0_1_1425378377939_10676\" class=\"\">En este contexto, destac\u00f3 la necesidad de implementar mecanismos de transparencia activa, para terminar con el oscurantismo en el que ha gestionado el Estado provincial y que ha privado a los ciudadanos de conocer c\u00f3mo se manejan los fondos y consecuentemente ha generado condiciones para la arbitrariedad, la discrecionalidad y la corrupci\u00f3n.<\/span><\/div>\n<div id=\"ecxyui_3_16_0_1_1425378377939_10679\" class=\"\"><span id=\"ecxyui_3_16_0_1_1425378377939_10678\" class=\"\">\u201cLa mejor garant\u00eda para cuidar los recursos p\u00fablicos es el control de la gente\u201d defini\u00f3 y refiri\u00f3 que se trata de un tema fundamental para mejorar la administraci\u00f3n de recursos, evitar el drenaje de fondos hacia la corrupci\u00f3n, y hacia pr\u00e1cticas como la sobrefacturaci\u00f3n de la obra p\u00fablica y garantizar que los recursos p\u00fablicos se destinen al bien com\u00fan.<\/span><\/div>\n<div class=\"\"><span class=\"\">\u00a0<\/span><\/div>\n<div class=\"\"><b class=\"\"><span class=\"\">POR UNA JUSTICIA MEJOR:<\/span><\/b><\/div>\n<div class=\"\"><b class=\"\"><span class=\"\">MEJORES JUECES, MEJOR SERVICIO<\/span><\/b><\/div>\n<div class=\"\"><span class=\"\">\u00a0<\/span><\/div>\n<div id=\"ecxyui_3_16_0_1_1425378377939_10681\" class=\"\"><span id=\"ecxyui_3_16_0_1_1425378377939_10680\" class=\"\">Tambi\u00e9n en esta l\u00ednea, Morales \u2013quien preside el radicalismo juje\u00f1o- abord\u00f3 la mejora del sistema de administraci\u00f3n de justicia en la provincia. A prop\u00f3sito record\u00f3 que la UCR viene proponiendo desde hace varios a\u00f1os mecanismos de selecci\u00f3n de jueces sin reforma constitucional. <span class=\"\">\u00a0<\/span>Precis\u00f3 que es fundamental mejorar la selecci\u00f3n de magistrados, para lo cual indic\u00f3 las ternas que se propongan debe constituirse en el marco de un concurso de antecedentes y oposici\u00f3n. \u201cHay que obstaculizar las ternas que no vengan con concursos\u201d dijo y agreg\u00f3 que junto con esto debe impulsarse un fuerte proceso de profesionalizaci\u00f3n de la justicia, con una Escuela Judicial que permita la formaci\u00f3n continua y la actualizaci\u00f3n de los operadores de justicia. Y adem\u00e1s, acot\u00f3, deben funcionar de manera correctamente los mecanismos de control y sanci\u00f3n.<\/span><\/div>\n<div class=\"\"><span class=\"\">Dijo el precandidato a Gobernador que \u201ctenemos pensado hacer una fuerte inversi\u00f3n en materia de justicia\u201d, no s\u00f3lo para mejorar el sistema de selecci\u00f3n de jueces y el servicio mismo, sino tambi\u00e9n para hacerlo m\u00e1s accesible en todo el territorio provincial.<\/span><\/div>\n<div id=\"ecxyui_3_16_0_1_1425378377939_11312\" class=\"\"><span id=\"ecxyui_3_16_0_1_1425378377939_11311\" class=\"\"><span class=\"\">\u00a0<\/span>\u201cHay que llevar justicia a la gente. Actualmente en el interior no hay justicia, porque la gente no tiene alcance. Tenemos que tener m\u00e1s centros judiciales en el interior, con juzgados civiles y comerciales. No puede ser que la gente del interior \u2013salvo San Pedro- tenga que venir a Capital, donde se ha producido una concentraci\u00f3n de <span class=\"\">\u00a0<\/span>servicios\u201d defini\u00f3 y se\u00f1al\u00f3 que implementar\u00e1 una pol\u00edtica para llevar el servicio de justicia <span class=\"\">\u00a0<\/span>a las comunidades del interior.<\/span><\/div>\n<div id=\"ecxyui_3_16_0_1_1425378377939_11314\" class=\"\"><span id=\"ecxyui_3_16_0_1_1425378377939_11313\" class=\"\">La justicia puede ser mejorada sin reforma constitucional, se requiere decisi\u00f3n pol\u00edtica y un fuerte compromiso con un valor central en la construcci\u00f3n de la democracia y la rep\u00fablica.<\/span><\/div>\n<div id=\"ecxyui_3_16_0_1_1425378377939_11315\" class=\"\"><span class=\"\">\u00a0<\/span><\/div>\n<div id=\"ecxyui_3_16_0_1_1425378377939_11318\" class=\"\"><b id=\"ecxyui_3_16_0_1_1425378377939_11317\" class=\"\"><span id=\"ecxyui_3_16_0_1_1425378377939_11316\" class=\"\">REFORMA CONSTITUCIONAL<\/span><\/b><\/div>\n<div id=\"ecxyui_3_16_0_1_1425378377939_11321\" class=\"\"><b id=\"ecxyui_3_16_0_1_1425378377939_11320\" class=\"\"><span id=\"ecxyui_3_16_0_1_1425378377939_11319\" class=\"\">LO QUE HAY<span class=\"\">\u00a0 <\/span>DETR\u00c1S,<\/span><\/b><\/div>\n<div id=\"ecxyui_3_16_0_1_1425378377939_11324\" class=\"\"><b id=\"ecxyui_3_16_0_1_1425378377939_11323\" class=\"\"><span id=\"ecxyui_3_16_0_1_1425378377939_11322\" class=\"\">CAMBIOS ELECTORALES<\/span><\/b><\/div>\n<div id=\"ecxyui_3_16_0_1_1425378377939_11325\" class=\"\"><span class=\"\">\u00a0<\/span><\/div>\n<div class=\"\"><span class=\"\">Gerardo Morales volvi\u00f3 a rechazar la oportunidad del debate sobre<span class=\"\">\u00a0 <\/span>la reforma constitucional en Jujuy, a la que calific\u00f3 de oportunista. Observ\u00f3 que detr\u00e1s de lo que el oficialismo enuncia como contenido de la reforma, hay otros fines no expresados, como generar mecanismos para retener el poder, modificar las reglas electorales y eventualmente habilitar lo que hoy proh\u00edbe la Constituci\u00f3n: que un familiar del gobernador pueda acceder a la primer magistratura.<\/span><\/div>\n<div id=\"ecxyui_3_16_0_1_1425378377939_10687\" class=\"\"><span id=\"ecxyui_3_16_0_1_1425378377939_10686\" class=\"\">\u201cEl gobierno no quiere m\u00e1s calidad institucional, sino mecanismos para retener el poder\u201d afirm\u00f3 Morales y fustig\u00f3 cualquier intento que se haga de modificar las reglas electorales, como la reinstauraci\u00f3n de la ley de lemas. Volvi\u00f3 a indicar que de restablecerse el sistema de lemas, el radicalismo recurrir\u00e1 a la justicia por que se trata de una norma inconstitucional, que estimular\u00e1 m\u00e1s divisiones y m\u00e1s confrontaci\u00f3n.<\/span><\/div>\n<div class=\"\"><span class=\"\">No descart\u00f3 Morales que el oficialismo avance en soledad con el cambio del C\u00f3digo Electoral Provincial, que podr\u00eda incluir primarias abiertas para las candidaturas provinciales y lemas para las municipales. \u201cYa lo hicieron con la ley de paritarias, pueden hacerlo con este tema tambi\u00e9n\u201d alert\u00f3 Morales.<\/span><\/div>\n<div class=\"\"><span class=\"\">Record\u00f3 Morales que el radicalismo en la Legislatura ya anticip\u00f3 su rechazo, pero adem\u00e1s indic\u00f3 que de avanzar el oficialismo sin el consenso de quienes se impusieron en los \u00faltimos comicios, ser\u00eda un acto de enorme torpeza pol\u00edtica.<\/span><\/div>\n<div class=\"\"><span class=\"\">\u201cNo estamos de acuerdo con que el gobierno modifique el C\u00f3digo electoral a su antojo. Por eso, vamos a repeler ese intento y vamos a reservarnos las acciones judiciales necesarias\u201d advirti\u00f3.<\/span><\/div>\n<div class=\"\"><span class=\"\">Consider\u00f3 Morales que al recambio institucional que ocurrir\u00e1 despu\u00e9s del 10 de diciembre debe suceder la reconstrucci\u00f3n del di\u00e1logo pol\u00edtico y social. Y que entonces ser\u00e1 oportuno generar el debate sobre la reforma constitucional con la participaci\u00f3n de toda la sociedad, sin el corset electoral. \u201cLa Constituci\u00f3n no es de los partidos, es del pueblo, de l agente y por eso hay que abrir el debate.<\/span><\/div>\n<div class=\"\"><span class=\"\">\u00a0<\/span><\/div>\n<div id=\"ecxyui_3_16_0_1_1425378377939_10718\" class=\"\"><span class=\"\">\u00a0<\/span><\/div>\n<div id=\"ecxyui_3_16_0_1_1425378377939_10717\" class=\"\"><b class=\"\"><span class=\"\">VIOLENCIA IMPUNE<\/span><\/b><\/div>\n<div id=\"ecxyui_3_16_0_1_1425378377939_10716\" class=\"\"><span class=\"\">\u00a0<\/span><\/div>\n<div id=\"ecxyui_3_16_0_1_1425378377939_10715\" class=\"\"><span id=\"ecxyui_3_16_0_1_1425378377939_10714\" class=\"\">\u201cEl cuestionamiento que hago es por el clima de violencia que se ha generado en Jujuy\u201d dijo Morales al ser consultado por la prensa sobre las recientes amenazas que sufriera a trav\u00e9s de volantes y pintadas callejeras con fotos del Fiscal Nisman donde le advert\u00edan \u201cTe va a ir igual si no dej\u00e1s todo\u201d.<\/span><\/div>\n<div id=\"ecxyui_3_16_0_1_1425378377939_10713\" class=\"\"><span class=\"\">La causa se encuentra radicada en sede judicial y a la misma se han incorporado pruebas, como filmaciones del sistema de video c\u00e1mara de la sede partidaria.<\/span><\/div>\n<div class=\"\"><span class=\"\">\u201cHemos aportado pruebas, pero lamentablemente en Jujuy se delinque de manera impune, sin que nadie haga nada\u201d dijo y se\u00f1al\u00f3 que del sistema de c\u00e1maras de seguridad que se encuentran en la v\u00eda p\u00fablica, cerca de la mitad de c\u00e1maras no estar\u00eda funcionando. \u201cHay un problema de inseguridad enorme\u201d asever\u00f3 e inscribi\u00f3 la problem\u00e1tica dentro de una sociedad donde reina la anomia, la violencia y la impunidad.<\/span><\/div>\n<div id=\"ecxyui_3_16_0_1_1425378377939_10712\" class=\"\"><span id=\"ecxyui_3_16_0_1_1425378377939_10711\" class=\"\">\u201cHay que salir del caos, de la violencia, de la confrontaci\u00f3n y de la impunidad\u201d expres\u00f3 Morales y se\u00f1al\u00f3 el enorme desaf\u00edo de recuperaci\u00f3n de la calidad institucional, de la vida democr\u00e1tica y de la convivencia social, que ser\u00e1n las bases fundamentales para conducir a Jujuy hacia el progreso.<\/span><\/div>\n<div id=\"ecxyui_3_16_0_1_1425378377939_10710\" class=\"\"><span class=\"\">\u00a0<\/span><\/div>\n<div class=\"\"><b class=\"\"><span class=\"\">PLANES SOCIALES Y COOPERATIVAS:<\/span><\/b><\/div>\n<div id=\"ecxyui_3_16_0_1_1425378377939_10709\" class=\"\"><b class=\"\"><span class=\"\">MAS INCLUSION, MAS DERECHOS<\/span><\/b><\/div>\n<div id=\"ecxyui_3_16_0_1_1425378377939_10708\" class=\"\"><span id=\"ecxyui_3_16_0_1_1425378377939_10707\" class=\"\">\u201cLos beneficiarios de planes sociales y los cooperativistas van a estar mejor conmigo que con Fellner\u201d asegur\u00f3 Morales y rechaz\u00f3 de manera enf\u00e1tica que el radicalismo vaya a cercenar los fondos de la pol\u00edtica social. Dijo que no solo se van a mantener los recursos, sino que adem\u00e1s los planes sociales que han garantizado movilidad social deben ser conservados, con un perfil que garantice m\u00e1s inclusi\u00f3n, m\u00e1s derechos y m\u00e1s libertades\u201d. Tambi\u00e9n \u201dvamos potenciar a las cooperativas de la construcci\u00f3n para que sus trabajadores mejoren sus ingresos y vayan hacia la formalidad\u201d.<\/span><\/div>\n<div id=\"ecxyui_3_16_0_1_1425378377939_10693\" class=\"\"><span id=\"ecxyui_3_16_0_1_1425378377939_10692\" class=\"\">Anticip\u00f3 que desde la UCR y desde el Instituto de Pol\u00edticas P\u00fablicas, se est\u00e1 trabajando en un programa destinado a ampliar el acceso a la vivienda, fortalecer la participaci\u00f3n ciudadana en mecanismos de control y potenciar a las cooperativas y a las peque\u00f1as constructoras. El programa, entre sus diversos componentes, incluye la mejora de los ingresos de los cooperativistas, para equipararlos a lo establecido en el convenio del sector de la construcci\u00f3n (UOCRA).<\/span><\/div>\n<div id=\"ecxyui_3_16_0_1_1425378377939_10695\" class=\"\"><span id=\"ecxyui_3_16_0_1_1425378377939_10694\" class=\"\">Valor\u00f3 Morales el trabajo de las cooperativas de la construcci\u00f3n, que han atesorado un conocimiento que debe ser capitalizado en la profundizaci\u00f3n de un esquema que les permita inserci\u00f3n y crecimiento.<\/span><\/div>\n<div class=\"\"><span class=\"\">\u00a0<\/span><\/div>\n<div class=\"\"><b class=\"\"><span class=\"\">TRENES PARA EL PROGRESO<\/span><\/b><\/div>\n<div class=\"\"><span class=\"\">Morales record\u00f3 que el radicalismo en 2012 present\u00f3 una iniciativa legislativa y realiz\u00f3 una campa\u00f1a para recuperar Ferrocarriles Argentinos, tema que valor\u00f3 como central para dinamizar las econom\u00edas regionales y reducir las disparidades que hoy afectan a la producci\u00f3n por los altos costos de transporte y flete. Por eso \u201caplaud\u00ed el anuncio de la Presidenta en la materia\u201d, dijo. El proyecto del radicalismo incluye adem\u00e1s una propuesta de recuperaci\u00f3n de la industria ferroviaria.<\/span><\/div>\n<div id=\"ecxyui_3_16_0_1_1425378377939_10706\" class=\"\"><span id=\"ecxyui_3_16_0_1_1425378377939_10705\" class=\"\">\u201cHay que recuperar los ferrocarriles y la industria ferroviaria, porque lo que hizo el justicialismo en los 90 de entregar los ferrocarriles fue la tragedia m\u00e1s importante para muchos pueblos, incluidos los de Jujuy\u201d manifest\u00f3 el l\u00edder radical.<\/span><\/div>\n<div class=\"\"><span class=\"\">Consider\u00f3 Morales que el Estado debe hacerse cargo del transporte de trenes de pasajeros y de carga, de la infraestructura y del servicio, y que en ese esquema tal vez podr\u00eda quedar s\u00f3lo concesionada alguna l\u00ednea tur\u00edstica.<\/span><\/div>\n<div id=\"ecxyui_3_16_0_1_1425378377939_10704\" class=\"\"><span class=\"\">\u00a0<\/span><\/div>\n<div id=\"ecxyui_3_16_0_1_1425378377939_10703\" class=\"\"><b class=\"\"><span class=\"\">\u00a0<\/span><\/b><\/div>\n<div id=\"ecxyui_3_16_0_1_1425378377939_8050\" class=\"\"><b class=\"\"><span class=\"\">LA CONVENCION RADICAL<\/span><\/b><\/div>\n<div class=\"\"><b class=\"\"><span class=\"\">PASOS AMPLIADAS Y UNA<\/span><\/b><\/div>\n<div id=\"ecxyui_3_16_0_1_1425378377939_10702\" class=\"\"><b class=\"\"><span class=\"\">FORMULA RADICAL COMPETITIVA<\/span><\/b><\/div>\n<div id=\"ecxyui_3_16_0_1_1425378377939_10663\" class=\"\"><span class=\"\">\u00a0<\/span><\/div>\n<div id=\"ecxyui_3_16_0_1_1425378377939_8052\" class=\"\"><span id=\"ecxyui_3_16_0_1_1425378377939_8051\" class=\"\">Por \u00faltimo, el titular del radicalismo juje\u00f1o, se refiri\u00f3 a la Convenci\u00f3n Nacional de la UCR que se celebrar\u00e1 el 14 de este mes en Gualeguaych\u00fa (Entre R\u00edos). En ese contexto, el partido deber\u00e1 adoptar decisiones estrat\u00e9gicas de cara a octubre. Morales volver\u00e1 a insistir en la propuesta de unas PASO ampliadas que le permita al radicalismo participar en un esquema junto a otras fuerzas opositoras, incluidas UNEN, FR, PRO. Pero adem\u00e1s Gerardo Morales, indic\u00f3 que urge que el radicalismo defina una f\u00f3rmula propia para participar de ese esquema.<\/span><\/div>\n<div id=\"ecxyui_3_16_0_1_1425378377939_10701\" class=\"\"><span id=\"ecxyui_3_16_0_1_1425378377939_10700\" class=\"\">\u201cEl radicalismo tiene que tomar la decisi\u00f3n de convocar a unas PASO a todas las fuerzas pol\u00edticas que quieren el cambio. Y creo que la Convenci\u00f3n debe elegir f\u00f3rmula radical, no podemos dilatar m\u00e1s esa definici\u00f3n porque la ausencia de plan y las candidaturas a media m\u00e1quina nos hicieron mucho da\u00f1o\u201d interpret\u00f3.<\/span><\/div>\n<div id=\"ecxyui_3_16_0_1_1425378377939_7676\"><\/div>\n","protected":false},"excerpt":{"rendered":"<p>El senador nacional Gerardo Morales, precandidato a Gobernador por Jujuy, mantuvo un encuentro informal con trabajadores de prensa de la provincia en el Instituto de Pol\u00edticas P\u00fablicas, -\u00f3rgano t\u00e9cnico que trabaja en la formulaci\u00f3n de un programa alternativo de gobierno. All\u00ed analiz\u00f3 diversos temas de la agenda pol\u00edtica y en particular anticip\u00f3 algunas l\u00edneas del [&hellip;]<\/p>\n","protected":false},"author":1,"featured_media":18263,"comment_status":"open","ping_status":"open","sticky":false,"template":"","format":"standard","meta":{"_stopmodifiedupdate":false,"_modified_date":"","inline_featured_image":false,"spay_email":"","jetpack_publicize_message":""},"categories":[485],"tags":[],"jetpack_featured_media_url":"https:\/\/notinor.com\/jujuy\/wp-content\/uploads\/2015\/03\/morales.jpg","jetpack_publicize_connections":[],"_links":{"self":[{"href":"https:\/\/notinor.com\/jujuy\/wp-json\/wp\/v2\/posts\/18259"}],"collection":[{"href":"https:\/\/notinor.com\/jujuy\/wp-json\/wp\/v2\/posts"}],"about":[{"href":"https:\/\/notinor.com\/jujuy\/wp-json\/wp\/v2\/types\/post"}],"author":[{"embeddable":true,"href":"https:\/\/notinor.com\/jujuy\/wp-json\/wp\/v2\/users\/1"}],"replies":[{"embeddable":true,"href":"https:\/\/notinor.com\/jujuy\/wp-json\/wp\/v2\/comments?post=18259"}],"version-history":[{"count":1,"href":"https:\/\/notinor.com\/jujuy\/wp-json\/wp\/v2\/posts\/18259\/revisions"}],"predecessor-version":[{"id":18261,"href":"https:\/\/notinor.com\/jujuy\/wp-json\/wp\/v2\/posts\/18259\/revisions\/18261"}],"wp:featuredmedia":[{"embeddable":true,"href":"https:\/\/notinor.com\/jujuy\/wp-json\/wp\/v2\/media\/18263"}],"wp:attachment":[{"href":"https:\/\/notinor.com\/jujuy\/wp-json\/wp\/v2\/media?parent=18259"}],"wp:term":[{"taxonomy":"category","embeddable":true,"href":"https:\/\/notinor.com\/jujuy\/wp-json\/wp\/v2\/categories?post=18259"},{"taxonomy":"post_tag","embeddable":true,"href":"https:\/\/notinor.com\/jujuy\/wp-json\/wp\/v2\/tags?post=18259"}],"curies":[{"name":"wp","href":"https:\/\/api.w.org\/{rel}","templated":true}]}}