{"id":179846,"date":"2018-06-21T09:00:48","date_gmt":"2018-06-21T12:00:48","guid":{"rendered":"http:\/\/notinor.com\/jujuy\/?p=179846"},"modified":"2018-06-21T09:17:30","modified_gmt":"2018-06-21T12:17:30","slug":"europa-convoca-a-una-cumbre-urgente-por-la-crisis-de-los-inmigrantes","status":"publish","type":"post","link":"https:\/\/notinor.com\/jujuy\/europa-convoca-a-una-cumbre-urgente-por-la-crisis-de-los-inmigrantes\/","title":{"rendered":"Europa convoca a una cumbre urgente por la crisis de los inmigrantes"},"content":{"rendered":"<p><img decoding=\"async\" loading=\"lazy\" class=\"alignnone size-medium wp-image-179847\" src=\"http:\/\/notinor.com\/jujuy\/wp-content\/uploads\/2018\/06\/crisis-inmigrantes-647x365.jpg\" alt=\"\" width=\"647\" height=\"365\" srcset=\"https:\/\/notinor.com\/jujuy\/wp-content\/uploads\/2018\/06\/crisis-inmigrantes-647x365.jpg 647w, https:\/\/notinor.com\/jujuy\/wp-content\/uploads\/2018\/06\/crisis-inmigrantes-768x434.jpg 768w, https:\/\/notinor.com\/jujuy\/wp-content\/uploads\/2018\/06\/crisis-inmigrantes-840x474.jpg 840w, https:\/\/notinor.com\/jujuy\/wp-content\/uploads\/2018\/06\/crisis-inmigrantes.jpg 930w\" sizes=\"(max-width: 647px) 100vw, 647px\" \/><\/p>\n<p>El cierre de los puertos italianos a los barcos de las ONGs que rescatan inmigrantes y refugiados en el Mediterr\u00e1neo y la presi\u00f3n de la CSU b\u00e1vara sobre Angela Merkel devolvieron a la clase pol\u00edtica europea a la histeria de finales de 2015 a pesar de que las llegadas de migrantes se redujeron el a\u00f1o pasado un 40%.<\/p>\n<p>El gobierno populista italiano encabezado por la xen\u00f3foba Liga y el Movimiento 5 estrellas \u2013propugna medidas como hacer un censo de gitanos, algo que no se ve\u00eda en Italia desde las leyes raciales de Mussolini- no acepta m\u00e1s buques y los aliados b\u00e1varos de Merkel amenazan con cerrar la frontera sur de Alemania.<\/p>\n<p>La presi\u00f3n sobre la jefa del gobierno alem\u00e1n, que podr\u00eda verse abocada a elecciones o a cambiar de coalici\u00f3n si la CSU le retira su apoyo, llev\u00f3 a Bruselas a tomar la iniciativa para salvar a Angela Merkel.<\/p>\n<p>En ese marco de preocupaci\u00f3n, el presidente de la Comisi\u00f3n Europea anunci\u00f3 ayer la convocatoria de una cumbre extraordinaria para este domingo en Bruselas.<\/p>\n<p>Participar\u00e1n Francia, Alemania, Italia, Espa\u00f1a, Malta, Grecia, Bulgaria (presidencia semestral del bloque), Austria (presidencia a partir del 1 de julio), Holanda y B\u00e9lgica. Par\u00eds y Berl\u00edn invitaron a Grecia, Italia y Espa\u00f1a a decidir a qu\u00e9 puertos ir\u00e1n los buques de las ONGs.<\/p>\n<p>Los europeos llevan tres a\u00f1os buscando una quim\u00e9rica pol\u00edtica migratoria com\u00fan. Mientras Alemania aceptaba en un a\u00f1o a m\u00e1s de un mill\u00f3n de refugiados \u2013la mayor\u00eda sirios e iraqu\u00edes-, sus vecinos al este \u2013Hungr\u00eda, Polonia, Rep\u00fablica Checa y Eslovaquia- se negaban a participar en el sistema de cuotas que Bruselas hab\u00eda organizado para repartir a esos peticionarios de asilo.<\/p>\n<p>El Reino Unido est\u00e1 desaparecido, Espa\u00f1a est\u00e1 recibiendo varios cientos de personas al d\u00eda por el Estrecho de Gibraltar y Francia se pone de perfil. La pol\u00edtica migratoria en Europa es t\u00f3xica. Alimenta a las ultraderechas y hace que los partidos conservadores tradicionales copien sus discursos \u2013y en algunos casos sus pol\u00edticas- ante el temor a la p\u00e9rdida de votos.<\/p>\n<p>Pero las crisis en Oriente Medio y \u00c1frica no entienden de procesos electorales europeos y los migrantes, aunque en menor n\u00famero por las medidas tomadas para financiar desde Europa a milicias libias para que cierren la salida a los gomones o a Turqu\u00eda para que atienda algo mejor a los 3,5 millones de refugiados que tiene en su territorio, siguen llegando.<\/p>\n<p>Gobiernos te\u00f3ricamente liberales como el belga tienen ministros de Migraci\u00f3n como el xen\u00f3fobo Theo Francken que lleg\u00f3 a decir que los pasajeros del buque que recibi\u00f3 Espa\u00f1a eran todos de Bangladesh y por lo tanto no ten\u00edan derecho a asilo.<\/p>\n<p>Pero, las autoridades espa\u00f1olas encontraron a tres bangladesh\u00edes entre 629 personas.<\/p>\n<p>La \u00faltima idea es la creaci\u00f3n de \u201cplataformas de desembarco\u201d, campos de concentraci\u00f3n situados en pa\u00edses como T\u00fanez o Albania donde se estudiar\u00edan las peticiones de asilo de refugiados y se organizar\u00eda la deportaci\u00f3n de migrantes econ\u00f3micos, a pesar de que Europa no consigue devolver a sus pa\u00edses ni al 40 por ciento de los que reciben una orden de expulsi\u00f3n.<\/p>\n<p>Esa \u00faltima idea, que se terminar\u00eda de discutir en la cumbre europea ordinaria prevista para los d\u00edas 28 y 29 de este mes, servir\u00eda a la vez para que Italia no recibiera m\u00e1s buques y para que la CSU b\u00e1vara dejara de amenazar a Merkel con tumbarle el gobierno.<\/p>\n<p>T\u00fanez ser\u00eda una salida \u201clegal\u201d porque Naciones Unidas y la Justicia europea no consideran a Libia \u201cpa\u00eds seguro\u201d para devolver a quienes salieron de sus costas.<\/p>\n<p>Otra idea es dotar a la agencia europea de fronteras, Frontex, de 10.000 agentes que controlar\u00edan las fronteras exteriores del bloque. Una iniciativa que no avanza porque algunos pa\u00edses, como Espa\u00f1a, se niegan a ceder el control de las lindes de sus enclaves africanos de Ceuta y Melilla. O Grecia su frontera terrestre con Turqu\u00eda.<\/p>\n<p>A la prioridad absoluta de sellar todo lo posible las fronteras exteriores de la Uni\u00f3n Europea \u2013que se vende con el argumento de que s\u00f3lo eso permitir\u00eda mantener las fronteras internas abiertas-, se une ahora la urgencia por salvar a Merkel.<\/p>\n","protected":false},"excerpt":{"rendered":"<p>El cierre de los puertos italianos a los barcos de las ONGs que rescatan inmigrantes y refugiados en el Mediterr\u00e1neo y la presi\u00f3n de la CSU b\u00e1vara sobre Angela Merkel devolvieron a la clase pol\u00edtica europea a la histeria de finales de 2015 a pesar de que las llegadas de migrantes se redujeron el a\u00f1o [&hellip;]<\/p>\n","protected":false},"author":1,"featured_media":179847,"comment_status":"open","ping_status":"open","sticky":false,"template":"","format":"standard","meta":{"_stopmodifiedupdate":false,"_modified_date":"","inline_featured_image":false,"spay_email":"","jetpack_publicize_message":""},"categories":[6],"tags":[],"jetpack_featured_media_url":"https:\/\/notinor.com\/jujuy\/wp-content\/uploads\/2018\/06\/crisis-inmigrantes.jpg","jetpack_publicize_connections":[],"_links":{"self":[{"href":"https:\/\/notinor.com\/jujuy\/wp-json\/wp\/v2\/posts\/179846"}],"collection":[{"href":"https:\/\/notinor.com\/jujuy\/wp-json\/wp\/v2\/posts"}],"about":[{"href":"https:\/\/notinor.com\/jujuy\/wp-json\/wp\/v2\/types\/post"}],"author":[{"embeddable":true,"href":"https:\/\/notinor.com\/jujuy\/wp-json\/wp\/v2\/users\/1"}],"replies":[{"embeddable":true,"href":"https:\/\/notinor.com\/jujuy\/wp-json\/wp\/v2\/comments?post=179846"}],"version-history":[{"count":1,"href":"https:\/\/notinor.com\/jujuy\/wp-json\/wp\/v2\/posts\/179846\/revisions"}],"predecessor-version":[{"id":179848,"href":"https:\/\/notinor.com\/jujuy\/wp-json\/wp\/v2\/posts\/179846\/revisions\/179848"}],"wp:featuredmedia":[{"embeddable":true,"href":"https:\/\/notinor.com\/jujuy\/wp-json\/wp\/v2\/media\/179847"}],"wp:attachment":[{"href":"https:\/\/notinor.com\/jujuy\/wp-json\/wp\/v2\/media?parent=179846"}],"wp:term":[{"taxonomy":"category","embeddable":true,"href":"https:\/\/notinor.com\/jujuy\/wp-json\/wp\/v2\/categories?post=179846"},{"taxonomy":"post_tag","embeddable":true,"href":"https:\/\/notinor.com\/jujuy\/wp-json\/wp\/v2\/tags?post=179846"}],"curies":[{"name":"wp","href":"https:\/\/api.w.org\/{rel}","templated":true}]}}