{"id":179829,"date":"2018-06-21T08:47:47","date_gmt":"2018-06-21T11:47:47","guid":{"rendered":"http:\/\/notinor.com\/jujuy\/?p=179829"},"modified":"2018-06-21T08:48:19","modified_gmt":"2018-06-21T11:48:19","slug":"wall-street-mejoro-la-nota-el-mercado-argentino-ascendio-a-emergente","status":"publish","type":"post","link":"https:\/\/notinor.com\/jujuy\/wall-street-mejoro-la-nota-el-mercado-argentino-ascendio-a-emergente\/","title":{"rendered":"Wall Street nos mejor\u00f3 la nota y el mercado argentino ascendi\u00f3 a \"emergente\""},"content":{"rendered":"<p><img decoding=\"async\" loading=\"lazy\" class=\"alignnone size-medium wp-image-179831\" src=\"http:\/\/notinor.com\/jujuy\/wp-content\/uploads\/2018\/06\/morgan-stanley-2-548x365.jpg\" alt=\"\" width=\"548\" height=\"365\" srcset=\"https:\/\/notinor.com\/jujuy\/wp-content\/uploads\/2018\/06\/morgan-stanley-2-548x365.jpg 548w, https:\/\/notinor.com\/jujuy\/wp-content\/uploads\/2018\/06\/morgan-stanley-2-768x511.jpg 768w, https:\/\/notinor.com\/jujuy\/wp-content\/uploads\/2018\/06\/morgan-stanley-2-721x480.jpg 721w, https:\/\/notinor.com\/jujuy\/wp-content\/uploads\/2018\/06\/morgan-stanley-2-400x266.jpg 400w, https:\/\/notinor.com\/jujuy\/wp-content\/uploads\/2018\/06\/morgan-stanley-2.jpg 880w\" sizes=\"(max-width: 548px) 100vw, 548px\" \/><\/p>\n<p>La calificadora MSCI -una empresa dedicada a clasificar los mercados de todo el mundo- consider\u00f3 que la Argentina vuelve a ser un \u201cmercado emergente\u201d, una condici\u00f3n que hab\u00eda perdido en 2009 cuando el gobierno de Cristina Kirchner comenz\u00f3 a aplicar controles a los capitales.<\/p>\n<p>La noticia fue anunciada el mi\u00e9rcoles por Morgan Stanley Composite Index a trav\u00e9s de un comunicado a las 17.30 en punto. Pr\u00e1cticamente al mismo tiempo, se supo tambi\u00e9n la formalizaci\u00f3n del cr\u00e9dito del FMI que se aprob\u00f3 en Washington, redondeando as\u00ed una jornada con buenas noticias. Se espera que estas dos noticias favorables para la econom\u00eda y el Gobierno, refuercen el jueves la tendencia de mayor estabilidad en el d\u00f3lar que ya se hab\u00eda registrdo lunes y martes en comparaci\u00f3n a las semanas previas.<\/p>\n<p>Argentina fue recategorizada como econom\u00eda emergente como consecuencia de una consulta que MSCI realiz\u00f3 entre analistas de varios pa\u00edses del mundo durante dos semanas de mayo, un per\u00edodo en que la crisis cambiaria parec\u00eda no ceder. Sin embargo, la volatilidad del d\u00f3lar no pesa en la decisi\u00f3n a la hora de mejorar la nota de una econom\u00eda.<\/p>\n<p>\u201cEs una noticia positiva que se suma a la sensaci\u00f3n de mayor manejo de la situaci\u00f3n que emana del nuevo equipo del Banco Central\u201d, opina por su parte Javier Alvaredo, economista y director de ACM. \u201cLos indicadores financieros de hoy ser\u00e1n positivos, habr\u00e1 mejoras en el Merval, el EMBI y m\u00e1s calma cambiaria. Esto \u00faltimo es clave para poder emprender de una vez el ciclo bajista de las tasas\u201d. El martes, en la licitaci\u00f3n de las Lebac, el Banco Central subi\u00f3 las tasas a 47%. \u201cLas tasas subieron naturalmente porque cerramos los grifos para no financiar al que eventualmente quiera ir al d\u00f3lar\u201d, dijo ese mismo d\u00eda y tras la licitaci\u00f3n, Luis Caputo, titular del BCRA.<\/p>\n<p>Empresarios y banqueros celebraron el mi\u00e9rcoles la noticia. Lo mismo que las autoridades del Gobierno. \u201cHubo dos buenas noticias -dijeron ayer desde Hacienda-, el apoyo del FMI y la reclasificaci\u00f3n argentina a mercado de frontera. Habr\u00e1 acceso a capital m\u00e1s barato\u201d.<\/p>\n<p>El Gobierno argentino hizo varios esfuerzos para volver a la categor\u00eda de emergente, una etiqueta que se perdi\u00f3 en 2009 por las decisiones econ\u00f3micas del gobierno de Cristina Kirchner.<\/p>\n<p>Por impulso del propio Caputo, el Congreso aprob\u00f3 este a\u00f1o la Ley de Financiamiento Productivo. Esa norma, seg\u00fan afirm\u00f3 el propio Caputo, era una de las condiciones necesarias para que los mercados argentinos dejaran de ser \u201cfronterizos\u201d.<\/p>\n<p>La categor\u00eda de \u201cmercado de frontera\u201d imped\u00eda que fondos de inversi\u00f3n del mundo compraran acciones o bonos argentinos. Seg\u00fan estimaciones de JP Morgan y Morgan Stanley, podr\u00edan ingresar fondos entre US$ 3.500 millones y US$ 5.500 millones.<\/p>\n<h2><strong>El festejo del presidente<\/strong><\/h2>\n<p>El presidente Mauricio Macri celebr\u00f3 este mi\u00e9rcoles por la noche suba de categor\u00eda de Argentina como mercado emergente a trav\u00e9s de un mensaje publicado en Facebook y Twitter.<\/p>\n<blockquote class=\"twitter-tweet\" data-width=\"500\" data-dnt=\"true\">\n<p lang=\"es\" dir=\"ltr\">\u00a1Buenas noticias! La Argentina vuelve a ser mercado emergente y se abre a la llegada de capitales externos <a href=\"https:\/\/twitter.com\/hashtag\/ArgentinaEmergente?src=hash&amp;ref_src=twsrc%5Etfw\">#ArgentinaEmergente<\/a> <a href=\"https:\/\/t.co\/Q8MzNGI4oL\">https:\/\/t.co\/Q8MzNGI4oL<\/a> <a href=\"https:\/\/t.co\/I6FDnuDlyD\">pic.twitter.com\/I6FDnuDlyD<\/a><\/p>\n<p>&mdash; Mauricio Macri (@mauriciomacri) <a href=\"https:\/\/twitter.com\/mauriciomacri\/status\/1009595873007939585?ref_src=twsrc%5Etfw\">June 21, 2018<\/a><\/p><\/blockquote>\n<p><script async src=\"https:\/\/platform.twitter.com\/widgets.js\" charset=\"utf-8\"><\/script><\/p>\n<p>\"\u00a1Buena noticia!LA ARGENTINA VUELVE A SER MERCADO EMERGENTE Y SE ABRE A LA LLEGADA DE CAPITALES EXTERNOS\", escribi\u00f3 con may\u00fasculas Macri. Sus palabras est\u00e1n acompa\u00f1adas por una captura de TV en la que se lo ve reunido con la directora general del FMI, Christine Lagarde, con el sobreimpreso que cuenta la buena noticia conocida en horas de la tarde.<\/p>\n<p>\"Este es el resultado de un trabajo de 30 meses de llevar al pa\u00eds por el camino correcto para recuperar el estatus que perdimos en 2009, cuando fuimos considerados un mercado fronterizo, l\u00edmite, por la aplicaci\u00f3n de pol\u00edticas econ\u00f3micas que produjeron aislamiento, estancamiento y desconfianza entre los inversores\".<\/p>\n<p>Y cerr\u00f3: \"Gracias a esta reclasificaci\u00f3n, muchas m\u00e1s empresas invertir\u00e1n en el pa\u00eds, tendremos acceso a capital m\u00e1s barato y se generar\u00e1n nuevos empleos. Hoy el mundo reconoce que estamos haciendo las cosas bien y nos acompa\u00f1a poni\u00e9ndonos al mismo nivel de las econom\u00edas confiables, las econom\u00edas que crecen\".<\/p>\n<p>La decisi\u00f3n de la suba de categor\u00eda de la Argentina fue anunciada por MSCI en un comunicado y, junto a la formalizaci\u00f3n del cr\u00e9dito del FMI que se anunci\u00f3 en Washington, redondearon un mi\u00e9rcoles con buenas noticias en medio de la turbulencia financiera de los \u00faltimos d\u00edas.<\/p>\n<p>La informaci\u00f3n surge de una consulta entre analistas de MSCI de varios pa\u00edses del mundo realizada durante dos semanas de mayo, un per\u00edodo en que la crisis cambiaria se encontraba en su peor momento.<\/p>\n<p>El pa\u00eds hab\u00eda perdido la condici\u00f3n de mercado emergente en 2009.<\/p>\n","protected":false},"excerpt":{"rendered":"<p>La calificadora MSCI -una empresa dedicada a clasificar los mercados de todo el mundo- consider\u00f3 que la Argentina vuelve a ser un \u201cmercado emergente\u201d, una condici\u00f3n que hab\u00eda perdido en 2009 cuando el gobierno de Cristina Kirchner comenz\u00f3 a aplicar controles a los capitales. La noticia fue anunciada el mi\u00e9rcoles por Morgan Stanley Composite Index [&hellip;]<\/p>\n","protected":false},"author":1,"featured_media":179831,"comment_status":"open","ping_status":"open","sticky":false,"template":"","format":"standard","meta":{"_stopmodifiedupdate":false,"_modified_date":"","inline_featured_image":false,"spay_email":"","jetpack_publicize_message":""},"categories":[5,501],"tags":[],"jetpack_featured_media_url":"https:\/\/notinor.com\/jujuy\/wp-content\/uploads\/2018\/06\/morgan-stanley-2.jpg","jetpack_publicize_connections":[],"_links":{"self":[{"href":"https:\/\/notinor.com\/jujuy\/wp-json\/wp\/v2\/posts\/179829"}],"collection":[{"href":"https:\/\/notinor.com\/jujuy\/wp-json\/wp\/v2\/posts"}],"about":[{"href":"https:\/\/notinor.com\/jujuy\/wp-json\/wp\/v2\/types\/post"}],"author":[{"embeddable":true,"href":"https:\/\/notinor.com\/jujuy\/wp-json\/wp\/v2\/users\/1"}],"replies":[{"embeddable":true,"href":"https:\/\/notinor.com\/jujuy\/wp-json\/wp\/v2\/comments?post=179829"}],"version-history":[{"count":2,"href":"https:\/\/notinor.com\/jujuy\/wp-json\/wp\/v2\/posts\/179829\/revisions"}],"predecessor-version":[{"id":179833,"href":"https:\/\/notinor.com\/jujuy\/wp-json\/wp\/v2\/posts\/179829\/revisions\/179833"}],"wp:featuredmedia":[{"embeddable":true,"href":"https:\/\/notinor.com\/jujuy\/wp-json\/wp\/v2\/media\/179831"}],"wp:attachment":[{"href":"https:\/\/notinor.com\/jujuy\/wp-json\/wp\/v2\/media?parent=179829"}],"wp:term":[{"taxonomy":"category","embeddable":true,"href":"https:\/\/notinor.com\/jujuy\/wp-json\/wp\/v2\/categories?post=179829"},{"taxonomy":"post_tag","embeddable":true,"href":"https:\/\/notinor.com\/jujuy\/wp-json\/wp\/v2\/tags?post=179829"}],"curies":[{"name":"wp","href":"https:\/\/api.w.org\/{rel}","templated":true}]}}